{"id":147058,"date":"2025-09-29T18:47:10","date_gmt":"2025-09-29T18:47:10","guid":{"rendered":"https:\/\/www.europesays.com\/es\/147058\/"},"modified":"2025-09-29T18:47:10","modified_gmt":"2025-09-29T18:47:10","slug":"la-disputa-por-el-jackson-pollock-de-68-millones-perdido-de-steve-mcqueen","status":"publish","type":"post","link":"https:\/\/www.europesays.com\/es\/147058\/","title":{"rendered":"la disputa por el Jackson Pollock de 68 millones perdido de Steve McQueen"},"content":{"rendered":"<p><img decoding=\"async\" class=\"voc-author__img\" src=\"https:\/\/www.europesays.com\/es\/wp-content\/uploads\/2025\/08\/autor-5532-foto-4.png\" alt=\"David S\u00e1nchez de Castro\"\/><\/p>\n<p class=\"voc-p\" style=\"\">La historia tiene todos los ingredientes de un thriller de Hollywood: un icono del cine, una obra de arte multimillonaria, un viejo acuerdo nunca cumplido y una batalla legal que llega medio siglo despu\u00e9s. En el centro de la tormenta est\u00e1 un cuadro de <strong>Jackson Pollock<\/strong>, valorado en 68 millones de d\u00f3lares, que hoy cuelga en la pared del sal\u00f3n de un abogado en Carolina del Sur, pero que la <a href=\"https:\/\/www.abc.es\/xlsemanal\/personajes\/fotos-ineditas-steve-mcqueen-john-dominis.html\" title=\"www.abc.es\" data-voc-vtm-id=\"in-text-traffic\" data-mrf-link=\"www.abc.es\" rel=\"nofollow noopener\" target=\"_blank\">nieta de Steve McQueen<\/a> asegura que pertenece a su familia.<\/p>\n<p class=\"voc-p\" style=\"\"><strong>Molly McQueen<\/strong>, heredera del m\u00edtico actor apodado el &#8216;Rey del Cool&#8217;, ha presentado una demanda ante el tribunal superior de Los \u00c1ngeles para reclamar la propiedad de la pintura. Su argumento es tan sencillo como explosivo: el cuadro nunca debi\u00f3 abandonar el patrimonio de su abuelo. Seg\u00fan la versi\u00f3n presentada ante la justicia, el protagonista de legendarias pel\u00edculas como <strong>&#8216;Bullit&#8217;<\/strong>, <strong>&#8216;Las 24 horas de Le Mans&#8217;<\/strong> o <strong>&#8216;El secreto de Thomas Crown&#8217;<\/strong> transfiri\u00f3 la obra a <strong>Rudolph y Pamela Borchert<\/strong> \u2014padres del abogado Brent Borchert\u2014 en los a\u00f1os sesenta como parte de un intercambio pactado que inclu\u00eda una motocicleta y una propiedad en Latigo Canyon, California.<\/p>\n<p class=\"voc-p\" style=\"\">El acuerdo, sin embargo, se torci\u00f3. <strong>Uno de los Borchert estrell\u00f3 la moto y la casa nunca cambi\u00f3 de manos<\/strong>. McQueen, sostiene la demanda, \u00abreclam\u00f3 la devoluci\u00f3n del cuadro en un plazo razonable\u00bb, pero la pintura jam\u00e1s fue devuelta. Hoy, m\u00e1s de cuarenta a\u00f1os despu\u00e9s de la muerte del actor, su nieta exige que la obra vuelva a donde pertenece.<\/p>\n<p class=\"voc-p\" style=\"\">Para Brent Borchert, que creci\u00f3 viendo el Pollock colgado en el sal\u00f3n familiar, el pleito ha ca\u00eddo como un rayo. \u00abEsto me suena vagamente\u00bb, admite en <a href=\"https:\/\/www.mirror.co.uk\/3am\/celebrity-news\/legend-steve-mcqueens-family-incredible-35935532\" target=\"_blank\" title=\"www.mirror.co.uk\" data-voc-vtm-id=\"in-text-traffic\" data-mrf-link=\"www.mirror.co.uk\" rel=\"nofollow noopener\">declaraciones al Mirror<\/a>. \u00abNo s\u00e9 si siquiera hab\u00eda nacido cuando se hizo el trato\u2026 Nunca fue un tema del que habl\u00e1ramos en casa. Una vez pregunt\u00e9 a mi madre por el cuadro y me dijo que mi padre hab\u00eda hecho alg\u00fan tipo de acuerdo. Recuerdo algo sobre una motocicleta y una casa, pero todo es muy confuso\u00bb.<\/p>\n<p class=\"voc-p\" style=\"\">Lo cierto es que McQueen y Rudolph Borchert eran amigos. Les un\u00eda <a href=\"https:\/\/www.facebook.com\/motosmcqueen\/?locale=es_ES\" title=\"www.facebook.com\" data-voc-vtm-id=\"in-text-traffic\" data-mrf-link=\"www.facebook.com\" rel=\"nofollow noopener\" target=\"_blank\">la pasi\u00f3n por las motos<\/a>, una afici\u00f3n que marc\u00f3 la vida del actor \u2014que en &#8216;La gran evasi\u00f3n&#8217; (1963) dej\u00f3 una huella imborrable a los mandos de una <strong>una Triumph TR6 Trophy<\/strong> y lleg\u00f3 a competir en varias pruebas de motocross\u2014 y tambi\u00e9n la del abogado, que recuerda a su padre \u00abrecorriendo las monta\u00f1as en moto\u00bb y participando en encuentros con el protagonista de <strong>Bullitt (1968)<\/strong>.<\/p>\n<p class=\"voc-p\" style=\"\">En uno de esos paseos, asegura Brent, su padre sufri\u00f3 un accidente que lo llev\u00f3 al hospital. \u00abS\u00e9 que ten\u00eda una moto especial, dif\u00edcil de conseguir, y que la estrell\u00f3. Mi madre iba con \u00e9l. Despu\u00e9s de aquello, se prohibi\u00f3 hablar de motos en casa\u00bb. Esa era la montura en cuesti\u00f3n que iba a ser propiedad de McQueen.<\/p>\n<p class=\"voc-p\" style=\"\">El Pollock, mientras tanto, sigui\u00f3 colgado en la pared como si nada. \u00abDe ni\u00f1o era solo otro cuadro. Nunca pensamos en venderlo. Jackson Pollock no era tan famoso entonces y nosotros no necesit\u00e1bamos el dinero\u00bb, recuerda. Hoy, <strong>la pieza es una de las joyas del expresionismo abstracto<\/strong> y podr\u00eda superar con creces su valoraci\u00f3n actual si saliera a subasta.<\/p>\n<p class=\"voc-p\" style=\"\">Brent, que comparte la propiedad con su hermana Bettina, asegura que no busca un enfrentamiento. \u00abSi pueden demostrar que algo no se hizo bien, estoy dispuesto a llegar a un acuerdo. Pero si no pueden, no lo har\u00e9\u00bb, dice con calma.<\/p>\n<p class=\"voc-title\">\u00abSi pueden demostrar que algo no se hizo bien, estoy dispuesto a llegar a un acuerdo. Pero si no pueden, no lo har\u00e9\u00bb<\/p>\n<p class=\"voc-article-position__name\">Brent Borchert<\/p>\n<p class=\"voc-article-position__employ\">Abogado al que la nieta de Steve McQueen reclama el cuadro de Jackson Pollock<\/p>\n<p class=\"voc-p\" style=\"\">El caso ahora est\u00e1 en manos de los tribunales, que deber\u00e1n decidir si la pintura cambi\u00f3 de due\u00f1o de forma leg\u00edtima o si, como sostiene la familia McQueen, sigue formando parte de un legado interrumpido por un trato incumplido. Sea cual sea el veredicto, la historia ha reabierto un cap\u00edtulo olvidado de la vida del &#8216;Rey del Cool&#8217; y ha recordado que, en el mundo del arte, el pasado nunca se da del todo por cerrado.<\/p>\n<p>Reportar un error<\/p>\n","protected":false},"excerpt":{"rendered":"La historia tiene todos los ingredientes de un thriller de Hollywood: un icono del cine, una obra de&hellip;\n","protected":false},"author":2,"featured_media":147059,"comment_status":"","ping_status":"","sticky":false,"template":"","format":"standard","meta":{"footnotes":""},"categories":[173],"tags":[229,233,231,230,5835,232,234,1376,146,147,25,24,2515,45114,4724,22761,13679,45113,20469,23,4665,9644],"class_list":{"0":"post-147058","1":"post","2":"type-post","3":"status-publish","4":"format-standard","5":"has-post-thumbnail","7":"category-arte-y-diseno","8":"tag-arte","9":"tag-arte-y-diseno","10":"tag-arts","11":"tag-arts-and-design","12":"tag-cuadro","13":"tag-design","14":"tag-diseno","15":"tag-disputa","16":"tag-entertainment","17":"tag-entretenimiento","18":"tag-es","19":"tag-espana","20":"tag-jackson","21":"tag-mcqueen","22":"tag-millones","23":"tag-moto","24":"tag-perdido","25":"tag-pollock","26":"tag-roto","27":"tag-spain","28":"tag-steve","29":"tag-trato"},"share_on_mastodon":{"url":"","error":""},"_links":{"self":[{"href":"https:\/\/www.europesays.com\/es\/wp-json\/wp\/v2\/posts\/147058","targetHints":{"allow":["GET"]}}],"collection":[{"href":"https:\/\/www.europesays.com\/es\/wp-json\/wp\/v2\/posts"}],"about":[{"href":"https:\/\/www.europesays.com\/es\/wp-json\/wp\/v2\/types\/post"}],"author":[{"embeddable":true,"href":"https:\/\/www.europesays.com\/es\/wp-json\/wp\/v2\/users\/2"}],"replies":[{"embeddable":true,"href":"https:\/\/www.europesays.com\/es\/wp-json\/wp\/v2\/comments?post=147058"}],"version-history":[{"count":0,"href":"https:\/\/www.europesays.com\/es\/wp-json\/wp\/v2\/posts\/147058\/revisions"}],"wp:featuredmedia":[{"embeddable":true,"href":"https:\/\/www.europesays.com\/es\/wp-json\/wp\/v2\/media\/147059"}],"wp:attachment":[{"href":"https:\/\/www.europesays.com\/es\/wp-json\/wp\/v2\/media?parent=147058"}],"wp:term":[{"taxonomy":"category","embeddable":true,"href":"https:\/\/www.europesays.com\/es\/wp-json\/wp\/v2\/categories?post=147058"},{"taxonomy":"post_tag","embeddable":true,"href":"https:\/\/www.europesays.com\/es\/wp-json\/wp\/v2\/tags?post=147058"}],"curies":[{"name":"wp","href":"https:\/\/api.w.org\/{rel}","templated":true}]}}