{"id":147060,"date":"2025-09-29T18:48:16","date_gmt":"2025-09-29T18:48:16","guid":{"rendered":"https:\/\/www.europesays.com\/es\/147060\/"},"modified":"2025-09-29T18:48:16","modified_gmt":"2025-09-29T18:48:16","slug":"tres-academicos-de-la-ule-publican-un-libro-sobre-la-represion-franquista-con-la-editorial-plaza-y-valdes","status":"publish","type":"post","link":"https:\/\/www.europesays.com\/es\/147060\/","title":{"rendered":"Tres acad\u00e9micos de la ULE publican un libro sobre la represi\u00f3n franquista con la editorial Plaza y Vald\u00e9s"},"content":{"rendered":"<p>    LE\u00d3N 29 Sep. (EUROPA PRESS) &#8211; <\/p>\n<p>   La editorial Plaza y Vald\u00e9s ha publicado el libro titulado &#8216;Represi\u00f3n franquista, resistencia antifranquista y memoria hist\u00f3rica y democr\u00e1tica de las mujeres&#8217;, una obra colectiva firmada por el catedr\u00e1tico de Educaci\u00f3n de la Universidad de Le\u00f3n (ULE) Enrique Javier D\u00edez Guti\u00e9rrez y las doctoras en Historia Contempor\u00e1nea especializadas en estudios de g\u00e9nero, Beatriz Garc\u00eda Prieto y Desir\u00e9e Rodr\u00edguez Mart\u00ednez.<\/p>\n<p>   La obra, planteada con un formato de unidades did\u00e1cticas, ofrece un an\u00e1lisis riguroso y al mismo tiempo accesible sobre la violencia ejercida por la dictadura franquista, la resistencia antifranquista y la recuperaci\u00f3n de la memoria, siempre desde una perspectiva de g\u00e9nero.<\/p>\n<p>   Al tiempo, supone la culminaci\u00f3n de una trilog\u00eda dedicada a la recuperaci\u00f3n de la memoria democr\u00e1tica, iniciada con &#8216;La historia silenciada&#8217; (2022) y &#8216;La memoria hist\u00f3rica democr\u00e1tica de las mujeres&#8217; (2023).<\/p>\n<p>   Su propuesta es pedag\u00f3gica, porque aporta materiales did\u00e1cticos para secundaria y bachillerato, y cultural, porque invita a la ciudadan\u00eda a reflexionar sobre el pasado para comprender mejor el presente y garantizar un futuro democr\u00e1tico, seg\u00fan ha detallado la ULE en un comunicado recogido por Europa Press.<\/p>\n<p>   El texto, acompa\u00f1ado de gr\u00e1ficos, fotograf\u00edas y esquemas, se completa con actividades de comprensi\u00f3n global del tema, an\u00e1lisis de textos y ejercicios de refuerzo y ampliaci\u00f3n.<\/p>\n<p>   Asimismo, en la portada destaca la figura de una mujer rapada, s\u00edmbolo del \u00abcastigo humillante que muchas sufrieron por desafiar el orden franquista\u00bb. \u00abEstas mujeres, despojadas de su cabello en p\u00fablico, fueron convertidas en un espect\u00e1culo de escarnio con el fin de quebrar su dignidad y reafirmar la moral patriarcal del r\u00e9gimen\u00bb, ha indicado la instituci\u00f3n acad\u00e9mica, para subrayar que la imagen evoca la violencia sexual que se ejerci\u00f3 sobre ellas. No obstante, la mujer tambi\u00e9n aparece con el pu\u00f1o levantado, \u00abun s\u00edmbolo de lucha y resistencia ante la opresi\u00f3n de la dictadura franquista\u00bb.<\/p>\n<p>   Los autores justifican la oportunidad de esta obra, necesaria para la educaci\u00f3n y la ciudadan\u00eda, por ser presentada en un momento en el que \u00abresurgen discursos de odio y la extrema derecha gana terreno en Europa\u00bb, y subrayan que \u00abla desmemoria es terreno f\u00e9rtil para la manipulaci\u00f3n pol\u00edtica y medi\u00e1tica, y que el conocimiento del pasado es un pilar fundamental de la democracia\u00bb.<\/p>\n<p>   Es por ello que el volumen aborda las lagunas de los libros de texto tradicionales, integrando la historia de la Segunda Rep\u00fablica, la guerra civil y la dictadura desde una perspectiva de g\u00e9nero, y se convierte en una herramienta imprescindible para alumnado, profesorado, personal investigador, el colectivo de periodista o la ciudadan\u00eda en general que busca comprender mejor el pasado y educar en valores democr\u00e1ticos.<\/p>\n","protected":false},"excerpt":{"rendered":"LE\u00d3N 29 Sep. (EUROPA PRESS) &#8211; La editorial Plaza y Vald\u00e9s ha publicado el libro titulado &#8216;Represi\u00f3n franquista,&hellip;\n","protected":false},"author":2,"featured_media":147061,"comment_status":"","ping_status":"","sticky":false,"template":"","format":"standard","meta":{"footnotes":""},"categories":[172],"tags":[224,146,147,25,24,225,23],"class_list":{"0":"post-147060","1":"post","2":"type-post","3":"status-publish","4":"format-standard","5":"has-post-thumbnail","7":"category-libros","8":"tag-books","9":"tag-entertainment","10":"tag-entretenimiento","11":"tag-es","12":"tag-espana","13":"tag-libros","14":"tag-spain"},"share_on_mastodon":{"url":"","error":""},"_links":{"self":[{"href":"https:\/\/www.europesays.com\/es\/wp-json\/wp\/v2\/posts\/147060","targetHints":{"allow":["GET"]}}],"collection":[{"href":"https:\/\/www.europesays.com\/es\/wp-json\/wp\/v2\/posts"}],"about":[{"href":"https:\/\/www.europesays.com\/es\/wp-json\/wp\/v2\/types\/post"}],"author":[{"embeddable":true,"href":"https:\/\/www.europesays.com\/es\/wp-json\/wp\/v2\/users\/2"}],"replies":[{"embeddable":true,"href":"https:\/\/www.europesays.com\/es\/wp-json\/wp\/v2\/comments?post=147060"}],"version-history":[{"count":0,"href":"https:\/\/www.europesays.com\/es\/wp-json\/wp\/v2\/posts\/147060\/revisions"}],"wp:featuredmedia":[{"embeddable":true,"href":"https:\/\/www.europesays.com\/es\/wp-json\/wp\/v2\/media\/147061"}],"wp:attachment":[{"href":"https:\/\/www.europesays.com\/es\/wp-json\/wp\/v2\/media?parent=147060"}],"wp:term":[{"taxonomy":"category","embeddable":true,"href":"https:\/\/www.europesays.com\/es\/wp-json\/wp\/v2\/categories?post=147060"},{"taxonomy":"post_tag","embeddable":true,"href":"https:\/\/www.europesays.com\/es\/wp-json\/wp\/v2\/tags?post=147060"}],"curies":[{"name":"wp","href":"https:\/\/api.w.org\/{rel}","templated":true}]}}