{"id":147072,"date":"2025-09-29T18:55:07","date_gmt":"2025-09-29T18:55:07","guid":{"rendered":"https:\/\/www.europesays.com\/es\/147072\/"},"modified":"2025-09-29T18:55:07","modified_gmt":"2025-09-29T18:55:07","slug":"cuando-sera-la-luna-llena-de-octubre","status":"publish","type":"post","link":"https:\/\/www.europesays.com\/es\/147072\/","title":{"rendered":"\u00bfCu\u00e1ndo ser\u00e1 la Luna llena de octubre?"},"content":{"rendered":"<p class=\"default__StyledText-sc-oqc75h-0 kDYpOE body-paragraph\">La <b>Luna llena de octubre 2025<\/b> se ver\u00e1 el <b>lunes 6<\/b> a las <b>9:47 p. m.<\/b>, de acuerdo con la informaci\u00f3n publicada por el portal Time and Date.<\/p>\n<p class=\"default__StyledText-sc-oqc75h-0 kDYpOE body-paragraph\">Esta fase, conocida como <b>plenilunio<\/b>, corresponde al momento en que el sat\u00e9lite <b>alcanza su punto m\u00e1s brillante<\/b> y visible desde la Tierra.<\/p>\n<p class=\"default__StyledText-sc-oqc75h-0 kDYpOE body-paragraph\">No abarca todo el d\u00eda, sino que ocurre en un <b>instante preciso<\/b>, definido por la posici\u00f3n relativa entre la Luna, el Sol y la Tierra.<\/p>\n<p class=\"interstitial-link block-margin-bottom\" style=\"min-height:20px;display:inline-block\">LEA M\u00c1S: <a target=\"_blank\" href=\"https:\/\/www.nacion.com\/ciencia\/calendario-lunar-octubre-2025-fechas-clave-y-guia\/OWDTSWY2U5G35EHYF62HRUAP54\/story\/\" aria-label=\"Abrir historia relacionada\" class=\"default__StyledLink-sc-oqc75h-1 lnjDHE\" rel=\"nofollow noopener\">Calendario lunar octubre 2025: fechas clave y gu\u00eda para observar cada cambio del sat\u00e9lite<\/a><\/p>\n<p class=\"default__StyledText-sc-oqc75h-0 kDYpOE body-paragraph\">La Luna llena forma parte de un <b>ciclo lunar de aproximadamente 28 d\u00edas<\/b>, en el que tambi\u00e9n se presentan las otras tres fases: cuarto menguante, Luna nueva y cuarto creciente.<\/p>\n<p class=\"default__StyledText-sc-oqc75h-0 kDYpOE body-paragraph\">En octubre, estas fases ocurren en las siguientes fechas:<\/p>\n<ul class=\"list__StyledUnorderedList-sc-x4v0f8-2 hRTAvP\">\n<li class=\"list__StyledListItem-sc-x4v0f8-0 kNZOls\"><b>Lunes 13 de octubre<\/b>: cuarto menguante a las 12:12 p. m.<\/li>\n<li class=\"list__StyledListItem-sc-x4v0f8-0 kNZOls\"><b>Martes 21 de octubre<\/b>: Luna nueva a las 6:25 a. m.<\/li>\n<li class=\"list__StyledListItem-sc-x4v0f8-0 kNZOls\"><b>Mi\u00e9rcoles 29 de octubre<\/b>: cuarto creciente a las 10:20 a. m.<\/li>\n<\/ul>\n<p class=\"interstitial-link block-margin-bottom\" style=\"min-height:20px;display:inline-block\">LEA M\u00c1S: <a target=\"_blank\" href=\"https:\/\/www.nacion.com\/ciencia\/craneo-de-mas-de-un-millon-de-anos-reabre-el\/KF5UFFAWQRFJLKAX5NN43T6ECQ\/story\/\" aria-label=\"Abrir historia relacionada\" class=\"default__StyledLink-sc-oqc75h-1 lnjDHE\" rel=\"nofollow noopener\">Hallan cr\u00e1neo de m\u00e1s de 900.000 a\u00f1os que podr\u00eda cambiar la teor\u00eda de la evoluci\u00f3n humana<\/a><\/p>\n","protected":false},"excerpt":{"rendered":"La Luna llena de octubre 2025 se ver\u00e1 el lunes 6 a las 9:47 p. m., de acuerdo&hellip;\n","protected":false},"author":2,"featured_media":147073,"comment_status":"","ping_status":"","sticky":false,"template":"","format":"standard","meta":{"footnotes":""},"categories":[81],"tags":[119,123,124,25,24,1935,45115,15891,117,121,122,23,118,120],"class_list":{"0":"post-147072","1":"post","2":"type-post","3":"status-publish","4":"format-standard","5":"has-post-thumbnail","7":"category-ciencia-y-tecnologia","8":"tag-ciencia","9":"tag-ciencia-y-tecnologia","10":"tag-cienciaytecnologia","11":"tag-es","12":"tag-espana","13":"tag-luna","14":"tag-luna-llena","15":"tag-notas-ia","16":"tag-science","17":"tag-science-and-technology","18":"tag-scienceandtechnology","19":"tag-spain","20":"tag-technology","21":"tag-tecnologia"},"share_on_mastodon":{"url":"","error":""},"_links":{"self":[{"href":"https:\/\/www.europesays.com\/es\/wp-json\/wp\/v2\/posts\/147072","targetHints":{"allow":["GET"]}}],"collection":[{"href":"https:\/\/www.europesays.com\/es\/wp-json\/wp\/v2\/posts"}],"about":[{"href":"https:\/\/www.europesays.com\/es\/wp-json\/wp\/v2\/types\/post"}],"author":[{"embeddable":true,"href":"https:\/\/www.europesays.com\/es\/wp-json\/wp\/v2\/users\/2"}],"replies":[{"embeddable":true,"href":"https:\/\/www.europesays.com\/es\/wp-json\/wp\/v2\/comments?post=147072"}],"version-history":[{"count":0,"href":"https:\/\/www.europesays.com\/es\/wp-json\/wp\/v2\/posts\/147072\/revisions"}],"wp:featuredmedia":[{"embeddable":true,"href":"https:\/\/www.europesays.com\/es\/wp-json\/wp\/v2\/media\/147073"}],"wp:attachment":[{"href":"https:\/\/www.europesays.com\/es\/wp-json\/wp\/v2\/media?parent=147072"}],"wp:term":[{"taxonomy":"category","embeddable":true,"href":"https:\/\/www.europesays.com\/es\/wp-json\/wp\/v2\/categories?post=147072"},{"taxonomy":"post_tag","embeddable":true,"href":"https:\/\/www.europesays.com\/es\/wp-json\/wp\/v2\/tags?post=147072"}],"curies":[{"name":"wp","href":"https:\/\/api.w.org\/{rel}","templated":true}]}}