{"id":147082,"date":"2025-09-29T19:08:06","date_gmt":"2025-09-29T19:08:06","guid":{"rendered":"https:\/\/www.europesays.com\/es\/147082\/"},"modified":"2025-09-29T19:08:06","modified_gmt":"2025-09-29T19:08:06","slug":"la-ryder-cup-de-shane-lowry-remata-el-mejor-open-de-espana","status":"publish","type":"post","link":"https:\/\/www.europesays.com\/es\/147082\/","title":{"rendered":"La Ryder Cup de Shane Lowry remata el mejor Open de Espa\u00f1a"},"content":{"rendered":"<p data-mrf-recirculation=\"Links P\u00e1rrafos\" class=\"ue-c-article__paragraph paragraph ue-c-article--first-letter-highlighted\">E<strong>ntre los primeros que debieron descorchar el champ\u00e1n<\/strong> tras el putt de Shane Lowry el domingo en Bethpage (Nueva York) debi\u00f3 estar Gerard Tsobanian,\u00a0 el CEO de Madrid Trophy Promotion, la empresa que explota el Open de Espa\u00f1a de golf. El irland\u00e9s, que ya hab\u00eda sido anunciado y que ya estuvo en la edici\u00f3n del a\u00f1o pasado, ha multiplicado por 10 su valor en el torneo despu\u00e9s del putt que asegur\u00f3 la Ryder Cup para Europa. La cita del 9 al 12 de octubre ser\u00e1 el mejor open nacional hasta donde alcanza la memoria.<\/p>\n<p data-mrf-recirculation=\"Links P\u00e1rrafos\" class=\"ue-c-article__paragraph paragraph\"><strong>El cartel es fabuloso y asombroso para un evento que ni siquiera tiene apellido en esta edici\u00f3n<\/strong>, despu\u00e9s de que Acciona dejase de encabezar el &#8216;naming&#8217; del torneo. El esfuerzo econ\u00f3mico es grande para un torneo que, adem\u00e1s de alcanzar la categor\u00eda de 3,25 millones de d\u00f3lares (bot\u00edn que no supera ning\u00fan torneo de la Europa continental) en premios, luego tiene fijos de salida para atrapar a alguna de las estrellas, moneda com\u00fan en el golf europeo desde hace d\u00e9cadas.\u00a0<\/p>\n<p data-mrf-recirculation=\"Links P\u00e1rrafos\" class=\"ue-c-article__paragraph paragraph\"><strong>Pero la buena voluntad de todas las partes ha permitido concentrar a un grupo de golfistas formidable<\/strong>. A ello ha contribu\u00eddo, adem\u00e1s, que el Augusta National haya designado este evento como uno de los torneos clasificatorios para el Masters -tendr\u00e1 billete el ganador-, lo mismo que el R&amp;A de St. Andrews, que otorga plaza para el Open Brit\u00e1nico al primero de los jugadores que acabe el torneo entre los que a\u00fan no est\u00e1n clasificados. Ese aroma de Masters se refuerza con la presencia de cuatro chaquetas verdes: Danny Willett (2016), Sergio Garc\u00eda (2017), Patrick Reed (2018) y Jon Rahm (2023)<\/p>\n<p data-mrf-recirculation=\"Links P\u00e1rrafos\" class=\"ue-c-article__paragraph paragraph\"><strong>A todos ellos, y a otros ex jugadores del equipo europeo de la Ryder Cup como Rafa Cabrera Bello<\/strong>, Bernd Wiesberger, Nicholas Colsaerts, Ross Fisher, se une Joaqu\u00edn Niemann, el jugador del a\u00f1o con sus cinco victorias en el LIV Golf, aunque acabase derrotado en la general final por Rahm. Aunque el r\u00e1nking mundial ocupe el puesto 108, Datagolf, una web especializada en datos, lo sit\u00faa entre los 20 mejores del momento al chileno.<\/p>\n<p data-mrf-recirculation=\"Links P\u00e1rrafos\" class=\"ue-c-article__paragraph paragraph\"><strong>Los jugadores a seguir se completan con una bater\u00eda de prometedores jugadores espa\u00f1oles<\/strong>. Desde los ya afamados David Puig y Josele Ballester, compa\u00f1eros de Sergio en los Fireballs del LIV, a \u00c1ngel Hidalgo, el defensor del t\u00edtulo, Eugenio L\u00f3pez Chacarra y Alejandro del Rey, vencedores este a\u00f1o en el DP World Tour, y \u00c1ngel Ayora, el \u00faltimo jugador que se sale de lo com\u00fan.<\/p>\n","protected":false},"excerpt":{"rendered":"Entre los primeros que debieron descorchar el champ\u00e1n tras el putt de Shane Lowry el domingo en Bethpage&hellip;\n","protected":false},"author":2,"featured_media":147083,"comment_status":"","ping_status":"","sticky":false,"template":"","format":"standard","meta":{"footnotes":""},"categories":[275],"tags":[168,25,24,329,23,167],"class_list":{"0":"post-147082","1":"post","2":"type-post","3":"status-publish","4":"format-standard","5":"has-post-thumbnail","7":"category-golf","8":"tag-deportes","9":"tag-es","10":"tag-espana","11":"tag-golf","12":"tag-spain","13":"tag-sports"},"share_on_mastodon":{"url":"","error":""},"_links":{"self":[{"href":"https:\/\/www.europesays.com\/es\/wp-json\/wp\/v2\/posts\/147082","targetHints":{"allow":["GET"]}}],"collection":[{"href":"https:\/\/www.europesays.com\/es\/wp-json\/wp\/v2\/posts"}],"about":[{"href":"https:\/\/www.europesays.com\/es\/wp-json\/wp\/v2\/types\/post"}],"author":[{"embeddable":true,"href":"https:\/\/www.europesays.com\/es\/wp-json\/wp\/v2\/users\/2"}],"replies":[{"embeddable":true,"href":"https:\/\/www.europesays.com\/es\/wp-json\/wp\/v2\/comments?post=147082"}],"version-history":[{"count":0,"href":"https:\/\/www.europesays.com\/es\/wp-json\/wp\/v2\/posts\/147082\/revisions"}],"wp:featuredmedia":[{"embeddable":true,"href":"https:\/\/www.europesays.com\/es\/wp-json\/wp\/v2\/media\/147083"}],"wp:attachment":[{"href":"https:\/\/www.europesays.com\/es\/wp-json\/wp\/v2\/media?parent=147082"}],"wp:term":[{"taxonomy":"category","embeddable":true,"href":"https:\/\/www.europesays.com\/es\/wp-json\/wp\/v2\/categories?post=147082"},{"taxonomy":"post_tag","embeddable":true,"href":"https:\/\/www.europesays.com\/es\/wp-json\/wp\/v2\/tags?post=147082"}],"curies":[{"name":"wp","href":"https:\/\/api.w.org\/{rel}","templated":true}]}}