{"id":147090,"date":"2025-09-29T19:13:10","date_gmt":"2025-09-29T19:13:10","guid":{"rendered":"https:\/\/www.europesays.com\/es\/147090\/"},"modified":"2025-09-29T19:13:10","modified_gmt":"2025-09-29T19:13:10","slug":"el-juzgado-imputa-a-bartomeu-por-un-perjuicio-al-barca-de-30-millones-de-euros-2","status":"publish","type":"post","link":"https:\/\/www.europesays.com\/es\/147090\/","title":{"rendered":"El juzgado imputa a Bartomeu por un perjuicio al Bar\u00e7a de 30 millones de euros"},"content":{"rendered":"<p class=\"ft-text\">El expresidente del FC Barcelona, <a class=\"ft-link ft-link--decoration\" href=\"https:\/\/www.sport.es\/es\/temas\/josep-maria-bartomeu-10130\" rel=\"nofollow noopener\" target=\"_blank\">Josep Maria Bartomeu<\/a> se est\u00e1 convirtiendo en un habitual de los juzgados. Hace unas semanas compareci\u00f3 para declarar por el llamado &#8216;caso Negreira&#8217; y el 24 de octubre lo volver\u00e1 a hacer acusado de del presunto pago de comisiones millonarias en fichajes que hizo el Bar\u00e7a bajo su mandato, como el de Antoine Griezmann o el de Malcolm, as\u00ed como diversas operaciones supuestamente irregulares, como el pago de 1,5 millones de euros de indemnizaci\u00f3n al Club Esportiu Laiet\u00e0 con por unas supuestas molestias en las obras del Mini Estadi.<\/p>\n<p class=\"ft-text\">Seg\u00fan el informe forense encargado por la actual junta directiva del FC Barcelona a la agencia Kroll la anterior junta encabezada por Bartomeu provoc\u00f3 un perjuicio de 30 millones de euros al club. El presidente Joan Laporta presento en 2022 ante la Fiscal\u00eda este documento que ha acabado en una causa judicial por estas posibles irregularidades.<\/p>\n<p class=\"ft-text\">El Juzgado de Instrucci\u00f3n n\u00famero 16 de Barcelona ha esperado a tener un informe de los Mossos d&#8217;Esquadra en el que se detallaba este perjuicio, seg\u00fan ha podido saber EL PERI\u00d3DICO. Con esa documentaci\u00f3n, ha citado el mismo d\u00eda como investigado a Bartomeu junto al exconsejero delegado del club, \u00d3scar Grau, (tambi\u00e9n imputado en el Bar\u00e7agate).<\/p>\n<p class=\"ft-text\">Para inicios de diciembre se espera la declaraci\u00f3n como imputado del abogado Jos\u00e9 \u00c1ngel Gonz\u00e1lez Franco, ya que su nombre aparece relacionado con un cobro de \u00ab1,7 millones\u00bb por cerrar el acuerdo de conformidad del club en el &#8216;caso Neymar&#8217; y obtener un mill\u00f3n de euros en el cobro de comisiones en el fichaje de Griezmann.<\/p>\n<p class=\"ft-text\">La causa est\u00e1 abierta por los delitos de administraci\u00f3n desleal, apropiaci\u00f3n indebida y falsedad contable. La denuncia presentada por Laporta tambi\u00e9n se\u00f1alaba comisiones del 33% a sociedades opacas en el fichaje del jugador Malcolm as\u00ed como pagos al Atl\u00e9tico de Madrid para evitar una denuncia por el fichaje de Griezmann por parte del Bar\u00e7a.<\/p>\n<p>Informe policial<\/p>\n<p class=\"ft-text\">A finales de 2023, los Mossos d&#8217;Esquadra se personaron en las dependencias del Barcelona para requerir documentos vinculados con las presuntas comisiones por traspasos de futbolistas, como el delantero Malcom quien fue fichado en 2018; minutas excesivas a abogados, el presunto fraccionamiento de pagos y la creaci\u00f3n de empresas para formalizar desembolsos.<\/p>\n<p class=\"ft-text\">Los agentes han analizado esta documentaci\u00f3n y han presentado un informe el juzgado que ha ordenado la citaci\u00f3n como imputados de Bartomeu y otras dos personas. \u00abSe han presentado pagos sin causa, otros pagos con causa falsa, otros pagos han sido desproporcionados y una conducta desleal hacia la administraci\u00f3n del club\u00bb, lleg\u00f3 a decir Laporta cuando presento el informe forense de las cuentas del club.<\/p>\n","protected":false},"excerpt":{"rendered":"El expresidente del FC Barcelona, Josep Maria Bartomeu se est\u00e1 convirtiendo en un habitual de los juzgados. Hace&hellip;\n","protected":false},"author":2,"featured_media":147018,"comment_status":"","ping_status":"","sticky":false,"template":"","format":"standard","meta":{"footnotes":""},"categories":[268],"tags":[32691,2296,45089,168,25,24,881,280,282,24183,45067,2303,45090,281,23,167],"class_list":{"0":"post-147090","1":"post","2":"type-post","3":"status-publish","4":"format-standard","5":"has-post-thumbnail","7":"category-futbol","8":"tag-antoine-griezmann","9":"tag-barca","10":"tag-bartomeu","11":"tag-deportes","12":"tag-es","13":"tag-espana","14":"tag-fc-barcelona","15":"tag-football","16":"tag-futbol","17":"tag-imputa","18":"tag-josep-maria-bartomeu","19":"tag-juzgado","20":"tag-perjuicio","21":"tag-soccer","22":"tag-spain","23":"tag-sports"},"share_on_mastodon":{"url":"","error":""},"_links":{"self":[{"href":"https:\/\/www.europesays.com\/es\/wp-json\/wp\/v2\/posts\/147090","targetHints":{"allow":["GET"]}}],"collection":[{"href":"https:\/\/www.europesays.com\/es\/wp-json\/wp\/v2\/posts"}],"about":[{"href":"https:\/\/www.europesays.com\/es\/wp-json\/wp\/v2\/types\/post"}],"author":[{"embeddable":true,"href":"https:\/\/www.europesays.com\/es\/wp-json\/wp\/v2\/users\/2"}],"replies":[{"embeddable":true,"href":"https:\/\/www.europesays.com\/es\/wp-json\/wp\/v2\/comments?post=147090"}],"version-history":[{"count":0,"href":"https:\/\/www.europesays.com\/es\/wp-json\/wp\/v2\/posts\/147090\/revisions"}],"wp:featuredmedia":[{"embeddable":true,"href":"https:\/\/www.europesays.com\/es\/wp-json\/wp\/v2\/media\/147018"}],"wp:attachment":[{"href":"https:\/\/www.europesays.com\/es\/wp-json\/wp\/v2\/media?parent=147090"}],"wp:term":[{"taxonomy":"category","embeddable":true,"href":"https:\/\/www.europesays.com\/es\/wp-json\/wp\/v2\/categories?post=147090"},{"taxonomy":"post_tag","embeddable":true,"href":"https:\/\/www.europesays.com\/es\/wp-json\/wp\/v2\/tags?post=147090"}],"curies":[{"name":"wp","href":"https:\/\/api.w.org\/{rel}","templated":true}]}}