{"id":147099,"date":"2025-09-29T19:18:08","date_gmt":"2025-09-29T19:18:08","guid":{"rendered":"https:\/\/www.europesays.com\/es\/147099\/"},"modified":"2025-09-29T19:18:08","modified_gmt":"2025-09-29T19:18:08","slug":"no-soy-la-persona-mas-sociable-del-mundo","status":"publish","type":"post","link":"https:\/\/www.europesays.com\/es\/147099\/","title":{"rendered":"No soy la persona m\u00e1s sociable del mundo"},"content":{"rendered":"<p class=\"c-paragraph\"><b>Samura\u00ef<\/b>, con tan solo 24 a\u00f1os, ya <b>acumula muchos \u00e9xitos en su carrera musical<\/b>. Ha colaborado con grandes artistas como Dani Fern\u00e1ndez, La La Love You, Bel\u00e9n Aguilera&#8230; y acumula millones de reproducciones en sus canciones.\u00a0<\/p>\n<p class=\"c-paragraph\">Ahora, con motivo del lanzamiento de su nuevo single, Dej\u00e1ndolo pasar, <b>la artista se ha abierto con 20minutos\u00a0en una entrevista<\/b> y ha hablado de c\u00f3mo naci\u00f3 su nombre, de la industria musical, de su canci\u00f3n y de sus aspiraciones.<\/p>\n<p class=\"c-paragraph\">Aroa Lorente explica que &#8216;Samura\u00ef&#8217; no es solo su nombre art\u00edstico, es el apodo que se le asign\u00f3 de peque\u00f1a por un peinado. \u00ab<b>Es un nombre que viene anterior a la m\u00fasica<\/b>. Me lo pusieron mis amigos de peque\u00f1a y lo llevo conmigo como parte de m\u00ed. Yo me identifico mucho con el nombre de Samu tambi\u00e9n\u00bb, confiesa en su conversaci\u00f3n con 20minutos.\u00a0<\/p>\n<p class=\"c-paragraph\">En cuanto a su crecimiento dentro de la industria musical, la int\u00e9rprete de temas como Palabra prohibida y Tirando balas\u00a0asegura no sentir \u00abpresi\u00f3n ninguna\u00bb. \u00abLas etiquetas, la verdad es que no van tanto conmigo, son algo ajeno a m\u00ed\u00bb, confirma la madrile\u00f1a. Adem\u00e1s, admite que est\u00e1 abierta a probar otros registros: \u00ab<b>Yo hago m\u00fasica, me encanta la m\u00fasica, el g\u00e9nero que sea<\/b>. Tengo mis gustos, tengo mis caprichitos&#8230; Pero dentro de eso, la m\u00fasica es m\u00fasica\u00bb.<\/p>\n<p class=\"c-paragraph\">Para la artista, lo m\u00e1s complicado de su profesi\u00f3n es tener que abrirse fuera de sus canciones. \u00abA m\u00ed lo que m\u00e1s me cuesta, entre comillas, es esto, la parte de entrevista, de <b>tener que abrirme de otra manera que no sea a la que yo estoy acostumbrada<\/b>, que es delante de una libreta\u00bb, explica a nuestro peri\u00f3dico. \u00abNo soy la persona m\u00e1s sociable del mundo\u00bb.<\/p>\n<p class=\"c-paragraph\">Por otra parte, Samura\u00ef, orgullosa, habla de c\u00f3mo naci\u00f3 su \u00faltimo trabajo, Dej\u00e1ndolo pasar, que vio la luz el pasado 18 de septiembre. \u00abSurge a ra\u00edz de ir, literalmente, dejando las cosas pasar. No s\u00e9 si a ti te pasa que lo escondes todo debajo de la cama y dices:<b> &#8216;Ya lo gestionar\u00e9 cuando tenga tiempo&#8217;<\/b>. Pues un poco as\u00ed, pero con todo\u00bb, cuenta la artista. \u00abA m\u00ed eso me pasa mucho\u00bb.<\/p>\n<p class=\"c-paragraph\">Para el videoclip, opta por ser directa y sencilla. \u00abQuer\u00eda una est\u00e9tica potente y un mensaje directo: <b>yo bailando sobre una tumba en la que pone ruido<\/b>\u00ab, comenta durante la entrevista. \u00abQue la gente entienda lo que quiera\u00bb.<\/p>\n","protected":false},"excerpt":{"rendered":"Samura\u00ef, con tan solo 24 a\u00f1os, ya acumula muchos \u00e9xitos en su carrera musical. Ha colaborado con grandes&hellip;\n","protected":false},"author":2,"featured_media":147100,"comment_status":"","ping_status":"","sticky":false,"template":"","format":"standard","meta":{"footnotes":""},"categories":[170],"tags":[146,147,25,24,184,185,42942,23],"class_list":{"0":"post-147099","1":"post","2":"type-post","3":"status-publish","4":"format-standard","5":"has-post-thumbnail","7":"category-musica","8":"tag-entertainment","9":"tag-entretenimiento","10":"tag-es","11":"tag-espana","12":"tag-music","13":"tag-musica","14":"tag-samurai","15":"tag-spain"},"share_on_mastodon":{"url":"","error":""},"_links":{"self":[{"href":"https:\/\/www.europesays.com\/es\/wp-json\/wp\/v2\/posts\/147099","targetHints":{"allow":["GET"]}}],"collection":[{"href":"https:\/\/www.europesays.com\/es\/wp-json\/wp\/v2\/posts"}],"about":[{"href":"https:\/\/www.europesays.com\/es\/wp-json\/wp\/v2\/types\/post"}],"author":[{"embeddable":true,"href":"https:\/\/www.europesays.com\/es\/wp-json\/wp\/v2\/users\/2"}],"replies":[{"embeddable":true,"href":"https:\/\/www.europesays.com\/es\/wp-json\/wp\/v2\/comments?post=147099"}],"version-history":[{"count":0,"href":"https:\/\/www.europesays.com\/es\/wp-json\/wp\/v2\/posts\/147099\/revisions"}],"wp:featuredmedia":[{"embeddable":true,"href":"https:\/\/www.europesays.com\/es\/wp-json\/wp\/v2\/media\/147100"}],"wp:attachment":[{"href":"https:\/\/www.europesays.com\/es\/wp-json\/wp\/v2\/media?parent=147099"}],"wp:term":[{"taxonomy":"category","embeddable":true,"href":"https:\/\/www.europesays.com\/es\/wp-json\/wp\/v2\/categories?post=147099"},{"taxonomy":"post_tag","embeddable":true,"href":"https:\/\/www.europesays.com\/es\/wp-json\/wp\/v2\/tags?post=147099"}],"curies":[{"name":"wp","href":"https:\/\/api.w.org\/{rel}","templated":true}]}}