{"id":147179,"date":"2025-09-29T20:02:34","date_gmt":"2025-09-29T20:02:34","guid":{"rendered":"https:\/\/www.europesays.com\/es\/147179\/"},"modified":"2025-09-29T20:02:34","modified_gmt":"2025-09-29T20:02:34","slug":"la-comunidad-de-madrid-en-la-presentacion-del-libro-vidas-rasgadas-para-honrar-la-memoria-de-las-victimas-del-terrorismo","status":"publish","type":"post","link":"https:\/\/www.europesays.com\/es\/147179\/","title":{"rendered":"La Comunidad de Madrid, en la presentaci\u00f3n del libro Vidas rasgadas para honrar la memoria de las v\u00edctimas del terrorismo"},"content":{"rendered":"<p>El consejero de Presidencia, Justicia y Administraci\u00f3n Local, Miguel \u00c1ngel Garc\u00eda Mart\u00edn, ha participado en la presentaci\u00f3n del libro Vidas rasgadas de la periodista Vera de Benito, que se ha celebrado en la Real Casa de Postas. La obra, que recorre la historia del terrorismo en las \u00faltimas d\u00e9cadas a trav\u00e9s de los testimonios de v\u00edctimas y familiares, est\u00e1 dirigida a honrar su memoria y que las nuevas generaciones conozcan el horror y la barbarie causados por los atentados. <\/p>\n","protected":false},"excerpt":{"rendered":"El consejero de Presidencia, Justicia y Administraci\u00f3n Local, Miguel \u00c1ngel Garc\u00eda Mart\u00edn, ha participado en la presentaci\u00f3n del&hellip;\n","protected":false},"author":2,"featured_media":147180,"comment_status":"","ping_status":"","sticky":false,"template":"","format":"standard","meta":{"footnotes":""},"categories":[172],"tags":[224,146,147,25,24,225,23],"class_list":{"0":"post-147179","1":"post","2":"type-post","3":"status-publish","4":"format-standard","5":"has-post-thumbnail","7":"category-libros","8":"tag-books","9":"tag-entertainment","10":"tag-entretenimiento","11":"tag-es","12":"tag-espana","13":"tag-libros","14":"tag-spain"},"share_on_mastodon":{"url":"","error":""},"_links":{"self":[{"href":"https:\/\/www.europesays.com\/es\/wp-json\/wp\/v2\/posts\/147179","targetHints":{"allow":["GET"]}}],"collection":[{"href":"https:\/\/www.europesays.com\/es\/wp-json\/wp\/v2\/posts"}],"about":[{"href":"https:\/\/www.europesays.com\/es\/wp-json\/wp\/v2\/types\/post"}],"author":[{"embeddable":true,"href":"https:\/\/www.europesays.com\/es\/wp-json\/wp\/v2\/users\/2"}],"replies":[{"embeddable":true,"href":"https:\/\/www.europesays.com\/es\/wp-json\/wp\/v2\/comments?post=147179"}],"version-history":[{"count":0,"href":"https:\/\/www.europesays.com\/es\/wp-json\/wp\/v2\/posts\/147179\/revisions"}],"wp:featuredmedia":[{"embeddable":true,"href":"https:\/\/www.europesays.com\/es\/wp-json\/wp\/v2\/media\/147180"}],"wp:attachment":[{"href":"https:\/\/www.europesays.com\/es\/wp-json\/wp\/v2\/media?parent=147179"}],"wp:term":[{"taxonomy":"category","embeddable":true,"href":"https:\/\/www.europesays.com\/es\/wp-json\/wp\/v2\/categories?post=147179"},{"taxonomy":"post_tag","embeddable":true,"href":"https:\/\/www.europesays.com\/es\/wp-json\/wp\/v2\/tags?post=147179"}],"curies":[{"name":"wp","href":"https:\/\/api.w.org\/{rel}","templated":true}]}}