{"id":147211,"date":"2025-09-29T20:20:12","date_gmt":"2025-09-29T20:20:12","guid":{"rendered":"https:\/\/www.europesays.com\/es\/147211\/"},"modified":"2025-09-29T20:20:12","modified_gmt":"2025-09-29T20:20:12","slug":"mclaren-demanda-por-33-millones-a-uno-de-sus-pilotos","status":"publish","type":"post","link":"https:\/\/www.europesays.com\/es\/147211\/","title":{"rendered":"McLaren demanda por 33 millones a uno de sus pilotos"},"content":{"rendered":"<p data-testid=\"paragraph\" class=\"mb-[20px] md:mb-[30px] break-word\"><strong>McLaren<\/strong> se perfila para ganar los dos Campeonatos de la <strong><a href=\"https:\/\/bolavip.com\/mx\/f1\" target=\"_blank\" rel=\"noreferrer noopener nofollow\" class=\"break-word font-articleLinkText text-articleLinkText hover:text-articleLinkTextHover hover:bg-articleLinkTextHoverBg cursor-pointer border-solid border-b-articleLinkTextHover\">F\u00f3rmula 1<\/a><\/strong> en 2025. Pese al tropiezo en Baku, todo apunta a que el equipo papaya se quedar\u00e1 con los dos t\u00edtulos de la M\u00e1xima antes del cambio de reglamento en 2026. Sin embargo, en medio de este buen presente deber\u00e1n resolver un conflicto legal que llevan adelante con un piloto que pas\u00f3 por las filas de la escuder\u00eda.<\/p>\n<p data-testid=\"paragraph\" class=\"mb-[20px] md:mb-[30px] break-word\">Se trata de <strong>Alex Palou<\/strong>. El emblema de IndyCar Series <strong>firm\u00f3 con <a href=\"https:\/\/bolavip.com\/mx\/tema\/mclaren-f1-team\" target=\"_blank\" rel=\"noreferrer noopener nofollow\" class=\"break-word font-articleLinkText text-articleLinkText hover:text-articleLinkTextHover hover:bg-articleLinkTextHoverBg cursor-pointer border-solid border-b-articleLinkTextHover\">McLaren<\/a> en 2022, pero el v\u00ednculo fue roto por el propio piloto a mediados de 2023<\/strong> por considerar que el equipo no hab\u00eda cumplido con su promesa de darle un asiento como titular en la F1. Esto deriv\u00f3 en un juicio por parte de McLaren contra el corredor espa\u00f1ol que se celebrar\u00e1 esta misma semana.<\/p>\n<p data-testid=\"paragraph\" class=\"mb-[20px] md:mb-[30px] break-word\">Puntualmente, <strong>a Palou le exigen una suma de 33 millones de d\u00f3lares<\/strong> por incumplimiento de contrato (venc\u00eda en 2024), una cifra que los abogados del piloto de IndyCar consideran <strong>\u201cerr\u00f3nea y muy inflada\u201d<\/strong>. Todo esto se da en un a\u00f1o lleno de rumores que vinculan a Alex con la F1, aunque \u00e9l ya se encarg\u00f3 de dejar en claro que su prioridad es quedarse donde est\u00e1.<\/p>\n<p><a title=\"El desgarrador mensaje de Lewis Hamilton tras la muerte de Roscoe: \u201cLa decisi\u00f3n m\u00e1s dif\u00edcil de mi vida\u201d\" href=\"https:\/\/bolavip.com\/mx\/f1\/el-desgarrador-mensaje-de-lewis-hamilton-tras-la-muerte-de-roscoe-la-decision-mas-dificil-de-mi-vida\" target=\"_self\" rel=\"nofollow noopener\" class=\"article-also-read-embed\"><img decoding=\"async\" class=\"aspect-square max-w-[100px] m-[10px] md:m-0\" src=\"https:\/\/www.europesays.com\/es\/wp-content\/uploads\/2025\/09\/1759177212_130_image\" alt=\"El desgarrador mensaje de Lewis Hamilton tras la muerte de Roscoe: \u201cLa decisi\u00f3n m\u00e1s dif\u00edcil de mi vida\u201d\" width=\"200\" height=\"200\" loading=\"lazy\"\/><\/p>\n<p class=\"font-secondary my-[13px] uppercase text-alsoReadSeeAlso bg-alsoReadSeeAlsoBackground alsoReadSeeAlso w-fit\">ver tambi\u00e9n<\/p>\n<p class=\"w-full line-clamp-3 md:line-clamp-2 text-alsoReadEmbedTitle font-primary alsoReadLink\">El desgarrador mensaje de Lewis Hamilton tras la muerte de Roscoe: \u201cLa decisi\u00f3n m\u00e1s dif\u00edcil de mi vida\u201d<\/p>\n<p><\/a>\u00bfQui\u00e9n es Alex Palou?<\/p>\n<p data-testid=\"paragraph\" class=\"break-word\">Alex Palou es un piloto de 28 a\u00f1os muy respetado por sus <strong>cuatro t\u00edtulos en IndyCar Series<\/strong> y por su victoria en las 500 Millas de Indian\u00e1polis. En 2021 hizo historia al convertirse en el primer espa\u00f1ol campe\u00f3n de dicha categor\u00eda y a\u00f1os m\u00e1s tarde agrandar\u00eda todav\u00eda m\u00e1s su palmar\u00e9s. Recientemente fue <a href=\"https:\/\/bolavip.com\/mx\/f1\/quien-es-alex-palou-el-piloto-que-interesa-en-red-bull-para-acompanar-a-verstappen\" target=\"_blank\" rel=\"noreferrer noopener nofollow\" class=\"break-word font-articleLinkText text-articleLinkText hover:text-articleLinkTextHover hover:bg-articleLinkTextHoverBg cursor-pointer border-solid border-b-articleLinkTextHover\">vinculado con Red Bull Racing<\/a> y en los \u00faltimos d\u00edas Jacques Villeneuve -campe\u00f3n de la F1 en 1997- lo postul\u00f3 para dar el salto al Gran Circo.<\/p>\n","protected":false},"excerpt":{"rendered":"McLaren se perfila para ganar los dos Campeonatos de la F\u00f3rmula 1 en 2025. Pese al tropiezo en&hellip;\n","protected":false},"author":2,"featured_media":147212,"comment_status":"","ping_status":"","sticky":false,"template":"","format":"standard","meta":{"footnotes":""},"categories":[270],"tags":[168,25,24,306,271,272,21593,23,167],"class_list":{"0":"post-147211","1":"post","2":"type-post","3":"status-publish","4":"format-standard","5":"has-post-thumbnail","7":"category-formula-1","8":"tag-deportes","9":"tag-es","10":"tag-espana","11":"tag-f1","12":"tag-formula-1","13":"tag-formula1","14":"tag-mclaren-f1-team","15":"tag-spain","16":"tag-sports"},"share_on_mastodon":{"url":"","error":""},"_links":{"self":[{"href":"https:\/\/www.europesays.com\/es\/wp-json\/wp\/v2\/posts\/147211","targetHints":{"allow":["GET"]}}],"collection":[{"href":"https:\/\/www.europesays.com\/es\/wp-json\/wp\/v2\/posts"}],"about":[{"href":"https:\/\/www.europesays.com\/es\/wp-json\/wp\/v2\/types\/post"}],"author":[{"embeddable":true,"href":"https:\/\/www.europesays.com\/es\/wp-json\/wp\/v2\/users\/2"}],"replies":[{"embeddable":true,"href":"https:\/\/www.europesays.com\/es\/wp-json\/wp\/v2\/comments?post=147211"}],"version-history":[{"count":0,"href":"https:\/\/www.europesays.com\/es\/wp-json\/wp\/v2\/posts\/147211\/revisions"}],"wp:featuredmedia":[{"embeddable":true,"href":"https:\/\/www.europesays.com\/es\/wp-json\/wp\/v2\/media\/147212"}],"wp:attachment":[{"href":"https:\/\/www.europesays.com\/es\/wp-json\/wp\/v2\/media?parent=147211"}],"wp:term":[{"taxonomy":"category","embeddable":true,"href":"https:\/\/www.europesays.com\/es\/wp-json\/wp\/v2\/categories?post=147211"},{"taxonomy":"post_tag","embeddable":true,"href":"https:\/\/www.europesays.com\/es\/wp-json\/wp\/v2\/tags?post=147211"}],"curies":[{"name":"wp","href":"https:\/\/api.w.org\/{rel}","templated":true}]}}