{"id":147225,"date":"2025-09-29T20:27:16","date_gmt":"2025-09-29T20:27:16","guid":{"rendered":"https:\/\/www.europesays.com\/es\/147225\/"},"modified":"2025-09-29T20:27:16","modified_gmt":"2025-09-29T20:27:16","slug":"los-premios-orpheo-2025-ya-tienen-ganadores-en-morvedre","status":"publish","type":"post","link":"https:\/\/www.europesays.com\/es\/147225\/","title":{"rendered":"Los Premios Orpheo 2025 ya tienen ganadores en Morvedre"},"content":{"rendered":"<p class=\"ft-text ft-helper-closenews\">Los <strong>Premios Orpheo de la M\u00fasica ya tienen ganadores.<\/strong> La<strong> <\/strong>Junta Comarcal de Sociedades Musicales Federadas del Camp de Morvedre los ha dado a conocer poco antes de la <strong>X Gala de la M\u00fasica del Camp de Morvedre 2025<\/strong>, donde se realizar\u00e1 la entrega, tal y como se viene haciendo en diez ediciones consecutivas solo interrumpidas un a\u00f1o por la pandemia.<\/p>\n<p class=\"ft-text\">Este evento <strong>volver\u00e1 a poner en valor la creaci\u00f3n musical en la comarca<\/strong>, \u00abel talento, el esfuerzo, el compromiso y la trayectoria de personas y entidades vinculadas al mundo de las sociedades musicales\u00bb.<\/p>\n<p class=\"ft-text\">El evento se llevar\u00e1 a cabo el <strong>5 de octubre <\/strong>en el <strong>Auditorio del Centro C\u00edvico de <\/strong><a href=\"https:\/\/www.levante-emv.com\/tags\/gilet\/\" class=\"ft-link ft-link--decoration\" rel=\"nofollow noopener\" target=\"_blank\"><strong>Gilet<\/strong><\/a><strong>.<\/strong> Durante la gala intervendr\u00e1n varias agrupaciones musicales de la comarca: <strong>Societat M\u00fasico-Cultural d\u2019Albalat dels Tarongers, Associaci\u00f3 Musical d\u2019Alfara de la Baronia, Agrupaci\u00f3 M\u00fasico-Cultural d\u2019Algar del Pal\u00e0ncia y Joventut Musical Verge de l\u2019Estrella de Gilet<\/strong> que alternar\u00e1n sus interpretaciones con la entrega de galardones.<\/p>\n<p>Los premiados Orpheo 2025<\/p>\n<p class=\"ft-text\">En esta edici\u00f3n, <strong>la Junta Comarcal ha distinguido a referentes de distintos \u00e1mbitos de la vida musical. <\/strong>El galard\u00f3n especial de la Junta Directiva Comarcal ha sido para <strong>Daniela Gonz\u00e1lez Almansa<\/strong>, presidenta de la FSMCV.<\/p>\n<p class=\"ft-text\">El Orpheo a la colaboraci\u00f3n ha ido a parar a dos instituciones, <strong>la Mancomunitat de les Valls y la Mancomunitat de La Baronia, as\u00ed como a David Merseguer Royo<\/strong>.<\/p>\n<p class=\"ft-text\">El galard\u00f3n a toda una vida dedicada a la m\u00fasica se ha concedido a <strong>Rafael Aland\u00ed Mer\u00ed<\/strong>, de la Uni\u00f3 Musical d\u2019Alg\u00edmia.<\/p>\n<p class=\"ft-text\">Tambi\u00e9n se ha reconocido la trayectoria acad\u00e9mica en grado profesional a <strong>Sergio Garfella P\u00e9rez<\/strong> (piano) y en superior, al saguntino <strong>Joan Tarazona Berzosa <\/strong>(oboe).<\/p>\n<p class=\"ft-text\">El Premio Orpheo a los miembros de sociedades musicales se han concedido esta vez a Inma Esteve Bru (Albalat dels Tarongers), Jos\u00e9 Engu\u00eddanos Navarrete (Alfara de la Baronia), Vicente Cabrero Pomer (Algar del Pal\u00e0ncia), Francisco Pe\u00f1a Garriga (Alg\u00edmia), Vicenta Mart\u00ednez Torrent (Canet d\u2019en Berenguer), Josefina Blasco Caudet (Estivella), Francisco Bad\u00eda Beltr\u00e1n (Faura), Juan Jos\u00e9 Or\u00f3n Or\u00f3n (Gilet), Jos\u00e9 Manuel Guerrero Reyes (Petres), Alberto Andr\u00e9s Boria (Quart de les Valls), Molina de Arag\u00f3n (Quartell), Antonio Conde Soriano (Sagunt), y Manuel Vizca\u00edno Jim\u00e9nez (Port de Sagunt).<\/p>\n<p class=\"ft-text\">Estos galardonados <strong>representan diversos \u00e1mbitos de la vida musical comarcal<\/strong>: la gesti\u00f3n institucional, la colaboraci\u00f3n intermunicipal, la dedicaci\u00f3n vital, los m\u00e9ritos acad\u00e9micos, y el reconocimiento a quienes, desde su sociedad musical, contribuyen a cultivar el esp\u00edritu de las bandas en nuestro territorio.<\/p>\n<p>Significado del acto<\/p>\n<p class=\"ft-text\">La Gala de la M\u00fasica del Camp de Morvedre, seg\u00fan sus organizadores, <strong>\u00abse ha consolidado como un acto de referencia en el panorama musical valenciano\u00bb<\/strong> y esta edici\u00f3n\u00bbpretende seguir siendo un punto de encuentro festivo y de reconocimiento para todos los actores de la m\u00fasica en el Camp de Morvedre\u00bb.<\/p>\n<p class=\"ft-text\">Con este acto, <strong>la Junta Comarcal \u00abreafirma su voluntad de estrechar v\u00ednculos<\/strong> entre las sociedades musicales, visibilizar su papel cultural y pedag\u00f3gico, y fomentar el orgullo comunitario alrededor de la m\u00fasica\u00bb, resalta.<\/p>\n<p data-close=\"closedContent\" class=\"subscribeHideForDisplay\">Suscr\u00edbete para seguir leyendo<\/p>\n","protected":false},"excerpt":{"rendered":"Los Premios Orpheo de la M\u00fasica ya tienen ganadores. La Junta Comarcal de Sociedades Musicales Federadas del Camp&hellip;\n","protected":false},"author":2,"featured_media":147226,"comment_status":"","ping_status":"","sticky":false,"template":"","format":"standard","meta":{"footnotes":""},"categories":[170],"tags":[45,45139,39332,10382,146,147,25,24,6611,10379,184,185,18711,45137,532,45138,23],"class_list":{"0":"post-147225","1":"post","2":"type-post","3":"status-publish","4":"format-standard","5":"has-post-thumbnail","7":"category-musica","8":"tag-45","9":"tag-albalat-dels-tarongers","10":"tag-camp-de-morvedre","11":"tag-el-camp-de-morvedre","12":"tag-entertainment","13":"tag-entretenimiento","14":"tag-es","15":"tag-espana","16":"tag-ganadores","17":"tag-morvedre","18":"tag-music","19":"tag-musica","20":"tag-musicales","21":"tag-orpheo","22":"tag-premios","23":"tag-sociedades","24":"tag-spain"},"share_on_mastodon":{"url":"","error":""},"_links":{"self":[{"href":"https:\/\/www.europesays.com\/es\/wp-json\/wp\/v2\/posts\/147225","targetHints":{"allow":["GET"]}}],"collection":[{"href":"https:\/\/www.europesays.com\/es\/wp-json\/wp\/v2\/posts"}],"about":[{"href":"https:\/\/www.europesays.com\/es\/wp-json\/wp\/v2\/types\/post"}],"author":[{"embeddable":true,"href":"https:\/\/www.europesays.com\/es\/wp-json\/wp\/v2\/users\/2"}],"replies":[{"embeddable":true,"href":"https:\/\/www.europesays.com\/es\/wp-json\/wp\/v2\/comments?post=147225"}],"version-history":[{"count":0,"href":"https:\/\/www.europesays.com\/es\/wp-json\/wp\/v2\/posts\/147225\/revisions"}],"wp:featuredmedia":[{"embeddable":true,"href":"https:\/\/www.europesays.com\/es\/wp-json\/wp\/v2\/media\/147226"}],"wp:attachment":[{"href":"https:\/\/www.europesays.com\/es\/wp-json\/wp\/v2\/media?parent=147225"}],"wp:term":[{"taxonomy":"category","embeddable":true,"href":"https:\/\/www.europesays.com\/es\/wp-json\/wp\/v2\/categories?post=147225"},{"taxonomy":"post_tag","embeddable":true,"href":"https:\/\/www.europesays.com\/es\/wp-json\/wp\/v2\/tags?post=147225"}],"curies":[{"name":"wp","href":"https:\/\/api.w.org\/{rel}","templated":true}]}}