{"id":147231,"date":"2025-09-29T20:30:11","date_gmt":"2025-09-29T20:30:11","guid":{"rendered":"https:\/\/www.europesays.com\/es\/147231\/"},"modified":"2025-09-29T20:30:11","modified_gmt":"2025-09-29T20:30:11","slug":"sanidad-recomienda-a-estas-personas-vacunarse-contra-la-gripe-para-la-temporada-2025-2026","status":"publish","type":"post","link":"https:\/\/www.europesays.com\/es\/147231\/","title":{"rendered":"Sanidad recomienda a estas personas vacunarse contra la gripe para la temporada 2025\/2026"},"content":{"rendered":"<p class=\"c-paragraph\">Con la llegada de octubre y la bajada de temperaturas, resfriados y <b>virus como la gripe est\u00e1n a la vuelta de la esquina<\/b>. El clima fr\u00edo favorece el contagio de estas infecciones de invierno, cuando las personas tienden a juntarse en espacios cerrados aumentando m\u00e1s el riesgo. As\u00ed pues, desde Sanidad ya han anunciado que el calendario de <b>vacunaci\u00f3n antigripal comenzar\u00e1 el pr\u00f3ximo 15 de octubre<\/b> para todas aquellas personas vulnerables y finalizar\u00e1 el 31 de enero. Por primera vez desde 2021, las autoridades m\u00e9dicas <a href=\"https:\/\/www.20minutos.es\/madrid\/las-vacunas-frente-bronquiolitis-contra-gripe-covid-arrancan-octubre-madrid_6370145_0.html\" title=\"Las vacunas frente a la bronquiolitis y contra gripe y covid arrancan en octubre en Madrid\" rel=\"nofollow noopener\" target=\"_blank\">han separado la campa\u00f1a de virus de la influenza de la de la Covid-19<\/a>, por lo que han compartido una serie de recomendaciones por separado.<\/p>\n<p class=\"c-paragraph\">En esta nueva temporada contra la gripe, el objetivo no difiere del de otros a\u00f1os, que es \u00ab<b>reforzar la protecci\u00f3n de las personas m\u00e1s vulnerables para reducir la morbimortalidad, as\u00ed como disminuir el impacto de estas infecciones sobre la capacidad de la atenci\u00f3n sanitaria y sociosanitaria\u00bb<\/b>, tal y como recoge el Ministerio de Sanidad. Para ello, el Sistema Nacional de Salud <b>recomienda la vacuna de la gripe a<\/b> <b>4 grupos de poblaci\u00f3n en este 2025\/2026.<\/b><\/p>\n<p>1. Personas con mayor riesgo de complicaciones<\/p>\n<p class=\"c-paragraph\">Es de sobra conocido que la vacuna de la gripe es primordial en<b> aquellas personas que superen los 60 a\u00f1os de edad, as\u00ed como en la poblaci\u00f3n infantil de entre 6 y 59 meses de edad<\/b>, donde la tasa de mortalidad crece. Sin embargo, tambi\u00e9n es aconsejable para aquellas mujeres embarazadas en cualquier trimestre de gestaci\u00f3n o en puerperio si no se vacunaron durante el embarazo.\u00a0<\/p>\n<p class=\"c-paragraph\">Por otro lado, las autoridades adem\u00e1s recogen como <b>grupo de riesgo a aquellas personas de 5 a 18 a\u00f1os que reciben\u00a0tratamiento prolongado con \u00e1cido acetilsalic\u00edlico<\/b>, por la posibilidad de desarrollar un s\u00edndrome de Reye tras la gripe. Y, para aquellas personas entre 5 y 59 a\u00f1os de edad que presenten las <b>siguientes condiciones de riesgo o con posibilidad de complicaciones grave<\/b>s tras la infecci\u00f3n:<\/p>\n<ul>\n<li>Internas en centros de discapacidad, residencias de mayores e instituciones cerradas.<\/li>\n<li>Diabetes mellitus y s\u00edndrome de Cushing.<\/li>\n<li>Obesidad m\u00f3rbida.<\/li>\n<li>Enfermedades\u00a0cr\u00f3nicas cardiovasculares, neurol\u00f3gicas o respiratorias, incluyendo displasia broncopulmonar, fibrosis qu\u00edstica y asma.<\/li>\n<li>Enfermedad renal cr\u00f3nica y s\u00edndrome nefr\u00f3tico.<\/li>\n<li>Hemoglobinopat\u00edas y anemias o hemofilia, otros trastornos de la coagulaci\u00f3n y trastornos hemorr\u00e1gicos cr\u00f3nicos, as\u00ed como receptores de hemoderivados y transfusiones m\u00faltiples.<\/li>\n<li>Asplenia o disfunci\u00f3n espl\u00e9nica grave.<\/li>\n<li><a href=\"https:\/\/www.20minutos.es\/salud\/medicina\/estos-son-los-sintomas-de-la-insuficiencia-hepatica-una-complicacion-grave-de-muchas-enfermedades-4973894\/\" title=\"Estos son los s\u00edntomas de la insuficiencia hep\u00e1tica, una complicaci\u00f3n grave de muchas enfermedades\" rel=\"nofollow noopener\" target=\"_blank\">Enfermedad hep\u00e1tica cr\u00f3nica<\/a>, incluyendo alcoholismo.<\/li>\n<li>Enfermedades neuromusculares graves.<\/li>\n<li>Inmunosupresi\u00f3n (incluyendo las inmunodeficiencias primarias y la originada por la infecci\u00f3n por VIH o por f\u00e1rmacos, as\u00ed como en los receptores de trasplante, d\u00e9ficit de complemento y terapia CAR-T).<\/li>\n<li>C\u00e1ncer y hemopat\u00edas malignas.<\/li>\n<li>Enfermedad inflamatoria cr\u00f3nica.<\/li>\n<li>Trastornos y enfermedades que conllevan disfunci\u00f3n cognitiva: s\u00edndrome de Down, demencias y otras.<\/li>\n<li>Enfermedad cel\u00edaca.<\/li>\n<li>F\u00edstula de l\u00edquido cefalorraqu\u00eddeo, implante coclear o en espera del mismo.<\/li>\n<li>Personas fumadoras.<\/li>\n<\/ul>\n<p>2. Personas que trabajan en servicios esenciales<\/p>\n<p class=\"c-paragraph\">Con motivo de <b>reducir el impacto y as\u00ed poder mantener los servicios cr\u00edticos y esenciales<\/b> a la comunidad, Sanidad recomienda que se administre la vacuna de la gripe a:<\/p>\n<ul>\n<li>Personal de centros y establecimientos sanitarios y sociosanitarios p\u00fablicos y privados.<\/li>\n<li>Personas que trabajan en servicios p\u00fablicos esenciales, con especial \u00e9nfasis en los siguientes subgrupos:\u00a0Fuerzas y cuerpos de seguridad del Estado, con dependencia nacional, auton\u00f3mica o local,\u00a0 as\u00ed como las Fuerzas Armadas, Bomberos y Servicios de protecci\u00f3n civil.<\/li>\n<\/ul>\n<p>3. Personas que puedan transmitir la gripe a poblaci\u00f3n de riesgo<\/p>\n<p class=\"c-paragraph\">Aunque no seas un persona con riesgo, s\u00ed puedes ser portadora. En este sentido, <b>Sanidad recomienda a las personas que pueden transmitir el virus de la gripe a personas vulnerables<\/b>\u00a0que se presenten a la vacunaci\u00f3n. Estos grupos ser\u00edan:<\/p>\n<ul>\n<li>Personas que proporcionen cuidados domiciliarios y convivientes con pacientes recogidos en el apartado 1, incluyendo a los cuidadores principales y convivientes de los menores de 6 meses.<\/li>\n<li>Personal y estudiantes en pr\u00e1cticas en centros sanitarios y sociosanitarios, p\u00fablicos y privados, centros de menores, tanto de atenci\u00f3n primaria como hospitalaria, as\u00ed como personal de oficinas de farmacia.<\/li>\n<\/ul>\n<p>4. Otros grupos de riesgo<\/p>\n<p class=\"c-paragraph\">Las autoridades m\u00e9dicas, asimismo, recogen como poblaci\u00f3n de riesgo de contraer o transmitir el virus a<b> personal de guarder\u00edas y centros de educaci\u00f3n infantil<\/b> (hasta los 6 a\u00f1os).\u00a0<\/p>\n<p class=\"c-paragraph\">As\u00ed como, a personas\u00a0con <b>exposici\u00f3n laboral directa a animales o a sus secreciones en granjas o explotaciones<\/b> <b>av\u00edcolas, porcinas o de visones o a fauna silvestre<\/b> (aves, jabal\u00edes o must\u00e9lidos),<a href=\"https:\/\/www.20minutos.es\/castilla-y-leon\/valladolid\/castilla-leon-declara-un-brote-gripe-aviar-que-obliga-sacrificar-760-000-aves_6369620_0.html\" title=\"Castilla y Le\u00f3n declara un brote de gripe aviar que obliga a sacrificar a 760.000 aves\" rel=\"nofollow noopener\" target=\"_blank\"> como ganaderos, veterinarios, trabajadores de granjas<\/a>, cazadores, ornit\u00f3logos, agentes de medioambiente, personal de zool\u00f3gicos, etc. \u00abLa finalidad es reducir la oportunidad de una infecci\u00f3n concomitante de virus humano y aviar o porcino, disminuyendo la posibilidad de recombinaci\u00f3n o intercambio gen\u00e9tico entre ambos virus\u00bb, detallan.<\/p>\n","protected":false},"excerpt":{"rendered":"Con la llegada de octubre y la bajada de temperaturas, resfriados y virus como la gripe est\u00e1n a&hellip;\n","protected":false},"author":2,"featured_media":147232,"comment_status":"","ping_status":"","sticky":false,"template":"","format":"standard","meta":{"footnotes":""},"categories":[92],"tags":[25,24,7749,165,166,1811,3215,23],"class_list":{"0":"post-147231","1":"post","2":"type-post","3":"status-publish","4":"format-standard","5":"has-post-thumbnail","7":"category-salud","8":"tag-es","9":"tag-espana","10":"tag-gripe","11":"tag-health","12":"tag-salud","13":"tag-sanidad","14":"tag-seo20","15":"tag-spain"},"share_on_mastodon":{"url":"","error":""},"_links":{"self":[{"href":"https:\/\/www.europesays.com\/es\/wp-json\/wp\/v2\/posts\/147231","targetHints":{"allow":["GET"]}}],"collection":[{"href":"https:\/\/www.europesays.com\/es\/wp-json\/wp\/v2\/posts"}],"about":[{"href":"https:\/\/www.europesays.com\/es\/wp-json\/wp\/v2\/types\/post"}],"author":[{"embeddable":true,"href":"https:\/\/www.europesays.com\/es\/wp-json\/wp\/v2\/users\/2"}],"replies":[{"embeddable":true,"href":"https:\/\/www.europesays.com\/es\/wp-json\/wp\/v2\/comments?post=147231"}],"version-history":[{"count":0,"href":"https:\/\/www.europesays.com\/es\/wp-json\/wp\/v2\/posts\/147231\/revisions"}],"wp:featuredmedia":[{"embeddable":true,"href":"https:\/\/www.europesays.com\/es\/wp-json\/wp\/v2\/media\/147232"}],"wp:attachment":[{"href":"https:\/\/www.europesays.com\/es\/wp-json\/wp\/v2\/media?parent=147231"}],"wp:term":[{"taxonomy":"category","embeddable":true,"href":"https:\/\/www.europesays.com\/es\/wp-json\/wp\/v2\/categories?post=147231"},{"taxonomy":"post_tag","embeddable":true,"href":"https:\/\/www.europesays.com\/es\/wp-json\/wp\/v2\/tags?post=147231"}],"curies":[{"name":"wp","href":"https:\/\/api.w.org\/{rel}","templated":true}]}}