{"id":147299,"date":"2025-09-29T21:16:11","date_gmt":"2025-09-29T21:16:11","guid":{"rendered":"https:\/\/www.europesays.com\/es\/147299\/"},"modified":"2025-09-29T21:16:11","modified_gmt":"2025-09-29T21:16:11","slug":"mavi-garcia-mavi-garcia-nunca-pense-que-podria-conseguir-una-medalla-en-un-mundial","status":"publish","type":"post","link":"https:\/\/www.europesays.com\/es\/147299\/","title":{"rendered":"MAVI GARC\u00cdA | Mavi Garc\u00eda: \u00abNunca pens\u00e9 que podr\u00eda conseguir una medalla en un Mundial\u00bb"},"content":{"rendered":"<p class=\"ft-text\"><a class=\"ft-link ft-link--decoration\" href=\"https:\/\/www.diariodemallorca.es\/tags\/mavi-garcia\/\" rel=\"nofollow noopener\" target=\"_blank\">Mavi Garc\u00eda<\/a> sigue sin cre\u00e9rselo. La ciclista mallorquina ha llegado esta ma\u00f1ana a Palma tras <a class=\"ft-link ft-link--decoration\" href=\"https:\/\/www.diariodemallorca.es\/deportes\/2025\/09\/27\/mavi-garcia-bronce-mundial-despues-122021360.html\" rel=\"nofollow noopener\" target=\"_blank\">el bronce que logr\u00f3 el pasado s\u00e1bado en el Mundial de Ruanda<\/a> y ha admitido que contin\u00faa sin ser consciente de lo que consigui\u00f3. \u201cEstoy s\u00faper contenta, <strong>todav\u00eda no me lo acabo de creer <\/strong>porque <strong>nunca en la vida hab\u00eda pensado que despu\u00e9s de tanto tiempo podr\u00eda conseguir una medalla en un Mundial<\/strong>, pero lo he conseguido y lo quiero disfrutar\u201d, ha declarado a su llegada con una sonrisa de oreja a oreja.<\/p>\n<p class=\"ft-text\">Tras su destacada actuaci\u00f3n en el Tour de Francia, donde se llev\u00f3 el triunfo en la segunda etapa, la palmesana volvi\u00f3 a demostrar que <strong>su esfuerzo constante, su perseverancia y su tenacidad siguen dando frutos, sumando una medalla que sabe a victoria.<\/strong> Lo logr\u00f3 en una carrera exigente, marcada por el calor y la humedad del circuito de Kigali. A diferencia de otras ciclistas que acusaron las condiciones, Mavi asegura que lleg\u00f3 bien preparada para afrontar el desaf\u00edo: \u201cTen\u00eda muchas ganas de hacer esta carrera, sab\u00eda que har\u00eda mucho calor, todo estaba yendo s\u00faper bien. <strong>Hab\u00eda mucha gente que no respiraba muy bien con el ambiente de all\u00ed, pero yo no sent\u00eda nada, tambi\u00e9n es cierto que hab\u00eda hecho una buena preparaci\u00f3n para la altura<\/strong>\u201d.\u00a0<\/p>\n<p class=\"ft-text\">En una prueba que fue muy t\u00e1ctica, la mallorquina seleccion\u00f3 el momento id\u00f3neo para su escapada y lograr el bronce. \u201cFue un c\u00famulo de sensaciones. Justo antes de que empezase se puso a llover, y dec\u00edamos: \u201c\u00bfc\u00f3mo puede ser que llueva aqu\u00ed?\u201d. Despu\u00e9s ya sali\u00f3 el sol, pasaron muchas cosas. <strong>Era un recorrido que hac\u00eda mucho da\u00f1o, que iba fatigando<\/strong> y todos ten\u00edan un poco de miedo de despu\u00e9s no poder. Fue una carrera algo lenta al principio, <strong>la gente iba cansada y se iba quedando. Yo me met\u00ed en un ataque clave y fue una buena decisi\u00f3n<\/strong>\u201d, ha explicado.<\/p>\n<p class=\"ft-text\">Una medalla, sin duda, que tiene un sabor especial y que tambi\u00e9n viene acompa\u00f1ada de una emotiva dedicatoria: \u201cSe la dedico sobre todo<strong> a mi pareja, que tambi\u00e9n es mi entrenador y es quien me sufre cada d\u00eda. Se lo merece m\u00e1s que nadie<\/strong>\u201d, ha expresado Mavi.<\/p>\n<p class=\"ft-text\">Su logro supone un motivo de gran orgullo para el ciclismo femenino, tanto balear como nacional. Se trata de la segunda medalla de la historia en un Mundial en l\u00ednea \u00e9lite femenino para Espa\u00f1a. Para celebrarlo, <strong>Toni Bauz\u00e0<\/strong>,<strong> presidente de la Federaci\u00f3n de Ciclismo de les Illes Balears, y Javi del Rey<\/strong>, gerente de la entidad, le esperaban a su llegada con un ramo de flores. \u201cPara la Federaci\u00f3n y para el ciclismo balear <strong>es important\u00edsima<\/strong> esta medalla de bronce, conseguida en un Mundial, y adem\u00e1s de ruta y de ciclismo femenino. Para la promoci\u00f3n del deporte femenino, que es lo que desde la Federaci\u00f3n estamos luchando, <strong>nos viene fant\u00e1stico para esta divulgaci\u00f3n del ciclismo femenino<\/strong>\u201d, ha manifestado Toni para este diario.<\/p>\n<p><img decoding=\"async\" src=\"https:\/\/www.europesays.com\/es\/wp-content\/uploads\/2025\/09\/7d3093b5-d282-40bc-8c68-04dc495bd730_alta-libre-aspect-ratio_default_0.jpg\" width=\"1200\" height=\"900\" alt=\"Toni Bauz\u00e0, Mavi Garc\u00eda y Javi del Rey.\" class=\"ft-helper-img-rd\" loading=\"lazy\" hasdataaida=\"true\"\/><\/p>\n<p class=\"ft-helper-fontColor-quaternary ft-helper-fontSize-body-S ft-helper-spacer-t-xxs\">Toni Bauz\u00e0, Mavi Garc\u00eda y Javi del Rey.  \/ Sergi Fullana<\/p>\n<p>El Europeo est\u00e1 ya a la vuelta de la esquina<\/p>\n<p class=\"ft-text\">Mavi no tendr\u00e1 mucho tiempo para digerir su hist\u00f3rica gesta, ya que liderar\u00e1 a la selecci\u00f3n espa\u00f1ola \u00e9lite femenina en el <strong>Campeonato de Europa<\/strong> que se disputa este s\u00e1bado en la regi\u00f3n francesa de Drome-Ardeche. La mallorquina estar\u00e1 acompa\u00f1ada de <strong>Mireia Benito, Sara Mart\u00edn, Maite Urteaga, Ariana Gilabert y Yurani Blanco<\/strong> en un prueba que tendr\u00e1 un recorrido de 116 km y que contar\u00e1 con 1.500 metros de desnivel.<\/p>\n<p class=\"ft-text\">\u201cNo tengo muchos d\u00edas para descansar, llego hoy y el <strong>mi\u00e9rcoles por la noche o jueves por la ma\u00f1ana ya me vuelvo a ir.<\/strong> Hay gente que ha ido directamente hacia all\u00ed, pero a m\u00ed siempre me gusta volver a casa, aunque sean dos d\u00edas. Voy con ilusi\u00f3n. Yo dec\u00eda: \u201csi hago una medalla en el Mundial, ya no voy al Europeo\u201d. Pero s\u00ed,<strong> ir\u00e9 y ser\u00e1 mi \u00faltima carrera de la temporada y tengo ganas. Ya que estoy en este buen estado de forma, tambi\u00e9n para aprovecharlo<\/strong>\u201d, ha comentado la corredora, que tendr\u00e1 una \u00faltima oportunidad para terminar de coronar un a\u00f1o en el que se ha convertido en hist\u00f3rica.<\/p>\n","protected":false},"excerpt":{"rendered":"Mavi Garc\u00eda sigue sin cre\u00e9rselo. La ciclista mallorquina ha llegado esta ma\u00f1ana a Palma tras el bronce que&hellip;\n","protected":false},"author":2,"featured_media":147300,"comment_status":"","ping_status":"","sticky":false,"template":"","format":"standard","meta":{"footnotes":""},"categories":[93],"tags":[313,168,25,24,3142,7804,1914,3370,1070,3376,23,167],"class_list":["post-147299","post","type-post","status-publish","format-standard","has-post-thumbnail","category-deportes","tag-ciclismo","tag-deportes","tag-es","tag-espana","tag-garcia","tag-mavi","tag-mavi-garcia","tag-medalla","tag-mundial","tag-pense","tag-spain","tag-sports"],"share_on_mastodon":{"url":"","error":""},"_links":{"self":[{"href":"https:\/\/www.europesays.com\/es\/wp-json\/wp\/v2\/posts\/147299","targetHints":{"allow":["GET"]}}],"collection":[{"href":"https:\/\/www.europesays.com\/es\/wp-json\/wp\/v2\/posts"}],"about":[{"href":"https:\/\/www.europesays.com\/es\/wp-json\/wp\/v2\/types\/post"}],"author":[{"embeddable":true,"href":"https:\/\/www.europesays.com\/es\/wp-json\/wp\/v2\/users\/2"}],"replies":[{"embeddable":true,"href":"https:\/\/www.europesays.com\/es\/wp-json\/wp\/v2\/comments?post=147299"}],"version-history":[{"count":0,"href":"https:\/\/www.europesays.com\/es\/wp-json\/wp\/v2\/posts\/147299\/revisions"}],"wp:featuredmedia":[{"embeddable":true,"href":"https:\/\/www.europesays.com\/es\/wp-json\/wp\/v2\/media\/147300"}],"wp:attachment":[{"href":"https:\/\/www.europesays.com\/es\/wp-json\/wp\/v2\/media?parent=147299"}],"wp:term":[{"taxonomy":"category","embeddable":true,"href":"https:\/\/www.europesays.com\/es\/wp-json\/wp\/v2\/categories?post=147299"},{"taxonomy":"post_tag","embeddable":true,"href":"https:\/\/www.europesays.com\/es\/wp-json\/wp\/v2\/tags?post=147299"}],"curies":[{"name":"wp","href":"https:\/\/api.w.org\/{rel}","templated":true}]}}