{"id":147301,"date":"2025-09-29T21:17:15","date_gmt":"2025-09-29T21:17:15","guid":{"rendered":"https:\/\/www.europesays.com\/es\/147301\/"},"modified":"2025-09-29T21:17:15","modified_gmt":"2025-09-29T21:17:15","slug":"vacuna-gripe-cordoba-2025-este-es-el-calendario-para-la-vacuna-de-gripe-y-covid-2025-en-andalucia","status":"publish","type":"post","link":"https:\/\/www.europesays.com\/es\/147301\/","title":{"rendered":"VACUNA GRIPE C\u00d3RDOBA 2025 | Este es el calendario para la vacuna de gripe y covid 2025 en Andaluc\u00eda"},"content":{"rendered":"<p class=\"ft-text\">La Consejer\u00eda de Salud y Consumo<strong> <\/strong>ha puesto en marcha el calendario para la<strong> <\/strong><a class=\"ft-link ft-link--decoration\" href=\"https:\/\/www.diariocordoba.com\/tags\/vacuna-de-la-gripe\/\" rel=\"nofollow noopener\" target=\"_blank\"><strong>vacuna de la gripe<\/strong><\/a>en <a class=\"ft-link ft-link--decoration\" href=\"https:\/\/www.diariocordoba.com\/tags\/andalucia\/\" rel=\"nofollow noopener\" target=\"_blank\">Andaluc\u00eda<\/a> para la <strong>campa\u00f1a 2025-2026<\/strong>, que comienza el<strong> 30 de septiembre<\/strong> y que pone el foco en la vacunaci\u00f3n de la poblaci\u00f3n infantil de 6 a 59 meses, y en el resto de grupos de riesgo.<\/p>\n<p class=\"ft-text\">Los primeros en vacunarse este a\u00f1o ser\u00e1n los ni\u00f1os de 6 a 59 meses, las embarazadas y los docentes de menores de 5 a\u00f1os. Estas son las claves de la campa\u00f1a de gripe de esta temporada.<\/p>\n<p>Las fechas clave de la vacuna de la gripe<\/p>\n<p class=\"ft-text\">Las fechas oficiales de la campa\u00f1a son las siguientes:<\/p>\n<ul class=\"ft-list ft-list--primary\" data-aida-text=\"\">\n<li class=\"ft-list__item\"><strong>30 de septiembre. <\/strong>Vacunaci\u00f3n antigripal de la poblaci\u00f3n infantil de 6 a 59 meses, embarazadas y docentes de menores de 5 a\u00f1os.<\/li>\n<li class=\"ft-list__item\"><strong>6 de octubre.<\/strong> Comienza la vacunaci\u00f3n en las residencias de mayores y centros de discapacidad, as\u00ed como a profesionales sanitarios y sociosanitarios.<\/li>\n<li class=\"ft-list__item\"><strong>14 de octubre.<\/strong> Personas de 80 a\u00f1os o m\u00e1s, grandes dependientes y sus cuidadores.<\/li>\n<li class=\"ft-list__item\"><strong>20 de octubre. <\/strong>Personas de 70 a\u00f1os o m\u00e1s, y a las de 5 a\u00f1os o m\u00e1s con patolog\u00edas cr\u00f3nicas.<\/li>\n<li class=\"ft-list__item\"><strong>27 de octubre. <\/strong>Poblaci\u00f3n general de 60 a\u00f1os o m\u00e1s, profesionales esenciales como cuerpos y fuerzas de seguridad del estado, bomberos y protecci\u00f3n civil, profesionales con exposici\u00f3n directa a animales y personal de instituciones penitenciarias.<\/li>\n<\/ul>\n<p><img decoding=\"async\" src=\"https:\/\/www.europesays.com\/es\/wp-content\/uploads\/2025\/09\/f0e53bc8-adff-4915-b726-4586797b5eed_alta-libre-aspect-ratio_default_0.jpg\" width=\"1200\" height=\"675\" alt=\"Una sanitaria vacuna a una mujer contra la gripe (Foto de archivo).\" class=\"ft-helper-img-rd\" loading=\"lazy\" hasdataaida=\"true\"\/><\/p>\n<p class=\"ft-helper-fontColor-quaternary ft-helper-fontSize-body-S ft-helper-spacer-t-xxs\">Una sanitaria vacuna a una mujer contra la gripe.  \/ EP<\/p>\n<p>Los ni\u00f1os, primero<\/p>\n<p class=\"ft-text\">Los<strong> ni\u00f1os y ni\u00f1as de entre 6 y 59 meses<\/strong>, ser\u00e1n los primeros en vacunarse a partir del 30 de septiembre. Adem\u00e1s, con el fin de que se inmunice al 70% de la poblaci\u00f3n en esta franja de edad se posibilita que<strong> los menores de 3 y 4 a\u00f1os sean vacunados en los centros educativos<\/strong> con el uso novedoso de la<strong> vacuna intranasal<\/strong>. Para estos tramos de edad la campa\u00f1a establece lo siguiente:<\/p>\n<ul class=\"ft-list ft-list--primary\" data-aida-text=\"\">\n<li class=\"ft-list__item\"><strong>Menores de 6 a 23 meses. <\/strong>Vacuna intramuscular en el Centro de Salud, previa cita.<\/li>\n<li class=\"ft-list__item\"><strong>Menores de 24 a 35 meses.<\/strong> Vacuna intranasal en el Centro de Salud, previa cita.<\/li>\n<li class=\"ft-list__item\"><strong>Menores de 36 a 59 meses. <\/strong>Vacuna intranasal en el colegio.<\/li>\n<\/ul>\n<p>Novedades de la campa\u00f1a<\/p>\n<p class=\"ft-text\">Desde la Consejer\u00eda de Salud y Familias indican que el objetivo general de la campa\u00f1a es claro: <strong>\u00abprevenir complicaciones graves en los grupos de mayor riesgo\u201d<\/strong>. As\u00ed, por cuarto a\u00f1o consecutivo, se vacunar\u00e1 a los menores de 5 a\u00f1os, \u201cuna medida que ha demostrado ser muy eficaz al <strong>reducir un 70% los ingresos hospitalarios<\/strong> por gripe grave en este grupo\u201d, se\u00f1alan. Adem\u00e1s, por segunda vez, la vacuna intranasal se administrar\u00e1 en colegios a ni\u00f1os de 3 y 4 a\u00f1os, una iniciativa que el a\u00f1o pasado logr\u00f3 vacunar al 65% de este grupo en el entorno escolar.<\/p>\n<p class=\"ft-text\">Otra novedad importante es que este a\u00f1o, <strong>los convivientes de menores de 5 a\u00f1os, mayores de 60, embarazadas y personas con patolog\u00edas cr\u00f3nicas<\/strong> podr\u00e1n vacunarse junto a ellos, reforzando la protecci\u00f3n familiar.<\/p>\n<p><img decoding=\"async\" src=\"https:\/\/www.europesays.com\/es\/wp-content\/uploads\/2025\/09\/c258607f-98cc-45fc-b1f8-643777f90675_alta-libre-aspect-ratio_default_0.jpg\" width=\"1200\" height=\"675\" alt=\"Vacunas de la gripe y el covid\" class=\"ft-helper-img-rd\" loading=\"lazy\" hasdataaida=\"true\"\/><\/p>\n<p class=\"ft-helper-fontColor-quaternary ft-helper-fontSize-body-S ft-helper-spacer-t-xxs\">Vacunas de la gripe y el covid  \/ RICARD CUGAT<\/p>\n<p>Vacuna del covid<\/p>\n<p class=\"ft-text\">En cuanto a la vacunaci\u00f3n contra la Covid, la estrategia nacional ha elevado la recomendaci\u00f3n a 70 a\u00f1os o m\u00e1s, ya que la mayor parte de los ingresos se concentran en este grupo. Las personas con patolog\u00edas de riesgo por debajo de esa edad tambi\u00e9n podr\u00e1n vacunarse.<\/p>\n<p>C\u00f3mo pedir cita para la vacuna de la gripe y covid<\/p>\n<p class=\"ft-text\">De forma progresiva se ir\u00e1 habilitando la posibilidad de solicitar cita por los canales habituales: <a class=\"ft-link ft-link--decoration\" href=\"https:\/\/www.sspa.juntadeandalucia.es\/servicioandaluzdesalud\/clicsalud\/\" rel=\"nofollow noopener\" target=\"_blank\">web ClicSalud+<\/a>, la App de Salud Andaluc\u00eda y Salud Responde, v\u00eda telef\u00f3nica por Salud Responde o contactando con su centro sanitario.\u00a0<\/p>\n","protected":false},"excerpt":{"rendered":"La Consejer\u00eda de Salud y Consumo ha puesto en marcha el calendario para la vacuna de la gripeen&hellip;\n","protected":false},"author":2,"featured_media":147302,"comment_status":"","ping_status":"","sticky":false,"template":"","format":"standard","meta":{"footnotes":""},"categories":[92],"tags":[45,259,6783,2760,45156,25,24,7749,165,166,23,8177,31027,45157],"class_list":{"0":"post-147301","1":"post","2":"type-post","3":"status-publish","4":"format-standard","5":"has-post-thumbnail","7":"category-salud","8":"tag-45","9":"tag-andalucia","10":"tag-calendario","11":"tag-cordoba","12":"tag-coronavirus-en-andalucia","13":"tag-es","14":"tag-espana","15":"tag-gripe","16":"tag-health","17":"tag-salud","18":"tag-spain","19":"tag-vacuna","20":"tag-vacuna-de-la-gripe","21":"tag-vacuna-del-covid"},"share_on_mastodon":{"url":"","error":""},"_links":{"self":[{"href":"https:\/\/www.europesays.com\/es\/wp-json\/wp\/v2\/posts\/147301","targetHints":{"allow":["GET"]}}],"collection":[{"href":"https:\/\/www.europesays.com\/es\/wp-json\/wp\/v2\/posts"}],"about":[{"href":"https:\/\/www.europesays.com\/es\/wp-json\/wp\/v2\/types\/post"}],"author":[{"embeddable":true,"href":"https:\/\/www.europesays.com\/es\/wp-json\/wp\/v2\/users\/2"}],"replies":[{"embeddable":true,"href":"https:\/\/www.europesays.com\/es\/wp-json\/wp\/v2\/comments?post=147301"}],"version-history":[{"count":0,"href":"https:\/\/www.europesays.com\/es\/wp-json\/wp\/v2\/posts\/147301\/revisions"}],"wp:featuredmedia":[{"embeddable":true,"href":"https:\/\/www.europesays.com\/es\/wp-json\/wp\/v2\/media\/147302"}],"wp:attachment":[{"href":"https:\/\/www.europesays.com\/es\/wp-json\/wp\/v2\/media?parent=147301"}],"wp:term":[{"taxonomy":"category","embeddable":true,"href":"https:\/\/www.europesays.com\/es\/wp-json\/wp\/v2\/categories?post=147301"},{"taxonomy":"post_tag","embeddable":true,"href":"https:\/\/www.europesays.com\/es\/wp-json\/wp\/v2\/tags?post=147301"}],"curies":[{"name":"wp","href":"https:\/\/api.w.org\/{rel}","templated":true}]}}