{"id":147313,"date":"2025-09-29T21:23:17","date_gmt":"2025-09-29T21:23:17","guid":{"rendered":"https:\/\/www.europesays.com\/es\/147313\/"},"modified":"2025-09-29T21:23:17","modified_gmt":"2025-09-29T21:23:17","slug":"tormentas-y-nubosidad-en-la-marina-alta-con-alerta-naranja-vigente-hasta-el-mediodia-sociedad","status":"publish","type":"post","link":"https:\/\/www.europesays.com\/es\/147313\/","title":{"rendered":"Tormentas y nubosidad en la Marina Alta con alerta naranja vigente hasta el mediod\u00eda | Sociedad"},"content":{"rendered":"<p class=\"loc\">D\u00e9nia<\/p>\n<p>La comarca de la Marina Alta afronta este martes, 30 de septiembre, con nueva jornada marcada por la inestabilidad meteorol\u00f3gica. La Agencia Estatal de Meteorolog\u00eda mantiene activos los avisos por lluvias y tormentas, lo que obliga a extremar las precauciones ante posibles episodios de precipitaciones intensas.<\/p>\n<p>El d\u00eda se presenta muy nuboso desde primeras horas, con probabilidad de chubascos que en determinados momentos podr\u00e1n ser persistentes. Aunque hacia la tarde-noche la situaci\u00f3n tender\u00e1 a mejorar con la apertura de claros, durante gran parte de la jornada se espera un ambiente gris y h\u00famedo.<\/p>\n<p>Las temperaturas no experimentar\u00e1n variaciones significativas respecto a las \u00faltimas horas. Se mantendr\u00e1n en valores suaves, con un ambiente fresco que se ver\u00e1 reforzado por la presencia de vientos mar\u00edtimos dominantes.<\/p>\n<p>Para el mi\u00e9rcoles, los pron\u00f3sticos apuntan a una ligera estabilizaci\u00f3n, entre comillas, de la atm\u00f3sfera. Se prev\u00e9n intervalos nubosos, con ratos de cielos cubiertos y todav\u00eda posibilidad de precipitaciones, aunque de menor intensidad. Los vientos ser\u00e1n variables en superficie y la mar se mantendr\u00e1 en estado de marejada.<\/p>\n<p>Un inicio de semana, en definitiva, que mantiene el protagonismo de las lluvias en la Marina Alta y que recuerda la importancia de estar atentos a los avisos oficiales y a la evoluci\u00f3n de la situaci\u00f3n meteorol\u00f3gica.<\/p>\n","protected":false},"excerpt":{"rendered":"D\u00e9nia La comarca de la Marina Alta afronta este martes, 30 de septiembre, con nueva jornada marcada por&hellip;\n","protected":false},"author":2,"featured_media":147314,"comment_status":"","ping_status":"","sticky":false,"template":"","format":"standard","meta":{"footnotes":""},"categories":[5],"tags":[17,18,25,24,13,14,11,19,20,9,10,15,16,23,12,21,22],"class_list":{"0":"post-147313","1":"post","2":"type-post","3":"status-publish","4":"format-standard","5":"has-post-thumbnail","7":"category-titulares","8":"tag-breaking-news","9":"tag-breakingnews","10":"tag-es","11":"tag-espana","12":"tag-featured-news","13":"tag-featurednews","14":"tag-headlines","15":"tag-latest-news","16":"tag-latestnews","17":"tag-news","18":"tag-noticias","19":"tag-noticias-destacadas","20":"tag-noticiasdestacadas","21":"tag-spain","22":"tag-titulares","23":"tag-ultimas-noticias","24":"tag-ultimasnoticias"},"share_on_mastodon":{"url":"","error":""},"_links":{"self":[{"href":"https:\/\/www.europesays.com\/es\/wp-json\/wp\/v2\/posts\/147313","targetHints":{"allow":["GET"]}}],"collection":[{"href":"https:\/\/www.europesays.com\/es\/wp-json\/wp\/v2\/posts"}],"about":[{"href":"https:\/\/www.europesays.com\/es\/wp-json\/wp\/v2\/types\/post"}],"author":[{"embeddable":true,"href":"https:\/\/www.europesays.com\/es\/wp-json\/wp\/v2\/users\/2"}],"replies":[{"embeddable":true,"href":"https:\/\/www.europesays.com\/es\/wp-json\/wp\/v2\/comments?post=147313"}],"version-history":[{"count":0,"href":"https:\/\/www.europesays.com\/es\/wp-json\/wp\/v2\/posts\/147313\/revisions"}],"wp:featuredmedia":[{"embeddable":true,"href":"https:\/\/www.europesays.com\/es\/wp-json\/wp\/v2\/media\/147314"}],"wp:attachment":[{"href":"https:\/\/www.europesays.com\/es\/wp-json\/wp\/v2\/media?parent=147313"}],"wp:term":[{"taxonomy":"category","embeddable":true,"href":"https:\/\/www.europesays.com\/es\/wp-json\/wp\/v2\/categories?post=147313"},{"taxonomy":"post_tag","embeddable":true,"href":"https:\/\/www.europesays.com\/es\/wp-json\/wp\/v2\/tags?post=147313"}],"curies":[{"name":"wp","href":"https:\/\/api.w.org\/{rel}","templated":true}]}}