{"id":147319,"date":"2025-09-29T21:27:18","date_gmt":"2025-09-29T21:27:18","guid":{"rendered":"https:\/\/www.europesays.com\/es\/147319\/"},"modified":"2025-09-29T21:27:18","modified_gmt":"2025-09-29T21:27:18","slug":"tres-golfistas-de-baleares-disputaran-el-mundial-amateur-en-corea","status":"publish","type":"post","link":"https:\/\/www.europesays.com\/es\/147319\/","title":{"rendered":"Tres golfistas de Baleares disputar\u00e1n el Mundial amateur en Corea"},"content":{"rendered":"<p class=\"ft-text\">Tres jugadores baleares estar\u00e1n en la<strong> Final Mundial de golf amateur, que se disputar\u00e1 en Jeju (Corea del Sur),<\/strong> tras lograr su clasificaci\u00f3n en la <strong>Final Nacional del Circuito WAGC by <\/strong><a class=\"ft-link ft-link--decoration\" href=\"https:\/\/www.diariodemallorca.es\/tags\/soft-line\/\" rel=\"nofollow noopener\" target=\"_blank\">Soft Line<\/a>, que se celebr\u00f3 del 19 al 21 de septiembre en los campos Infinitum Lakes &amp; Hills de la Costa Daurada\u2013Salou (Tarragona).<\/p>\n<p class=\"ft-text\">Un a\u00f1o m\u00e1s, los representantes de Baleares volvieron a brillar en una competici\u00f3n en la que <strong>la mitad de podios fueron para jugadores de las islas<\/strong>, confirmando el gran momento del golf balear y el potencial del Team Soft Line Golf<strong>.<\/strong><\/p>\n<p><img decoding=\"async\" src=\"https:\/\/www.europesays.com\/es\/wp-content\/uploads\/2025\/09\/9d06f342-7e80-41d2-a9b3-f63dd0532aa0_alta-libre-aspect-ratio_default_0.jpg\" width=\"1200\" height=\"676\" alt=\"Los ganadores del Circuito WAGC  jugar\u00e1n la final mundial en Corea\" class=\"ft-helper-img-rd\" loading=\"lazy\" hasdataaida=\"true\"\/><\/p>\n<p class=\"ft-helper-fontColor-quaternary ft-helper-fontSize-body-S ft-helper-spacer-t-xxs\">Los ganadores del Circuito WAGC jugar\u00e1n la final mundial en Corea  \/ R.D.<\/p>\n<p>Clasificados para la Final Mundial<\/p>\n<p class=\"ft-text\">\u2022 Moritz Sommerlad \u2013 2\u00aa categor\u00eda<\/p>\n<p class=\"ft-text\">\u2022 Juan Tom\u00e1s Galm\u00e9s \u2013 5\u00aa categor\u00eda<\/p>\n<p class=\"ft-text\">\u2022 Cristian Serra \u2013 Campe\u00f3n del Torneo Invitacional<\/p>\n<p class=\"ft-text\">Los tres jugadores <strong>viajar\u00e1n a la Isla de Jeju<\/strong> (Corea del Sur) para disputar la Final Mundial del WAGC, con<strong> todos los gastos cubiertos, representando a Espa\u00f1a y a las Illes Balears<\/strong> en el mayor escenario del golf amateur internacional.<\/p>\n<p class=\"ft-text\">La delegaci\u00f3n balear ha superado todas las expectativas en esta edici\u00f3n, participando <strong>cerca de 400 jugadores en un Circuito Balear de Golf WAGC by <\/strong><a class=\"ft-link ft-link--decoration\" href=\"https:\/\/www.diariodemallorca.es\/tags\/soft-line\/\" rel=\"nofollow noopener\" target=\"_blank\">Soft Line<\/a> que ha contado con <a class=\"ft-link ft-link--decoration\" href=\"https:\/\/www.diariodemallorca.es\/deportes\/2025\/08\/12\/antonia-schulz-gana-final-circuito-120569758.html\" rel=\"nofollow noopener\" target=\"_blank\">ocho torneos y una final<\/a> en distintos campos de Mallorca.<\/p>\n<p class=\"ft-text\">El <strong>Circuito Balear de Golf WAGC by Soft Line ha contado con patrocinadores<\/strong> como Quality Center, Baplin Uniformes, Representaciones Benito Ruiz, Ola Hotels, B\u00e9ns d\u2019Avall, Fibwi, J. Munne, AXA Sim\u00f3 Llabres, Bed\u2019s, Lafiore, TBA Log\u00edstic, ADN Golf, Anicla Distribuciones, Gispert, Queso Mah\u00f3n, Llucasaldent Gran, Quely, 007 Snacks, OKmobility, Reserva Rotana, Restaurante Andana, Club Hole in One, Holiday Golf, La Vida Dol\u00e7a, Embotits Sa Caldera, Coca-Cola, AirEuropa, L\u00e1cteos Palma, Ravent\u00f3s Codorn\u00edu y Mahou San Miguel.<\/p>\n","protected":false},"excerpt":{"rendered":"Tres jugadores baleares estar\u00e1n en la Final Mundial de golf amateur, que se disputar\u00e1 en Jeju (Corea del&hellip;\n","protected":false},"author":2,"featured_media":147320,"comment_status":"","ping_status":"","sticky":false,"template":"","format":"standard","meta":{"footnotes":""},"categories":[275],"tags":[2456,168,40342,25,24,329,607,1070,45161,23,167,603],"class_list":{"0":"post-147319","1":"post","2":"type-post","3":"status-publish","4":"format-standard","5":"has-post-thumbnail","7":"category-golf","8":"tag-baleares","9":"tag-deportes","10":"tag-disputaran","11":"tag-es","12":"tag-espana","13":"tag-golf","14":"tag-golfistas","15":"tag-mundial","16":"tag-soft-line","17":"tag-spain","18":"tag-sports","19":"tag-tres"},"share_on_mastodon":{"url":"","error":""},"_links":{"self":[{"href":"https:\/\/www.europesays.com\/es\/wp-json\/wp\/v2\/posts\/147319","targetHints":{"allow":["GET"]}}],"collection":[{"href":"https:\/\/www.europesays.com\/es\/wp-json\/wp\/v2\/posts"}],"about":[{"href":"https:\/\/www.europesays.com\/es\/wp-json\/wp\/v2\/types\/post"}],"author":[{"embeddable":true,"href":"https:\/\/www.europesays.com\/es\/wp-json\/wp\/v2\/users\/2"}],"replies":[{"embeddable":true,"href":"https:\/\/www.europesays.com\/es\/wp-json\/wp\/v2\/comments?post=147319"}],"version-history":[{"count":0,"href":"https:\/\/www.europesays.com\/es\/wp-json\/wp\/v2\/posts\/147319\/revisions"}],"wp:featuredmedia":[{"embeddable":true,"href":"https:\/\/www.europesays.com\/es\/wp-json\/wp\/v2\/media\/147320"}],"wp:attachment":[{"href":"https:\/\/www.europesays.com\/es\/wp-json\/wp\/v2\/media?parent=147319"}],"wp:term":[{"taxonomy":"category","embeddable":true,"href":"https:\/\/www.europesays.com\/es\/wp-json\/wp\/v2\/categories?post=147319"},{"taxonomy":"post_tag","embeddable":true,"href":"https:\/\/www.europesays.com\/es\/wp-json\/wp\/v2\/tags?post=147319"}],"curies":[{"name":"wp","href":"https:\/\/api.w.org\/{rel}","templated":true}]}}