{"id":147323,"date":"2025-09-29T21:30:19","date_gmt":"2025-09-29T21:30:19","guid":{"rendered":"https:\/\/www.europesays.com\/es\/147323\/"},"modified":"2025-09-29T21:30:19","modified_gmt":"2025-09-29T21:30:19","slug":"albon-podria-ser-una-de-las-opciones-de-red-bull-para-2026","status":"publish","type":"post","link":"https:\/\/www.europesays.com\/es\/147323\/","title":{"rendered":"\u00bfAlbon podr\u00eda ser una de las opciones de Red Bull para 2026?"},"content":{"rendered":"<p>La gesti\u00f3n de los pilotos por parte de Helmut Marko ha sido criticada en m\u00e1s de una ocasi\u00f3n. El m\u00e1nager austriaco siempre ha ido a su aire, los comentarios le han resbalado con la elecci\u00f3n de <a href=\"https:\/\/lat.motorsport.com\/driver\/max-verstappen\/465982\/\" target=\"_blank\" rel=\"noopener nofollow\">Max Verstappen<\/a>, que le ha colocado en una posici\u00f3n de absoluta inmunidad. Pero hay un nombre que, incluso para el propio Marko, es motivo de arrepentimiento, el \u00fanico piloto que sigue siendo objetivo tras ser excluido del equipo a finales de 2020.<\/p>\n<p>Alexander Albon fue llamado dos veces en el programa de Red Bull, en el primer caso fue despedido tras una sola temporada (fue en 2013) para volver a ser llamado a finales de 2018 (temporada en la que Albon termin\u00f3 tercero en F2 por detr\u00e1s de Russell y Norris) ofreci\u00e9ndosele ser piloto en Toro Rosso. Poco dur\u00f3 su experiencia en Faenza, ya que tras doce Grandes Premios lleg\u00f3 su ascenso a Red Bull en sustituci\u00f3n de <a href=\"https:\/\/lat.motorsport.com\/driver\/pierre-gasly\/469687\/\" target=\"_blank\" rel=\"noopener nofollow\">Pierre Gasly<\/a>.<\/p>\n<p>Tambi\u00e9n se confirm\u00f3 su asiento junto a Verstappen en 2020, una temporada en la que Alex sum\u00f3 la mitad de puntos que Max, un bot\u00edn que Marko juzg\u00f3 insuficiente para tener futuro en el equipo. Tuvo que pasar alg\u00fan tiempo para poder leer correctamente lo que hizo Albon hace cinco a\u00f1os, en la que fue su primera temporada completa en Red Bull y la segunda de su vida en la F\u00f3rmula 1. Marko tambi\u00e9n se dio cuenta, pero mientras tanto Albon ha encontrado su propia dimensi\u00f3n en <a href=\"https:\/\/lat.motorsport.com\/team\/williams\/25737\/\" target=\"_blank\" rel=\"noopener nofollow\">Williams<\/a>, en el centro de un proyecto en alza que promete mucho para 2026.<\/p>\n<p>   <img decoding=\"async\" draggable=\"false\" src=\"https:\/\/www.europesays.com\/es\/wp-content\/uploads\/2025\/09\/1759181419_746_max-verstappen-red-bull-racing.jpg\" alt=\"Max Verstappen, Red Bull Racing, Yuki Tsunoda, Red Bull Racing, Alexander Albon, Williams, Carlos Sainz, Williams\" width=\"1200\" height=\"800\" loading=\"lazy\"\/> <\/p>\n<p class=\"title\">Max Verstappen, Red Bull Racing, Yuki Tsunoda, Red Bull Racing, Alexander Albon, Williams, Carlos Sainz.<\/p>\n<p class=\"photographer\">Foto de: Peter Fox \/ Getty Images<\/p>\n<p>Sin embargo, la herida sigue abierta. Hubo momentos (en 2023) en los que Red Bull sonde\u00f3 la posici\u00f3n de Albon, y las llamadas telef\u00f3nicas se han reanudado de nuevo en las \u00faltimas semanas. No hay muchos detalles sobre los objetivos del t\u00e1ndem Marko-Mekies; Albon podr\u00eda ser una opci\u00f3n en 2027, pero no es seguro que no lo sea para la pr\u00f3xima temporada. Adem\u00e1s, el acuerdo cuenta con el respaldo del tailand\u00e9s Chalerm Yoovidhya, accionista mayoritario del grupo Red Bull. Albon naci\u00f3 en Londres, pero ha mantenido fuertes lazos con Tailandia, pa\u00eds de origen de su madre.<\/p>\n<p>El rompecabezas es complicado. Red Bull tiene cuatro asientos que cubrir para la pr\u00f3xima temporada, dos de ellos para Verstappen y Hadjar. Los candidatos para los otros dos asientos son <a href=\"https:\/\/lat.motorsport.com\/driver\/liam-lawson\/826047\/\" target=\"_blank\" rel=\"noopener nofollow\">Liam Lawson<\/a>, <a href=\"https:\/\/lat.motorsport.com\/driver\/yuki-tsunoda\/828556\/\" target=\"_blank\" rel=\"noopener nofollow\">Yuki Tsunoda<\/a> y Arvid Lindblad, una lista a la que tambi\u00e9n podr\u00eda sumarse Albon, en su caso para el asiento junto a Verstappen. Las posibilidades de que el acuerdo pueda materializarse en estos momentos no parecen altas, no tanto por las limitaciones contractuales (el empuje de Chalerm Yoovidhya podr\u00eda facilitar una compensaci\u00f3n econ\u00f3mica) como por la situaci\u00f3n en la que se encuentra Red Bull a d\u00eda de hoy.<\/p>\n<p>Por un lado, el deseo de Albon de tomarse una gran revancha, volviendo a ocupar el asiento que se le neg\u00f3 hace cinco a\u00f1os, y probablemente conseguir\u00eda un contrato de piloto de primera con un salario considerable. Por otro lado, para Alex significar\u00eda elegir el asiento que ha demostrado ser el m\u00e1s caliente en los \u00faltimos a\u00f1os, con el a\u00f1adido de un nuevo (y gran) interrogante. En el plano t\u00e9cnico, nada garantiza que en 2026 veamos un Red Bull con mejor paquete que Williams, un proyecto emergente que podr\u00e1 apoyarse en la unidad de potencia <a href=\"https:\/\/lat.motorsport.com\/team\/mercedes-amg-f1\/25731\/\" target=\"_blank\" rel=\"noopener nofollow\">Mercedes<\/a>. Si llega un \u00abno, gracias\u00bb, Marko tendr\u00e1 que resignarse y aceptar el error que cometi\u00f3 hace cinco a\u00f1os.<\/p>\n<p>M\u00e1s de la F1:<\/p>\n","protected":false},"excerpt":{"rendered":"La gesti\u00f3n de los pilotos por parte de Helmut Marko ha sido criticada en m\u00e1s de una ocasi\u00f3n.&hellip;\n","protected":false},"author":2,"featured_media":147324,"comment_status":"","ping_status":"","sticky":false,"template":"","format":"standard","meta":{"footnotes":""},"categories":[270],"tags":[2103,168,25,24,306,271,272,1230,2092,23,167,45162],"class_list":{"0":"post-147323","1":"post","2":"type-post","3":"status-publish","4":"format-standard","5":"has-post-thumbnail","7":"category-formula-1","8":"tag-alex-albon","9":"tag-deportes","10":"tag-es","11":"tag-espana","12":"tag-f1","13":"tag-formula-1","14":"tag-formula1","15":"tag-fu00f3rmula-1","16":"tag-red-bull-racing","17":"tag-spain","18":"tag-sports","19":"tag-u00bfalbon-podru00eda-ser-una-de-las-opciones-de-red-bull-para-2026"},"share_on_mastodon":{"url":"","error":""},"_links":{"self":[{"href":"https:\/\/www.europesays.com\/es\/wp-json\/wp\/v2\/posts\/147323","targetHints":{"allow":["GET"]}}],"collection":[{"href":"https:\/\/www.europesays.com\/es\/wp-json\/wp\/v2\/posts"}],"about":[{"href":"https:\/\/www.europesays.com\/es\/wp-json\/wp\/v2\/types\/post"}],"author":[{"embeddable":true,"href":"https:\/\/www.europesays.com\/es\/wp-json\/wp\/v2\/users\/2"}],"replies":[{"embeddable":true,"href":"https:\/\/www.europesays.com\/es\/wp-json\/wp\/v2\/comments?post=147323"}],"version-history":[{"count":0,"href":"https:\/\/www.europesays.com\/es\/wp-json\/wp\/v2\/posts\/147323\/revisions"}],"wp:featuredmedia":[{"embeddable":true,"href":"https:\/\/www.europesays.com\/es\/wp-json\/wp\/v2\/media\/147324"}],"wp:attachment":[{"href":"https:\/\/www.europesays.com\/es\/wp-json\/wp\/v2\/media?parent=147323"}],"wp:term":[{"taxonomy":"category","embeddable":true,"href":"https:\/\/www.europesays.com\/es\/wp-json\/wp\/v2\/categories?post=147323"},{"taxonomy":"post_tag","embeddable":true,"href":"https:\/\/www.europesays.com\/es\/wp-json\/wp\/v2\/tags?post=147323"}],"curies":[{"name":"wp","href":"https:\/\/api.w.org\/{rel}","templated":true}]}}