{"id":147340,"date":"2025-09-29T21:40:15","date_gmt":"2025-09-29T21:40:15","guid":{"rendered":"https:\/\/www.europesays.com\/es\/147340\/"},"modified":"2025-09-29T21:40:15","modified_gmt":"2025-09-29T21:40:15","slug":"la-vacunacion-de-gripe-en-los-colegios-se-ofrece-a-mas-de-8-500-ninos-de-1o-2o-y-3o-de-infantil","status":"publish","type":"post","link":"https:\/\/www.europesays.com\/es\/147340\/","title":{"rendered":"La vacunaci\u00f3n de gripe en los colegios se ofrece a m\u00e1s de 8.500 ni\u00f1os de 1\u00ba, 2\u00ba y 3\u00ba de Infantil"},"content":{"rendered":"<p class=\"paragraph\">Hasta 91 centros de salud y 127 colegios van a participar en la campa\u00f1a de vacunaci\u00f3n escolar de la gripe. La directora general de Salud P\u00fablica del Gobierno de Arag\u00f3n, Nuria Gay\u00e1n, ha mostrado su satisfacci\u00f3n por la alta predisposici\u00f3n que han mostrado tanto profesionales del SALUD como de Educaci\u00f3n para impulsar la administraci\u00f3n de la vacuna frente a la gripe de los m\u00e1s peque\u00f1os y, de esa manera, proteger a los ni\u00f1os, a su entorno y facilitar la conciliaci\u00f3n laboral de las familias.<\/p>\n<p>    <strong id=\"m133-132-134\">Por qu\u00e9 es tan importante vacunar a los ni\u00f1os<\/strong>Declaraciones de la directora general de Salud P\u00fablica del Gobierno de Arag\u00f3n, Nuria Gay\u00e1n<\/p>\n<p class=\"paragraph\">La directora general de Pol\u00edtica Educativa, Ordenaci\u00f3n Acad\u00e9mica y Formaci\u00f3n Permanente ha manifestado que \u00abla alta participaci\u00f3n de colegios refleja el compromiso del \u00e1mbito educativo con la salud infantil y el bienestar de las familias mediante la vacunaci\u00f3n escolar\u00bb. \u00abEsta medida, implementada en centros educativos de Zaragoza, Huesca y Teruel, combina la protecci\u00f3n frente esta enfermedad con un importante apoyo a la conciliaci\u00f3n familiar y laboral\u201d, ha dicho. \u201cAdem\u00e1s, la vacunaci\u00f3n en entorno escolar contribuye a reducir el absentismo en las aulas infantiles dado que la gripe es una de las causas principales de este durante los meses de invierno y minimiza tambi\u00e9n las ausencias laborales de los padres para su atenci\u00f3n y cuidado<\/p>\n<p>    <strong id=\"m147-146-148\">Proteger a los ni\u00f1os y ayudar a la conciliaci\u00f3n familiar<\/strong>Declaraciones de la directora general de Pol\u00edtica Educativa, Ordenaci\u00f3n Acad\u00e9mica y Educaci\u00f3n Permanente, Ana Moracho,<\/p>\n<p class=\"paragraph\"><strong>De 3 a 5 a\u00f1os y vacuna intranasal<\/strong><\/p>\n<p class=\"paragraph\">Ambas directivas han comparecido hoy en rueda de prensa para presentar esta campa\u00f1a escolar que se celebrar\u00e1 a partir del 10 de octubre. La vacunaci\u00f3n se plantea exclusivamente en las aulas de segundo ciclo de Educaci\u00f3n Infantil para alumnos de 1\u00ba, 2\u00ba y 3\u00ba, es decir, ni\u00f1os de 3, 4 y 5 a\u00f1os. Dado que la edad m\u00ednima para recibir la vacuna intranasal son 24 meses, todos los ni\u00f1os podr\u00edan recibirla, salvo contraindicaciones.<\/p>\n<p class=\"paragraph\">Si el a\u00f1o pasado se ofreci\u00f3 la vacuna a 1.514 alumnos y participaron en esta estrategia 9 centros de salud y 29 colegios, este a\u00f1o la oferta se ampl\u00eda a 8.572 ni\u00f1os  del segundo ciclo de Infantil, con la implicaci\u00f3n de 91 centros de salud y 127 colegios.\u00a0<\/p>\n<p>    <strong id=\"m161-160-162\">8.572 ni\u00f1os de 127 colegios<\/strong>Moracho explica las principales cifras de esta campa\u00f1a<\/p>\n<p class=\"paragraph\">Como el a\u00f1o pasado, participan colegios repartidos por toda la geograf\u00eda aragonesa y tanto de car\u00e1cter p\u00fablico como privado. La diferencia es que en esta ocasi\u00f3n el n\u00famero de centros participantes se ha multiplicado por cuatro. El 81% de las familias que participaron el a\u00f1o pasado mostraron el m\u00e1ximo nivel de satisfacci\u00f3n por esta iniciativa. Adem\u00e1s el 73,7% de los equipos directivos afirmaron que recomendar\u00edan la experiencia a otros centros educativos.\u00a0<\/p>\n<p class=\"paragraph\"><strong>Se recuerda que aquellos ni\u00f1os de estas edades que no puedan o no quieran vacunarse en sus colegios, as\u00ed como el resto de ni\u00f1os de otras edades comprendidas en la poblaci\u00f3n diana de la campa\u00f1a, que este a\u00f1o se extiende hasta cumplir los 8 a\u00f1os, podr\u00e1n vacunarse gratuitamente en sus centros de salud.<\/strong><\/p>\n<p class=\"paragraph\">Lo \u00fanico que deben hacer los padres, madres o tutores legales es solicitar cita a trav\u00e9s de SaludInforma, siguiendo el procedimiento que en dicha plataforma se indica y rellenando un formulario. El plazo termina el 2 de octubre. Dentro de los datos que se solicitan es indispensable indicar el centro educativo en el que cursa estudios el menor ya que solo y \u00fanicamente ser\u00e1 inmunizado en el centro en el que est\u00e9 matriculado. Si el centro educativo no participa en esta campa\u00f1a, se informar\u00e1 de esta circunstancia en el momento de pedir la cita, pero record\u00e1ndole que siempre se puede vacunar al menor en su centro de salud correspondiente solicitando cita para vacunar de gripe tambi\u00e9n a trav\u00e9s de SaludInforma.<\/p>\n<p class=\"paragraph\">Por otro lado, la directora general de Salud P\u00fablica tambi\u00e9n ha informado sobre la campa\u00f1a de la gripe general y contra el virus respiratorio sincital (VRS), que se reanudan este mes de octubre.<\/p>\n<p class=\"paragraph\"><strong>VIRUS RESPIRATORIO SINCITIAL<\/strong><\/p>\n<p class=\"paragraph\">Arag\u00f3n, a trav\u00e9s de la Direcci\u00f3n General de Salud P\u00fablica, adquiere nuevamente 8.500 dosis para la temporada 2025-2026 para proteger a los m\u00e1s peque\u00f1os contra este virus, que es responsable de una carga de enfermedad elevada en la infancia y es la principal causa de infecciones en las v\u00edas respiratorias inferiores en la poblaci\u00f3n infantil menor de un a\u00f1o, especialmente las relacionadas con bronquiolitis y neumon\u00eda.<\/p>\n<p class=\"paragraph\">Entre los lactantes que recibieron el anticuerpo monoclonal nirsevimab, el riesgo de hospitalizaci\u00f3n por VRS fue entre un 81% y un 84% menor que entre aquellos que no lo recibieron. Fruto de este \u00e9xito es la implementaci\u00f3n de esta medida en otros pa\u00edses. La decisi\u00f3n de administrar el anticuerpo monoclonal frente al VRS se mantuvo para la temporada 2024\/25 y se mantiene para la temporada 2025\/26.<\/p>\n<p>    <strong id=\"m175-174-176\">Se han adquirido 8.500 dosis para combatir el VRS<\/strong>Gay\u00e1n explica que es la tercera temporada que se realiza esta inmunizaci\u00f3n<\/p>\n<p class=\"paragraph\"><strong>\u00bfA qui\u00e9n se recomienda la protecci\u00f3n del VRS?<\/strong><\/p>\n<p class=\"paragraph\">&#8211;\tA todos los ni\u00f1os nacidos entre el 1 abril de 2024 y el 31 de marzo de 2026.<\/p>\n<p class=\"paragraph\">&#8211;\tA los prematuros de menos de 35 semanas, antes de cumplir 12 meses de edad cronol\u00f3gica. Si recibieron una dosis en la temporada anterior, podr\u00e1n recibir una nueva dosis al inicio de la actual si todav\u00eda no han cumplido 12 meses de edad.<\/p>\n<p class=\"paragraph\">&#8211;\tA la poblaci\u00f3n infantil con alto riesgo de enfermedad grave por VRS. En este \u00faltimo grupo se incluye aquellos que presentan determinadas cardiopat\u00edas cong\u00e9nitas; displasia broncopulmonar o han pasado por una cirug\u00eda card\u00edaca con bypass cardiopulmonar. Tambi\u00e9n se incluyen en este grupo ni\u00f1os con otras patolog\u00edas de base que suponen un gran riesgo para padecer bronquiolitis grave, como son: inmunodepresi\u00f3n, errores cong\u00e9nitos del metabolismo, enfermedades neuromusculares, enfermedades pulmonares graves, s\u00edndromes gen\u00e9ticos con problemas respiratorios relevantes, s\u00edndrome de Down, fibrosis qu\u00edstica y aquellos ni\u00f1os en cuidados paliativos. Este a\u00f1o se han incluido tambi\u00e9n en este grupo a los ni\u00f1os que presenten malformaciones esof\u00e1gicas.<\/p>\n<p class=\"paragraph\"><strong>\u00bfC\u00f3mo y d\u00f3nde?<\/strong><\/p>\n<p class=\"paragraph\">\u2022\tLos menores de 6 meses nacidos a partir del 1 abril de 2025 y hasta el 30 de septiembre, recibir\u00e1n el anticuerpo en su centro de salud. Captaci\u00f3n activa<\/p>\n<p class=\"paragraph\">\u2022\tLos beb\u00e9s nacidos durante la temporada (a partir del 1 octubre de 2025 y hasta el 31 de marzo de 2026) ser\u00e1n inmunizados en el centro hospitalario al nacimiento<\/p>\n<p class=\"paragraph\">\u2022\tLos ni\u00f1os con factores de riesgo podr\u00e1n recibir la dosis en el centro hospitalario (capaci\u00f3n activa)<\/p>\n<p class=\"paragraph\">El inicio de inmunizaci\u00f3n se ha establecido este 1 de octubre.<\/p>\n<p class=\"paragraph\"><strong>Protecci\u00f3n del VRS tambi\u00e9n para los m\u00e1s mayores<\/strong><\/p>\n<p class=\"paragraph\">Adem\u00e1s, este a\u00f1o se ha decidido proteger a los m\u00e1s mayores contra este virus. En este caso se utiliza una vacuna distinta, Arexvy, que tiene una protecci\u00f3n de al menos tres a\u00f1os, y va dirigida exclusivamente a los mayores que viven en centros residenciales a partir de 60 a\u00f1os y personas con determinadas patolog\u00edas de muy alto riesgo como trasplante de pulm\u00f3n trasplante de progenitores hematopoy\u00e9ticos a partir de 50 a\u00f1os. Arag\u00f3n ha adquirido 22.000 dosis para este objetivo.<\/p>\n<p>    <strong id=\"m189-188-190\">Protecci\u00f3n del VRS tambi\u00e9n para los m\u00e1s mayores<\/strong>La directora de Salud P\u00fablica explica la novedad de este a\u00f1o<\/p>\n<p class=\"paragraph\"><strong>VACUNACI\u00d3N FRENTE A LA GRIPE<\/strong><\/p>\n<p class=\"paragraph\">Por otro lado, a partir del 1 de octubre comienza la campa\u00f1a de vacunaci\u00f3n de la gripe 25\/26, si bien la administraci\u00f3n a los distintos grupos recomendados se har\u00e1 de forma escalonada. La novedad de este a\u00f1o es que se ha optado reducir el n\u00famero de fechas, por operatividad y para simplificar el calendario para la poblaci\u00f3n.\u00a0\u00a0<\/p>\n<p class=\"paragraph\">Para la campa\u00f1a de gripe de este a\u00f1o, Arag\u00f3n ha adquirido un total de 419.000 dosis por valor de 3,8 millones de euros. Nuria Gay\u00e1n ha recordado que este coste supone una inversi\u00f3n econ\u00f3mica ya que la vacunaci\u00f3n permite reducir hospitalizaciones y ha insistido en que aunque la poblaci\u00f3n a veces no tiene conciencia de la gravedad de la gripe, hay un alto riesgo de mortalidad y graves complicaciones en determinados grupos de poblaci\u00f3n. Ha advertido tambi\u00e9n de que los datos de gripe que ahora se est\u00e1n recogiendo en Australia muestran que est\u00e1 ocasionando muchas hospitalizaciones.\u00a0\u00a0<\/p>\n<p>    <strong id=\"m203-202-204\">Protecci\u00f3n frente a la gripe<\/strong>Declaraciones de Nuria Gay\u00e1n<\/p>\n<p>    <strong id=\"m217-216-218\">Incidencia muy alta en Australia<\/strong>Declaraciones de Nuria Gay\u00e1n\u00a0<\/p>\n<p class=\"paragraph\">&#8211;\tA partir de del 1 de octubre se abrir\u00e1 la vacunaci\u00f3n de la gripe para los residentes y trabajadores de centros residenciales; los trabajadores de centros sanitarios y las embarazadas.<\/p>\n<p class=\"paragraph\">&#8211;\tA partir del 10 de octubre, comienza la vacunaci\u00f3n infantil escolar. Los padres, madres o tutores pueden inscribir a sus hijos hasta el 2 de octubre.<\/p>\n<p class=\"paragraph\">&#8211;\tA partir del 20 de octubre, se iniciar\u00e1 en los centros de salud la vacunaci\u00f3n infantil y la dirigida a los mayores de 80 a\u00f1os.<\/p>\n<p class=\"paragraph\">&#8211;\tA partir del 3 de noviembre, se abre la vacunaci\u00f3n para el resto de grupos de riesgo.<\/p>\n<p class=\"paragraph\">Nuria Gay\u00e1n ha recordado que el a\u00f1o pasado se administraron 317.702 dosis de vacuna frente a la gripe, dato cerrado el 1 de abril de 2025. Las coberturas fueron muy altas entre la poblaci\u00f3n de m\u00e1s de 80 a\u00f1os (81,4%) y menores en el grupo de mayores de 60 a\u00f1os (60,6%). La directora general de Salud P\u00fablica ha recordado la importancia de inmunizar a la poblaci\u00f3n de riesgo porque \u201cevita graves complicaciones y mortalidad\u00bb. \u201cNuestro objetivo fundamental es proteger frente a la gripe a las personas con mayor probabilidad de complicaciones por razones de edad o por presentar patolog\u00edas previas\u201d, ha dicho.<\/p>\n<p class=\"paragraph\"><strong>Grupos poblaci\u00f3n diana para vacunaci\u00f3n frente a gripe:<\/strong><\/p>\n<p class=\"paragraph\"><strong>A<\/strong>.- Por el mayor riesgo de complicaciones o cuadros graves en caso de padecer estas infecciones:<\/p>\n<p class=\"paragraph\">1.\tPersonas de 60 a\u00f1os o m\u00e1s.<\/p>\n<p class=\"paragraph\">2.\tPoblaci\u00f3n infantil entre 6 meses y 7 a\u00f1os de edad (incluidos)<\/p>\n<p class=\"paragraph\">3.\tPersonas menores de 60 a\u00f1os de edad con condiciones de riesgo.<\/p>\n<p class=\"paragraph\">4.\tEmbarazadas en cualquier trimestre de gestaci\u00f3n y mujeres durante el puerperio (hasta los 6 meses tras el parto y que no se hayan vacunado durante el embarazo).<\/p>\n<p class=\"paragraph\">5.\tPersonas de 8 a 18 a\u00f1os de edad que reciben tratamiento prolongado con \u00e1cido acetilsalic\u00edlico, por la posibilidad de desarrollar un s\u00edndrome de Reye tras la gripe.<\/p>\n<p class=\"paragraph\"><strong>B<\/strong>. Para reducir el impacto y el mantenimiento de servicios cr\u00edticos y esenciales a la comunidad:<\/p>\n<p class=\"paragraph\">6.\tPersonal de centros sanitarios y sociosanitarios p\u00fablicos y privados (tanto sanitarios como no sanitarios, excepto estudiantes en los que solo se recomienda vacunaci\u00f3n frente a la gripe).<\/p>\n<p class=\"paragraph\">7.\tPersonas que trabajan en servicios p\u00fablicos esenciales, con especial \u00e9nfasis en los siguientes subgrupos: Fuerzas y cuerpos de seguridad del Estado, con dependencia nacional, auton\u00f3mica o local. Bomberos. Servicios de protecci\u00f3n civil.<\/p>\n<p class=\"paragraph\"><strong>C<\/strong>. Personas que pueden transmitir la gripe a aquellas que tienen riesgo de presentar complicaciones en caso de padecerla:<\/p>\n<p class=\"paragraph\">8. Personas que proporcionen cuidados domiciliarios y convivientes con pacientes recogidos en el apartado A, incluyendo a los cuidadores principales y convivientes de los menores de 6 meses.<\/p>\n<p class=\"paragraph\">9. Personal y estudiantes en pr\u00e1cticas en centros sanitarios y sociosanitarios, p\u00fablicos y privados,<\/p>\n<p class=\"paragraph\"><strong>D.<\/strong> Otros grupos de riesgo:<\/p>\n<p class=\"paragraph\">10. Personal de guarder\u00edas y centros de educaci\u00f3n infantil (hasta los 6 a\u00f1os)<\/p>\n<p class=\"paragraph\">11. Personas con exposici\u00f3n laboral directa a animales o a sus secreciones en granjas o explotaciones av\u00edcolas, porcinas o de visones o a fauna silvestre (aves, jabal\u00edes o must\u00e9lidos), como ganaderos, veterinarios, trabajadores de granjas, cazadores, ornit\u00f3logos, agentes de medioambiente, personal de zool\u00f3gicos\u2026 La finalidad es reducir la oportunidad de infecci\u00f3n concomitante de virus humano y aviar o porcino, disminuyendo la posibilidad de recombinaci\u00f3n o intercambio gen\u00e9tico entre ambos virus\u00a0<\/p>\n<p class=\"paragraph\"><strong>VACUNACI\u00d3N FRENTE A COVID<\/strong><\/p>\n<p class=\"paragraph\">La principal novedad se refiere a los grupos a los que se recomienda esta vacunaci\u00f3n.<\/p>\n<p class=\"paragraph\">&#8211;\tSe emiten a nivel nacional recomendaciones independientes de vacunaci\u00f3n frente a gripe y frente a COVID.<\/p>\n<p class=\"paragraph\">&#8211;\tSe acota la edad de recomendaci\u00f3n a los 70 a\u00f1os o m\u00e1s.<\/p>\n<p class=\"paragraph\">&#8211;\tSe eliminan algunos grupos de riesgo a los que se recomienda la vacunaci\u00f3n que s\u00ed estaban incluidos anteriormente como: f\u00edstula de l\u00edquido cefalorraqu\u00eddeo, implante coclear, enfermedad cel\u00edaca, enfermedad inflamatoria cr\u00f3nica, alcoholismo y mujeres durante el puerperio; se rebaja la recomendaci\u00f3n de vacunaci\u00f3n en grupos profesionales.<\/p>\n<p class=\"paragraph\">S\u00ed se recomienda la vacunaci\u00f3n frente a COVID-19 durante la campa\u00f1a 2025-2026 a los siguientes grupos de poblaci\u00f3n:<\/p>\n<p class=\"paragraph\">Por el mayor riesgo de complicaciones o cuadros graves en cado de padecer esta infecci\u00f3n:<\/p>\n<p class=\"paragraph\">1.\tPersonas de 70 o m\u00e1s a\u00f1os de edad.<\/p>\n<p class=\"paragraph\">2.\tPersonas con especial vulnerabilidad: inmunosupresi\u00f3n (incluyendo las inmunodeficiencias primarias y la originada por la infecci\u00f3n por VIH o por f\u00e1rmacos, as\u00ed como en los receptores de trasplantes, CAR-T y d\u00e9ficit de complemento).<\/p>\n<p class=\"paragraph\">3.\tPersonas internas en centros de discapacidad, residencias de mayores y residentes en instituciones cerradas.<\/p>\n<p class=\"paragraph\">4.\tPersonas a partir de 12 a\u00f1os de edad pertenecientes a grupos de riesgo o con inmunosupresi\u00f3n grave.<\/p>\n<p class=\"paragraph\">5.\tTodas las embarazadas en cualquier trimestre de gestaci\u00f3n.<\/p>\n<p class=\"paragraph\">6.\tPersonas entre 6 meses y 11 a\u00f1os de edad con condiciones asociadas con un aumento importante de riesgo de enfermedad grave (trasplante de progenitores)<\/p>\n<p>    <a class=\"icon-file\" href=\"https:\/\/www.aragonhoy.es\/uploads\/files\/2025\/09\/29\/3PRESENTACION rueda prensa CAMPANA VACUNACION Y GRIPE ESCOLAR 25 26 definitiva.pdf\" rel=\"nofollow noopener\" target=\"_blank\"><\/p>\n<p>        Vacunaci\u00f3n gripe, VRS y covid<\/p>\n<p>    <\/a><\/p>\n","protected":false},"excerpt":{"rendered":"Hasta 91 centros de salud y 127 colegios van a participar en la campa\u00f1a de vacunaci\u00f3n escolar de&hellip;\n","protected":false},"author":2,"featured_media":147341,"comment_status":"","ping_status":"","sticky":false,"template":"","format":"standard","meta":{"footnotes":""},"categories":[92],"tags":[25,24,165,166,23,7589],"class_list":{"0":"post-147340","1":"post","2":"type-post","3":"status-publish","4":"format-standard","5":"has-post-thumbnail","7":"category-salud","8":"tag-es","9":"tag-espana","10":"tag-health","11":"tag-salud","12":"tag-spain","13":"tag-vacunacion"},"share_on_mastodon":{"url":"","error":""},"_links":{"self":[{"href":"https:\/\/www.europesays.com\/es\/wp-json\/wp\/v2\/posts\/147340","targetHints":{"allow":["GET"]}}],"collection":[{"href":"https:\/\/www.europesays.com\/es\/wp-json\/wp\/v2\/posts"}],"about":[{"href":"https:\/\/www.europesays.com\/es\/wp-json\/wp\/v2\/types\/post"}],"author":[{"embeddable":true,"href":"https:\/\/www.europesays.com\/es\/wp-json\/wp\/v2\/users\/2"}],"replies":[{"embeddable":true,"href":"https:\/\/www.europesays.com\/es\/wp-json\/wp\/v2\/comments?post=147340"}],"version-history":[{"count":0,"href":"https:\/\/www.europesays.com\/es\/wp-json\/wp\/v2\/posts\/147340\/revisions"}],"wp:featuredmedia":[{"embeddable":true,"href":"https:\/\/www.europesays.com\/es\/wp-json\/wp\/v2\/media\/147341"}],"wp:attachment":[{"href":"https:\/\/www.europesays.com\/es\/wp-json\/wp\/v2\/media?parent=147340"}],"wp:term":[{"taxonomy":"category","embeddable":true,"href":"https:\/\/www.europesays.com\/es\/wp-json\/wp\/v2\/categories?post=147340"},{"taxonomy":"post_tag","embeddable":true,"href":"https:\/\/www.europesays.com\/es\/wp-json\/wp\/v2\/tags?post=147340"}],"curies":[{"name":"wp","href":"https:\/\/api.w.org\/{rel}","templated":true}]}}