{"id":147399,"date":"2025-09-29T22:29:10","date_gmt":"2025-09-29T22:29:10","guid":{"rendered":"https:\/\/www.europesays.com\/es\/147399\/"},"modified":"2025-09-29T22:29:10","modified_gmt":"2025-09-29T22:29:10","slug":"el-honoris-causa-de-nadal-en-salamanca-toma-forma-birrete-y-padrino-ya-estan-decididos","status":"publish","type":"post","link":"https:\/\/www.europesays.com\/es\/147399\/","title":{"rendered":"El honoris causa de Nadal en Salamanca toma forma: birrete y padrino ya est\u00e1n decididos"},"content":{"rendered":"<p><a class=\"v-mdl-ath__fig-a\" href=\"https:\/\/www.salamancahoy.es\/autor\/felix-oliva-5455.html\" title=\"F\u00e9lix Oliva\" rel=\"nofollow noopener\" target=\"_blank\"><br \/>\n<img decoding=\"async\" class=\"v-mdl-ath__img\" src=\"https:\/\/www.europesays.com\/es\/wp-content\/uploads\/2025\/07\/autor-5455-foto-2.jpeg\" alt=\"F\u00e9lix Oliva\"\/><br \/>\n<\/a><\/p>\n<p class=\"v-mdl-ath__p v-mdl-ath__p--6\">\nLunes, 29 de septiembre 2025, 18:55<\/p>\n<p class=\"v-p\">La ceremonia de entrega del doctorado Honoris Causa por la Universidad de Salamanca a Rafael Nadal va despejando algunos detalles en un acontecimiento que ser\u00e1 \u00fanico en la ciudad. El legendario campe\u00f3n de tenis acept\u00f3 en su d\u00eda la proclamaci\u00f3n y, tras un largo trabajo para cuadrar agendas, estar\u00e1 el pr\u00f3ximo 3 de octubre en Salamanca para recibirlo y convertirse en el primer deportistas galardonado con el m\u00e1ximo reconocimiento que entrega la instituci\u00f3n.<\/p>\n<p class=\"v-p\">El acto ser\u00e1 multitudinario y protocolo de la instituci\u00f3n ya est\u00e1 trabajando en la colocaci\u00f3n de los asistentes. El n\u00famero de solicitudes de la comunidad acad\u00e9mica ha sido enorme y el espacio disponible en el Paraninfo.<\/p>\n<p><a href=\"http:\/\/www.salamancahoy.es\/salamanca\/universidad\/salmantinos-respaldan-honoris-causa-nadal-ejemplo-solo-20241219101535-nt.html#vtm_modulosEngag=mod-rel:salamanca:noticia:1:cmp:1-not\" class=\"v-a-link\" title=\"Los salmantinos opinan sobre Nadal como nuevo Honoris Causa: \u00abEs un ejemplo para los dem\u00e1s deportistas\u00bb\" rel=\"nofollow noopener\" target=\"_blank\"><br \/>\n<img decoding=\"async\" loading=\"lazy\" src=\"https:\/\/www.europesays.com\/es\/wp-content\/uploads\/2025\/09\/nadal1-kO6E--1200x840@SalamancaHoy.jpg\" class=\"v-a-img\" width=\"258\" height=\"180\" alt=\"Los salmantinos opinan sobre Nadal como nuevo Honoris Causa: \u00abEs un ejemplo para los dem\u00e1s deportistas\u00bb\"\/><\/p>\n<p><\/a><\/p>\n<p class=\"v-p\">El acto se ce\u00f1ir\u00e1 a los pasos de la ceremonia de honoris causa que, con muy pocas variaciones, celebra la Usal desde que hace un centenar de a\u00f1os se implantara esta distinci\u00f3n como la mayor. Se trata de un acto solemne en lat\u00edn, con presencia del claustro de doctores del estudio salmantino y que coronar\u00e1 al candidato con un elemento muy caracter\u00edstico, el birrete.<\/p>\n<p class=\"v-p\">Nadal ya tiene uno, porque en 2015 fue galardonado por la Universidad Europea de Madrid; y adem\u00e1s del de la Usal, <a href=\"https:\/\/www.salamancahoy.es\/salamanca\/universidad\/rafa-nadal-acepta-honori-causa-universidad-salamanca-20241218122346-nt.html\" target=\"_blank\" data-voc-vtm-id=\"in-text-traffic\" title=\"el primero que acepta\" data-mrf-link=\"www.salamancahoy.es\" rel=\"nofollow noopener\">el primero que acepta<\/a> y se le entrega tras su retirada de las pistas, tiene pendiente recoger el que la Universidad Polit\u00e9cnica de Madrid le concedi\u00f3 en 2022 y que el tenista solicit\u00f3 que se pospusiera hasta la finalizaci\u00f3n de su carrera deportiva. Lo recoger\u00e1 en marzo del a\u00f1o que viene.<\/p>\n<p class=\"v-p\">En el caso del birrete que se le va a entregar en Salamanca, el color elegido se rige por la especialidad. Seg\u00fan norma, a cada disciplina le corresponde un color para esta prenda. El de Nadal ser\u00e1 de color azul claro, ya que la candidatura institucional se defendi\u00f3 desde la Facultad de Educaci\u00f3n. <\/p>\n<p>La &#8216;laudatio&#8217;, de su padrino<\/p>\n<p class=\"v-p\">Adem\u00e1s del color de su birrete y de la muceta, la prenda que lleva sobre los hombros el uniforme de doctor, Nadal tambi\u00e9n conoce ya el nombre de su padrino en este lance. Ser\u00e1 el decano de la citada facultad, Ricardo Canal, quien haga la defensa o laudatio, el discurso en el que se pide formalmente al rector que otorgue el grado de doctor al candidato. No es de extra\u00f1ar porque as\u00ed le corresponde y porque fue quien hizo la propuesta.<\/p>\n<p class=\"v-p\">La propuesta fue defendida en su d\u00eda en los \u00f3rganos de la Usal por el decano de la Facultad de Educaci\u00f3n quien defini\u00f3 al tenista balear como \u00abuno de los mejores deportistas de todos los tiempos\u00bb y justific\u00f3 la propuesta, no tanto por sus logros deportivos, sino por ser \u00abun ejemplo en todo el mundo de valores como la disciplina y el trabajo en equipo, la humildad y la sencillez, la perseverancia y el esp\u00edritu de superaci\u00f3n y el compromiso con la excelencia\u00bb. <\/p>\n<p><img decoding=\"async\" loading=\"lazy\" src=\"https:\/\/www.europesays.com\/es\/wp-content\/uploads\/2025\/09\/IMG_1586-ktHD--650x455@SalamancaHoy.jpg\" class=\"v-a-img\" width=\"650\" height=\"455\" alt=\"\" data-voc-vtm-id=\"in-text-traffic\"\/><\/p>\n<p><img loading=\"lazy\" decoding=\"async\" src=\"https:\/\/www.europesays.com\/es\/wp-content\/uploads\/2025\/09\/IMG_1586-ktHD--650x455@SalamancaHoy.jpg\" class=\"v-mdl__img-z\" width=\"650\" height=\"455\" alt=\"\"\/><\/p>\n<p class=\"v-p\">Tambi\u00e9n est\u00e1 por ver si, como es habitual, el nuevo honoris causa recibe adem\u00e1s como obsequio uno de los tradicionales vitor. El \u00faltimo en recibirlo fue Miguel de Unamuno en la entrega a t\u00edtulo p\u00f3stumo de su distinci\u00f3n como rector perpetuo en 2024. <\/p>\n<p class=\"v-p\">El vitor es una inscripci\u00f3n cl\u00e1sica, hecha con una pintura y tipo de letra particulares y espec\u00edficos de esta funci\u00f3n y que recuerdan el paso de grandes personajes o de doctores honorarios por la Universidad. Adornan buena parte de los edificios y facultades hist\u00f3ricas del centro de Salamanca.<\/p>\n<p>Comenta<\/p>\n<p>Reporta un error<\/p>\n","protected":false},"excerpt":{"rendered":"Lunes, 29 de septiembre 2025, 18:55 La ceremonia de entrega del doctorado Honoris Causa por la Universidad de&hellip;\n","protected":false},"author":2,"featured_media":147400,"comment_status":"","ping_status":"","sticky":false,"template":"","format":"standard","meta":{"footnotes":""},"categories":[274],"tags":[45178,11072,45180,168,25,24,1142,36247,3489,45179,3614,23,167,327,326,4350],"class_list":{"0":"post-147399","1":"post","2":"type-post","3":"status-publish","4":"format-standard","5":"has-post-thumbnail","7":"category-tenis","8":"tag-birrete","9":"tag-causa","10":"tag-decididos","11":"tag-deportes","12":"tag-es","13":"tag-espana","14":"tag-forma","15":"tag-honoris","16":"tag-nadal","17":"tag-padrino","18":"tag-salamanca","19":"tag-spain","20":"tag-sports","21":"tag-tenis","22":"tag-tennis","23":"tag-toma"},"share_on_mastodon":{"url":"","error":""},"_links":{"self":[{"href":"https:\/\/www.europesays.com\/es\/wp-json\/wp\/v2\/posts\/147399","targetHints":{"allow":["GET"]}}],"collection":[{"href":"https:\/\/www.europesays.com\/es\/wp-json\/wp\/v2\/posts"}],"about":[{"href":"https:\/\/www.europesays.com\/es\/wp-json\/wp\/v2\/types\/post"}],"author":[{"embeddable":true,"href":"https:\/\/www.europesays.com\/es\/wp-json\/wp\/v2\/users\/2"}],"replies":[{"embeddable":true,"href":"https:\/\/www.europesays.com\/es\/wp-json\/wp\/v2\/comments?post=147399"}],"version-history":[{"count":0,"href":"https:\/\/www.europesays.com\/es\/wp-json\/wp\/v2\/posts\/147399\/revisions"}],"wp:featuredmedia":[{"embeddable":true,"href":"https:\/\/www.europesays.com\/es\/wp-json\/wp\/v2\/media\/147400"}],"wp:attachment":[{"href":"https:\/\/www.europesays.com\/es\/wp-json\/wp\/v2\/media?parent=147399"}],"wp:term":[{"taxonomy":"category","embeddable":true,"href":"https:\/\/www.europesays.com\/es\/wp-json\/wp\/v2\/categories?post=147399"},{"taxonomy":"post_tag","embeddable":true,"href":"https:\/\/www.europesays.com\/es\/wp-json\/wp\/v2\/tags?post=147399"}],"curies":[{"name":"wp","href":"https:\/\/api.w.org\/{rel}","templated":true}]}}