{"id":147411,"date":"2025-09-29T22:37:11","date_gmt":"2025-09-29T22:37:11","guid":{"rendered":"https:\/\/www.europesays.com\/es\/147411\/"},"modified":"2025-09-29T22:37:11","modified_gmt":"2025-09-29T22:37:11","slug":"esta-nueva-serie-de-terror-de-netflix-lo-ha-petado-tanto-que-ya-tiene-una-segunda-temporada-confirmada","status":"publish","type":"post","link":"https:\/\/www.europesays.com\/es\/147411\/","title":{"rendered":"Esta nueva serie de terror de Netflix lo ha petado tanto que ya tiene una segunda temporada confirmada"},"content":{"rendered":"<p>El anime se ha convertido r\u00e1pidamente en <a href=\"https:\/\/es.ign.com\/netflix\/221345\/news\/un-anime-muy-popular-en-netflix-confirma-una-tercera-temporada\" rel=\"nofollow noopener\" target=\"_blank\">una de las grandes estrellas de Netflix<\/a>. Hay proyectos muy prometedores en camino, as\u00ed como<strong> regresos inesperados<\/strong> (o no tanto).<\/p>\n<p>Y no te pierdas&#8230;<a href=\"https:\/\/es.ign.com\/untitled-battlefield-game\/221689\/news\/ea-se-privatiza-en-un-acuerdo-de-55-mil-millones-de-dolares-con-pif-silver-lake-y-affinity-partners\" class=\"recirc_odd\" rel=\"nofollow noopener\" target=\"_blank\"><img decoding=\"async\" class=\"image\" src=\"https:\/\/www.europesays.com\/es\/wp-content\/uploads\/2025\/09\/ea-goes-private-in-55-billion-deal-with-pif-silver-lake-and_pgzf.640.jpg\" alt=\"EA se privatiza en un acuerdo de 55 mil millones de d\u00f3lares con PIF, Silver Lake y Affinity Partners. Andrew Wilson permanecer\u00e1 como CEO\"\/>EA se privatiza en un acuerdo de 55 mil millones de d\u00f3lares con PIF, Silver Lake y Affinity Partners. Andrew Wilson permanecer\u00e1 como CEO<\/a><\/p>\n<p>El pasado mes de julio, la plataforma de streaming estren\u00f3 el anime de terror <strong>El verano en que Hikaru muri\u00f3<\/strong>, dirigido por Ryohei Takeshita en base a la obra original de Mokumokuren. El proyecto no tard\u00f3 en alcanzar el top 10 global de series de Netflix, consiguiendo millones de visualizaciones en todo el mundo. El resumen es que cautiv\u00f3 por completo a los suscriptores, as\u00ed que la compa\u00f1\u00eda ha dado una respuesta a cambio: El verano en que Hikaru muri\u00f3 regresar\u00e1 en un futuro con <strong>una segunda temporada<\/strong>. La noticia se dio en <a href=\"https:\/\/x.com\/hikaru_anime_en\" rel=\"noopener nofollow\" target=\"_blank\">X\/Twitter<\/a>, y vino acompa\u00f1ada de una imagen de la segunda temporada.<\/p>\n<p>De momento, no hay una fecha o ventana de estreno para los nuevos episodios, pero es agradable saber que <strong>ya est\u00e1n en producci\u00f3n<\/strong>.<\/p>\n<blockquote class=\"twitter-tweet\">\n<p dir=\"ltr\" lang=\"en\">The Summer Hikaru Died \u2013 Season 2 Production Confirmed, with a new visual revealed! \ud83c\udf89 <a href=\"https:\/\/t.co\/gvXTIAae6U\" rel=\"nofollow\">pic.twitter.com\/gvXTIAae6U<\/a><br \/>\n\u2014 \u3010The Summer Hikaru Died\u3011EN Global (@hikaru_anime_en) <a href=\"https:\/\/twitter.com\/hikaru_anime_en\/status\/1971974614516371643?ref_src=twsrc%5Etfw\" rel=\"nofollow noopener\" target=\"_blank\">September 27, 2025<\/a><\/p>\n<\/blockquote>\n<p>El verano en que Hikaru muri\u00f3 es un oscuro y delicioso bocado<\/p>\n<p>Los dos actores protagonistas de la serie, <strong>Shuichiro Umeda<\/strong> (Hikaru) y Chiaki Kobayashi (Yoshiki Tsujinaka) celebraron esta noticia con unas declaraciones.<\/p>\n<p>\u00abEstoy realmente feliz. Estoy deseando pasar m\u00e1s tiempo con Hikaru y los dem\u00e1s cuando volvamos al estudio de grabaci\u00f3n. Tambi\u00e9n tengo muchas ganas de compartir esta segunda temporada del anime con todos los fans. \u00a1<strong>Muchas gracias<\/strong>, como siempre, por vuestro apoyo!\u00bb, coment\u00f3 Umeda.<\/p>\n<p>\u00ab\u00a1Enhorabuena por el anuncio de la segunda temporada!\u00bb, a\u00f1adi\u00f3 Kobayashi. \u00abNo es una exageraci\u00f3n decir que, para m\u00ed, el verano de 2025 <strong>estuvo marcado<\/strong> por esta serie. Fue un momento muy significativo, y estoy realmente feliz de ver que la historia contin\u00faa\u00bb.<\/p>\n<p>La serie sigue los pasos de Hikaru y Yoshiki, dos amigos inseparables. La relaci\u00f3n cambia tras el regreso de Hikaru de las monta\u00f1as. Est\u00e1 diferente, pero Yoshiki no termina de comprender por qu\u00e9. \u00ab<strong>Algo se ha apoderado de su cuerpo<\/strong>, de sus recuerdos y de sus sentimientos. A partir de entonces, todo lo que conocen comienza a desmoronarse\u00bb, se\u00f1ala la sinopsis oficial del proyecto animado.<\/p>\n<p>Los 12 episodios que dan forma a la primera temporada ya se encuentran disponibles en <a href=\"https:\/\/www.netflix.com\/title\/81948057\" rel=\"noopener nofollow\" target=\"_blank\">Netlfix<\/a>. Todos tienen una duraci\u00f3n de <strong>23 minutos<\/strong>.<\/p>\n<p>                <script async src=\"https:\/\/platform.twitter.com\/widgets.js\" charset=\"utf-8\"><\/script><\/p>\n","protected":false},"excerpt":{"rendered":"El anime se ha convertido r\u00e1pidamente en una de las grandes estrellas de Netflix. Hay proyectos muy prometedores&hellip;\n","protected":false},"author":2,"featured_media":147412,"comment_status":"","ping_status":"","sticky":false,"template":"","format":"standard","meta":{"footnotes":""},"categories":[171],"tags":[146,147,25,24,23,214],"class_list":{"0":"post-147411","1":"post","2":"type-post","3":"status-publish","4":"format-standard","5":"has-post-thumbnail","7":"category-tv","8":"tag-entertainment","9":"tag-entretenimiento","10":"tag-es","11":"tag-espana","12":"tag-spain","13":"tag-tv"},"share_on_mastodon":{"url":"","error":""},"_links":{"self":[{"href":"https:\/\/www.europesays.com\/es\/wp-json\/wp\/v2\/posts\/147411","targetHints":{"allow":["GET"]}}],"collection":[{"href":"https:\/\/www.europesays.com\/es\/wp-json\/wp\/v2\/posts"}],"about":[{"href":"https:\/\/www.europesays.com\/es\/wp-json\/wp\/v2\/types\/post"}],"author":[{"embeddable":true,"href":"https:\/\/www.europesays.com\/es\/wp-json\/wp\/v2\/users\/2"}],"replies":[{"embeddable":true,"href":"https:\/\/www.europesays.com\/es\/wp-json\/wp\/v2\/comments?post=147411"}],"version-history":[{"count":0,"href":"https:\/\/www.europesays.com\/es\/wp-json\/wp\/v2\/posts\/147411\/revisions"}],"wp:featuredmedia":[{"embeddable":true,"href":"https:\/\/www.europesays.com\/es\/wp-json\/wp\/v2\/media\/147412"}],"wp:attachment":[{"href":"https:\/\/www.europesays.com\/es\/wp-json\/wp\/v2\/media?parent=147411"}],"wp:term":[{"taxonomy":"category","embeddable":true,"href":"https:\/\/www.europesays.com\/es\/wp-json\/wp\/v2\/categories?post=147411"},{"taxonomy":"post_tag","embeddable":true,"href":"https:\/\/www.europesays.com\/es\/wp-json\/wp\/v2\/tags?post=147411"}],"curies":[{"name":"wp","href":"https:\/\/api.w.org\/{rel}","templated":true}]}}