{"id":147413,"date":"2025-09-29T22:38:13","date_gmt":"2025-09-29T22:38:13","guid":{"rendered":"https:\/\/www.europesays.com\/es\/147413\/"},"modified":"2025-09-29T22:38:13","modified_gmt":"2025-09-29T22:38:13","slug":"la-guia-para-entender-y-vivir-el-fenomeno-coreano-que-ha-desembarcado-en-madrid","status":"publish","type":"post","link":"https:\/\/www.europesays.com\/es\/147413\/","title":{"rendered":"la gu\u00eda para entender (y vivir) el fen\u00f3meno coreano que ha desembarcado en Madrid"},"content":{"rendered":"<p id=\"eoFO1FWT6o\" data-wc=\"68\">Puede que pienses en<strong>\u00a0BTS\u00a0<\/strong>o en<strong>\u00a0El juego del calamar,<\/strong> pero el fen\u00f3meno que acaba de desembarcar en el coraz\u00f3n de Madrid con<strong>\u00a0la 2025 K-EXPO SPAIN\u00a0<\/strong>es mucho m\u00e1s grande. Se llama <strong>Hallyu<\/strong> (Ola coreana), y no es una moda pasajera, sino una estrategia cultural y econ\u00f3mica dise\u00f1ada para conquistar el mundo. Te explicamos en qu\u00e9 consiste este\u00a0tsunami que mueve masas y genera una fortuna.<\/p>\n<p> <img src=\"https:\/\/www.europesays.com\/es\/wp-content\/uploads\/2025\/09\/69ae2d80a838-gettyimages-1207828603.jpg\"   width=\"1024\" height=\"727\" loading=\"lazy\" decoding=\"async\" alt=\"BTS, la banda de K-Pop m\u00e1s famosa del mundo, ha llevado la Ola coreana a otro nivel con su m\u00fasica, sus coreograf\u00edas y una legi\u00f3n global de seguidores conocidos como ARMY\" fetchpriority=\"auto\" class=\"image ho-image\"\/>\u00a9 Getty ImagesBTS, la banda de K-Pop m\u00e1s famosa del mundo, ha llevado la Ola coreana a otro nivel con su m\u00fasica, sus coreograf\u00edas y una legi\u00f3n global de seguidores conocidos como ARMY<br \/>\nMadrid, capital del K-Style: la gu\u00eda para no perderte nada<\/p>\n<p id=\"eqebVJun34_\" data-wc=\"35\">Hasta el 30 de septiembre, el C\u00edrculo de Bellas Artes se transforma en un portal directo a Se\u00fal. La K-EXPO no es solo un evento para fans; es el escaparate de un plan perfectamente orquestado.<\/p>\n<ul data-wc=\"30\" id=\"ul-co49o74mg5ookj3\">\n<li dir=\"ltr\"><strong>\u00bfD\u00f3nde?\u00a0<\/strong>C\u00edrculo de Bellas Artes (Calle de Alcal\u00e1, 42).<\/li>\n<li dir=\"ltr\"><strong>\u00bfCu\u00e1ndo?<\/strong> Hoy lunes 29 y ma\u00f1ana martes 30 de septiembre.<\/li>\n<li dir=\"ltr\"><strong>\u00bfHorario?\u00a0<\/strong>De 13:00 a 21:00h.<\/li>\n<li dir=\"ltr\"><strong>\u00bfPrecio?<\/strong> La entrada es gratis hasta completar aforo.<\/li>\n<\/ul>\n<p id=\"eUFjqcmcloC\" data-wc=\"5\">Qu\u00e9 no te puedes perder:<\/p>\n<ul data-wc=\"50\" id=\"ul-co49o74mg5ookj4\">\n<li dir=\"ltr\"><strong>K-Food Cooking Show:<\/strong> Fusi\u00f3n Espa\u00f1a-Corea con V\u00edctor Sandoval y el chef Park Joon Woo.<\/li>\n<li dir=\"ltr\"><strong>K-Pop Cover Dance:<\/strong> Actuaciones de grupos locales como Ponysquad y Off Wild.<\/li>\n<li dir=\"ltr\"><strong>Zonas inmersivas:<\/strong> Desde un K-PC Caf\u00e9 para sentirte como un gamer en Se\u00fal hasta karaokes, pasando por demos de belleza y espacios de webtoons.<\/li>\n<\/ul>\n<p> <img src=\"https:\/\/www.europesays.com\/es\/wp-content\/uploads\/2025\/09\/7b8bdbd40ff0-gettyimages-2222617153.jpg\"   width=\"1024\" height=\"682\" loading=\"lazy\" decoding=\"async\" alt=\"\u2018El juego del calamar\u2019\" fetchpriority=\"auto\" class=\"image ho-image\"\/>\u00a9 Getty Images&#8217;El juego del calamar&#8217;, la serie surcoreana que se convirti\u00f3 en fen\u00f3meno global en 2021, marc\u00f3 un antes y un despu\u00e9s en la expansi\u00f3n internacional de la Ola Coreana<br \/>\n\u00bfQu\u00e9 es exactamente la &#8216;Ola coreana&#8217; y por qu\u00e9 no es casualidad?<\/p>\n<p id=\"eCFzgOqwvuo\" data-wc=\"55\">El t\u00e9rmino Hallyu se refiere a la popularidad global de la cultura surcoreana, pero lo fascinante es que no surgi\u00f3 por accidente. Es el resultado de <strong>una estrategia de \u00abpoder blando\u00bb (soft power)<\/strong>. En lugar de usar la fuerza militar, Corea del Sur decidi\u00f3 conquistar el mundo a trav\u00e9s de una imagen deseable y moderna.<\/p>\n<p id=\"e3oU0zoBL2k\" data-wc=\"84\">Todo comenz\u00f3 a finales de los 90. Tras<strong>\u00a0la grave crisis financiera asi\u00e1tica, el gobierno coreano apost\u00f3 por dos motores para el futuro del pa\u00eds: la tecnolog\u00eda y la cultura popular.<\/strong> Se elimin\u00f3 la censura, se invirti\u00f3 en j\u00f3venes talentos y se crearon productos de alt\u00edsima calidad. El K-Pop es el mejor ejemplo de esta \u00abf\u00e1brica\u00bb de \u00e9xito global: se importan melod\u00edas de los mejores compositores de Suecia y EE.UU. y se perfeccionan en Corea con un sistema de entrenamiento extremo y coreograf\u00edas milim\u00e9tricas.<\/p>\n<p> <img src=\"https:\/\/www.europesays.com\/es\/wp-content\/uploads\/2025\/09\/a42c91bf6b5d-adobestock1041211512.jpg\"   width=\"1024\" height=\"540\" loading=\"lazy\" decoding=\"async\" alt=\"bandera de Corea del Sur\" fetchpriority=\"auto\" class=\"image ho-image\"\/>\u00a9 stock.adobeBandera de Corea del Sur, s\u00edmbolo nacional tambi\u00e9n conocido como Taegeukgi, que representa el equilibrio del universo y los principios del yin y el yang<br \/>\nEl &#8216;Hallyu&#8217; en cifras: un negocio multimillonario<\/p>\n<p id=\"eN9kU3zEWVF\" data-wc=\"23\">El impacto de esta \u00abola\u00bb en la econom\u00eda es abrumador. En 2019, la cifra se dispar\u00f3 a <strong>m\u00e1s de 10.500 millones de euros<\/strong>.<\/p>\n<ul data-wc=\"70\" id=\"ul-co49o74mg5ookj7\">\n<li dir=\"ltr\"><a class=\"hm-link ho-link\" href=\"https:\/\/hola.tv\/videos\/musica\/asi-es-bts-la-banda-coreana-que-bate-records-en-las-redes-y-que-conquista-los-grammys-hola-tv\/\" rel=\"nofollow noopener\" data-mrf-recirculation=\"article-body-link\" target=\"_blank\"><strong>BTS<\/strong><\/a>, el grupo m\u00e1s famoso, genera por s\u00ed solo m\u00e1s de <strong>4.200 millones de euros al a\u00f1o<\/strong> para la econom\u00eda del pa\u00eds.<\/li>\n<li dir=\"ltr\">\u00c9xitos como<strong>\u00a0Par\u00e1sitos<\/strong> (ganadora de 4 Oscars) o<a class=\"hm-link ho-link\" href=\"https:\/\/www.hola.com\/actualidad\/20250708842229\/quien-es-quien-en-la-ultima-temporada-de-el-juego-del-calamar\/\" data-mrf-recirculation=\"article-body-link\" rel=\"nofollow noopener\" target=\"_blank\">\u00a0El juego del calamar<\/a> han disparado el inter\u00e9s global por el idioma, la historia y el estilo de vida coreanos.<\/li>\n<li dir=\"ltr\"><strong>En Madrid, <\/strong>mientras los fans disfrutan, en el Hotel Riu se esperan cerrar contratos de exportaci\u00f3n por<strong>\u00a0un valor superior a los 217 millones de euros.<\/strong><\/li>\n<\/ul>\n<p> <img src=\"https:\/\/www.europesays.com\/es\/wp-content\/uploads\/2025\/09\/d24937f759fb-gettyimages-2164302912.jpg\"   width=\"1024\" height=\"683\" loading=\"lazy\" decoding=\"async\" alt=\"El grupo femenino NewJeans, una de las bandas m\u00e1s influyentes del K-Pop actual\" fetchpriority=\"auto\" class=\"image ho-image\"\/>\u00a9 Getty ImagesEl grupo femenino NewJeans, una de las bandas m\u00e1s influyentes del K-Pop actual<br \/>\nLa ola que ya se vive en las calles de Madrid<\/p>\n<p id=\"eauRMLGr-B18\" data-wc=\"48\">Este fen\u00f3meno ya no es algo lejano. En Madrid, la Hallyu\u00a0se ha instalado en el d\u00eda a d\u00eda. La<a class=\"hm-link ho-link\" href=\"https:\/\/www.hola.com\/cocina\/noticias\/20240119246767\/bibimbap-plato-coreano-mas-buscado-google-2023\/\" data-mrf-recirculation=\"article-body-link\" rel=\"nofollow noopener\" target=\"_blank\">\u00a0<strong>gastronom\u00eda coreana vive un boom<\/strong><\/a>, con restaurantes como<strong>\u00a0Pury\u00a0<\/strong>o<strong>\u00a0Hanok<\/strong> llenos de clientes que quieren probar los platos que ven en sus series.<\/p>\n<p id=\"eNNfFapOsRym\" data-wc=\"53\">Adem\u00e1s, es habitual ver a grupos de baile como <strong>Neolight<\/strong> ensayando coreograf\u00edas de K-Pop en lugares tan ic\u00f3nicos como la Puerta del Sol o el Palacio Real. La K-EXPO es la prueba de que la ola coreana ha llegado para quedarse, transformando nuestros gustos y construyendo, de paso, un imperio cultural sin precedentes.<\/p>\n<p> <img src=\"https:\/\/www.europesays.com\/es\/wp-content\/uploads\/2025\/09\/cf4d03ccf69f-adobestock1609751244.jpg\"   width=\"1024\" height=\"682\" loading=\"lazy\" decoding=\"async\" alt=\"Comida coreana \" fetchpriority=\"auto\" class=\"image ho-image\"\/>\u00a9 stock.adobeLa gastronom\u00eda surcoreana, con platos ic\u00f3nicos como el kimchi, el bulgogi o el tteokbokki, conquista paladares en todo el mundo por su mezcla de tradici\u00f3n, sabor y modernidad<br \/>\nGlosario K-Style (para no perderte)<\/p>\n<ul data-wc=\"53\" id=\"ul-co49o74mg5ookja\">\n<li dir=\"ltr\"><strong>&#8216;Hallyu&#8217;:<\/strong>\u00a0ola coreana. El t\u00e9rmino que lo define todo.<\/li>\n<li dir=\"ltr\"><strong>&#8216;K-OST&#8217;:\u00a0<\/strong>las bandas sonoras de los K-Dramas (las series coreanas), un g\u00e9nero musical en s\u00ed mismo.<\/li>\n<li dir=\"ltr\"><strong>&#8216;Webtoon&#8217;:<\/strong> c\u00f3mic en formato digital dise\u00f1ado para leer haciendo scroll vertical en el m\u00f3vil.<\/li>\n<li dir=\"ltr\"><strong>&#8216;K-Beauty&#8217; \/ &#8216;K-Food&#8217;:<\/strong> La cosm\u00e9tica y la gastronom\u00eda coreanas, dos industrias que arrasan por su innovaci\u00f3n.<\/li>\n<\/ul>\n<p id=\"eoH5baOGDwMG\" data-wc=\"37\">Lo que vemos en Madrid estos d\u00edas es la punta del iceberg: la puesta en escena de una de las estrategias de marca-pa\u00eds m\u00e1s exitosas del siglo XXI, y una oportunidad \u00fanica para vivirla en primera persona.<\/p>\n","protected":false},"excerpt":{"rendered":"Puede que pienses en\u00a0BTS\u00a0o en\u00a0El juego del calamar, pero el fen\u00f3meno que acaba de desembarcar en el coraz\u00f3n&hellip;\n","protected":false},"author":2,"featured_media":147414,"comment_status":"","ping_status":"","sticky":false,"template":"","format":"standard","meta":{"footnotes":""},"categories":[170],"tags":[5738,3045,253,146,147,25,24,184,185,23],"class_list":{"0":"post-147413","1":"post","2":"type-post","3":"status-publish","4":"format-standard","5":"has-post-thumbnail","7":"category-musica","8":"tag-al-dia","9":"tag-curiosidades","10":"tag-discover","11":"tag-entertainment","12":"tag-entretenimiento","13":"tag-es","14":"tag-espana","15":"tag-music","16":"tag-musica","17":"tag-spain"},"share_on_mastodon":{"url":"","error":""},"_links":{"self":[{"href":"https:\/\/www.europesays.com\/es\/wp-json\/wp\/v2\/posts\/147413","targetHints":{"allow":["GET"]}}],"collection":[{"href":"https:\/\/www.europesays.com\/es\/wp-json\/wp\/v2\/posts"}],"about":[{"href":"https:\/\/www.europesays.com\/es\/wp-json\/wp\/v2\/types\/post"}],"author":[{"embeddable":true,"href":"https:\/\/www.europesays.com\/es\/wp-json\/wp\/v2\/users\/2"}],"replies":[{"embeddable":true,"href":"https:\/\/www.europesays.com\/es\/wp-json\/wp\/v2\/comments?post=147413"}],"version-history":[{"count":0,"href":"https:\/\/www.europesays.com\/es\/wp-json\/wp\/v2\/posts\/147413\/revisions"}],"wp:featuredmedia":[{"embeddable":true,"href":"https:\/\/www.europesays.com\/es\/wp-json\/wp\/v2\/media\/147414"}],"wp:attachment":[{"href":"https:\/\/www.europesays.com\/es\/wp-json\/wp\/v2\/media?parent=147413"}],"wp:term":[{"taxonomy":"category","embeddable":true,"href":"https:\/\/www.europesays.com\/es\/wp-json\/wp\/v2\/categories?post=147413"},{"taxonomy":"post_tag","embeddable":true,"href":"https:\/\/www.europesays.com\/es\/wp-json\/wp\/v2\/tags?post=147413"}],"curies":[{"name":"wp","href":"https:\/\/api.w.org\/{rel}","templated":true}]}}