{"id":147415,"date":"2025-09-29T22:39:13","date_gmt":"2025-09-29T22:39:13","guid":{"rendered":"https:\/\/www.europesays.com\/es\/147415\/"},"modified":"2025-09-29T22:39:13","modified_gmt":"2025-09-29T22:39:13","slug":"superman-y-los-cuatro-fantasticos","status":"publish","type":"post","link":"https:\/\/www.europesays.com\/es\/147415\/","title":{"rendered":"Superman y Los Cuatro Fant\u00e1sticos"},"content":{"rendered":"<p>        <a href=\"https:\/\/www.milcomics.com\/\" target=\"_blank\" onclick=\"gtag(&#039;event&#039;, &#039;Banner-MilComics&#039;, { &#039;event_category&#039;: &#039;Banner-MilComics&#039;, &#039;event_action&#039;:&#039;Banner-MilComics&#039;,&#039;event_label&#039;:&#039;Banner-MilComics&#039; });\" rel=\"nofollow noopener\"><img decoding=\"async\" src=\"https:\/\/www.europesays.com\/es\/wp-content\/uploads\/2025\/09\/banner-milcomics-header.jpg\"\/><\/a><br \/>\n<a href=\"https:\/\/www.europesays.com\/es\/wp-content\/uploads\/2025\/09\/18.super4ff.jpg\"><img fetchpriority=\"high\" decoding=\"async\" src=\"https:\/\/www.europesays.com\/es\/wp-content\/uploads\/2025\/09\/18.super4ff.jpg\" alt=\"\" width=\"180\" height=\"278\" class=\"alignleft size-thumbnail wp-image-189210\"\/><\/a><\/p>\n<p>Edici\u00f3n original: Superman \/ Fantastic Four \u2013 Marvel Comics \u2013 DC Comics \u2013 mayo 1999<br \/>Edici\u00f3n nacional\/Espa\u00f1a: Comics Forum \u2013 noviembre 1999<br \/>Guion: Dan Jurgens<br \/>Dibujo: Dan Jurgens<br \/>Entintado: Art Thibert<br \/>Color: Gregory Wright, Digital Chamaleon<br \/>Portada: Alex Ross<br \/>Traducci\u00f3n: Roque Gonz\u00e1lez<br \/>Realizaci\u00f3n t\u00e9cnica: Estudio Din&amp;Mita<br \/>Formato: 895 pesetas (n\u00famero \u00fanico en formato tabloide de sesenta y cuatro p\u00e1ginas).<\/p>\n<p>Antes del encuentro en la taquilla, hubo una reuni\u00f3n no so\u00f1ada\u2026<\/p>\n<blockquote>\n<p>\u00abEn otro universo, Superman existe.\u00bb<\/p>\n<\/blockquote>\n<p>Pr\u00f3logo: Tigres, leones \u00a1todos quieren ser los campeones!<\/p>\n<p>El verano que toca a su fin ha tenido como curiosidad comiquera y cinematogr\u00e1fica la coincidencia en las salas de los nuevos filmes dedicados a <strong>Superman<\/strong> y los <strong>Cuatro Fant\u00e1sticos.<\/strong> El duelo de audiencia y taquilla ha tenido su oportuno reflejo en las redes sociales, en un contexto en el que el g\u00e9nero superheroico parece estar en crisis. Sin embargo, m\u00e1s all\u00e1 de esas bizantinas discusiones que estar\u00edan mejor con comercio y bebercio de por medio, creo que ambas producciones parecen haber tenido el efecto de salvar los muebles en el plano econ\u00f3mico e inyectar una razonable esperanza entre la afici\u00f3n, despu\u00e9s de un periodo marcado por propuestas poco ilusionantes y resultados decepcionantes. <\/p>\n<p>Fuera del \u00e1mbito f\u00edlmico hay que reconocer que ni el Hombre de Acero ni la familia Richards est\u00e1n al nivel de sus mejores momentos. En mi opini\u00f3n, el primero ha cedido su primac\u00eda al otro gran personaje de la editorial, Batman, en tanto que los segundos no han vuelto a ser relevantes desde los d\u00edas de la etapa de John Byrne. Sin embargo, conservan todav\u00eda el valor art\u00edstico y cultural de ser los representantes del arranque de sendas etapas particularmente venturosas en el g\u00e9nero superheroico. Puede que Superman no fuera el primero justiciero enmascarado dotado de poderes, pero su llegada es uno de los referentes del inicio de la edad dorada, en tanto que los Cuatro Fant\u00e1sticos marcan el inicio de la Marvel que conocemos y por extensi\u00f3n, de la edad de plata. Su peso respectivo desde un punto de vista hist\u00f3rico es innegable y su largu\u00edsima trayectoria est\u00e1 poblada por obras memorables. \u00c9sta quiz\u00e1 no sea una de ellas, pero s\u00ed es un bonito homenaje donde la relaci\u00f3n entre los protagonistas est\u00e1 definida por el respeto y el cari\u00f1o. <\/p>\n<p>La destrucci\u00f3n infinita.<\/p>\n<p>La historia se sit\u00faa en un contexto en el que los personajes son recogidos de su continuidad regular. No estamos en un universo en el que los personajes deceeros y marvelianos conviven -como aconteciera con los cuatro primeros cruces- sino que tanto el kriptoniano como el cuarteto residen en sus respectivas Tierras. Desde el punto de vista empresarial, las relaciones entre las dos editoriales est\u00e1n pasando por una etapa de cooperaci\u00f3n que va a abarcar unos diez a\u00f1os, desde los encuentros entre el Batman sustituto, el Batman titular y el Castigador y el gran fin de fiesta con los Vengadores y la Liga de la Justicia. Dentro de este periodo hay unos a\u00f1os espec\u00edficos en los que se instaura una especie de continuidad entre editoriales. Son los tiempos preparatorios de la serie Marvel vs. DC \/ DC vs. Marvel, del universo amalgamado y del personaje de titularidad conjunta Acceso y sus dos series limitadas. El hecho de que en la ficci\u00f3n se reconozca la existencia de ese otro universo es un detalle que llama la atenci\u00f3n. Durante Noche final, un Hal Jordan que a\u00fan viste el manto de Parallax -Paralaje en la edici\u00f3n de Vid Comics- persigue a <strong>Hank Henshaw<\/strong> el Ciborg Superman para hacerle pagar por su papel en la destrucci\u00f3n de Coast City. En esa cacer\u00eda menciona que ha seguido a su presa hasta otro universo, haciendo menci\u00f3n del encuentro entre Linterna Verde (Kyle Rayner) en ese momento y Estela Plateada, pr\u00f3logo de la esperada miniserie de enfrentamiento. As\u00ed, la historia tiene como premisa que las barreras entre universos pueden ser franqueadas por seres con el poder suficiente para ello y que los habitantes de uno tienen conocimiento del otro y viceversa.<\/p>\n<p>La historia se inicia en Metr\u00f3polis cuando Superman encuentra un cristal kriptoniano en el que se su padre biol\u00f3gico Jor El le advierte de que sus teor\u00edas sobre la destrucci\u00f3n de su planeta natal estaban erradas: el apocalipsis no se debi\u00f3 a fen\u00f3menos naturales sino a la actuaci\u00f3n de <strong>Galactus, <\/strong>el devorador de mundos (que, ahora que lo pienso, tambi\u00e9n entrar\u00eda en esa categor\u00eda, pero est\u00e1 dotado de consciencia de su ser). Previamente, se ha visto al poderoso ser visitar los restos de Kripton y actuar con la nave en la que el peque\u00f1o Kal El viaja a la Tierra. Todo parece indicar que las nuevas conclusiones de Jor. El son correctas, lo que lleva a Superman a cruzar dimensiones al mejor estilo Fringe y a buscar a quienes tienen notable experiencia a la hora de lidiar con Galen de Taa: los Cuatro Fant\u00e1sticos.<\/p>\n<p>En el periodo en el que se ambienta esta historia el cuarteto de exploradores de lo desconocido acaba de retornar de la dimensi\u00f3n de bolsillo de sus aventuras en Heroes Reborn y su regreso a la continuidad regular se ha traducido en un tercer volumen iniciado por Scott Lobdell y Alan Davis -que hicieron un trabajo notablemente interesante- y continuado por Chris Claremont y Salvador Larroca. La familia Richards reside en un almac\u00e9n de los muelles neoyorquinos y el patriarca mutante se dedica a utilizar conceptos, secundarios y tramas de sus d\u00edas de gloria con la Patrulla-X. El resultado es un tebeo entretenido al que con cierta socarroner\u00eda se considera la mejor versi\u00f3n de Excalibur del momento. Aqu\u00ed se aprovechan la localizaci\u00f3n del nuevo cuartel general y los uniformes, para presentar una versi\u00f3n est\u00e1ndar del cuarteto, m\u00e1s la adici\u00f3n de un Franklin Richards que se ha reunido con su familia despu\u00e9s de un a\u00f1o de ausencia. Esto se puede hacer extensivo a toda la parte proveniente de la casa de las ideas, lo cual no es extra\u00f1o si tenemos en cuenta que el guionista y dibujante del tebeo no es otro que <strong>Dan Jurgens.<\/strong> Este buen se\u00f1or, que ha trabajado ocasionalmente en Marvel con personajes como Spider-Man (m\u00e1s o menos), el Capit\u00e1n Am\u00e9rica o Pu\u00f1o de Hierro es bien conocido por haber firmado una larga y s\u00f3lida etapa con Superman, con momentos tan conocidos como el de su ca\u00edda y su retorno. El aut\u00e9ntico villano de la historia, Hank Henshaw, es de su cosecha y su presencia est\u00e1 perfectamente justificada, porque su primera aparici\u00f3n, la cual es previa a su conversi\u00f3n en una versi\u00f3n c\u00edborg del Hombre de Acero, comenz\u00f3 como un homenaje con tintes oscuros al origen de los Cuatro Fant\u00e1sticos. \u00c9l era miembro de una tripulaci\u00f3n de cuatro personas cuya nave se vio bombardeada por los rayos c\u00f3smicos, con el resultado de que fueron dotados de habilidades que le llevaron a la muerte. Verle interactuar con Susan, Johnny y Ben es como contemplar a una versi\u00f3n oscura, despiadada y cruel de Reed. La idea de que M\u00edster Fant\u00e1stico tenga un lado oscuro ha sido explorada superficialmente por guionistas como Peter B. Gillis, Chris Claremont o Tom DeFalco, pero creo que no se ha llegado muy lejos en la continuidad principal. <\/p>\n<p>Superman visita a los Cuatro Fant\u00e1sticos y cae en una trampa doble en la que Henshaw quiere ofrecer sus servicios a Galactus y \u00e9ste desea que Kal El sea su nuevo heraldo. La trama no est\u00e1 muy pulida, pero los personajes est\u00e1n bien manejados y Jurgens resuelve la historia por medio de un ejercicio de metaficci\u00f3n ciertamente interesante. Franklin y Ben son fans de la serie de animaci\u00f3n de Superman -la de la continuidad fundada por Bruce Timm, Paul Dini y Glenn Murakami all\u00e1 por 1992- pero sabe que en otro universo es real. Kal es el h\u00e9roe de un ni\u00f1o y es esa fe la que le lleva a imponer su humanidad a la programaci\u00f3n as\u00e9ptica y congeladora a la que pretende someterle Galactus. Un final para una historia en la que los protagonistas no se presentan como antagonistas sino como h\u00e9roes que se respetan y al final de la aventura, se aprecian. <\/p>\n<p>Ep\u00edlogo: lectura para una tarde de verano.<\/p>\n<p>El decepcionante regreso de las colaboraciones entre Marvel y DC que ha tenido lugar en estos d\u00edas ha sido una buena oportunidad para repasar estas colaboraciones de otros a\u00f1os que, sin ser nada del otro jueves, son tebeos hechos con oficio. Jurgens maneja a unos personajes que son f\u00e1cilmente reconocibles y cuenta una historia para pasar el rato, consciente de que no puede haber consecuencias ni importantes y serias. Sus l\u00e1pices est\u00e1n bien, aunque creo que quiz\u00e1 hubieran lucido mejor con un entintador de estilo distinto al que le toc\u00f3, <strong>Art Thibert.<\/strong> Este buen se\u00f1or lleg\u00f3 con la hornada de \u00e9mulos de Rob Liefeld y Jim Lee y trabaj\u00f3 con esos estilos con l\u00e1pices y tintes. Aqu\u00ed presenta un trabajo que me recuerda al de Terry Austin de esos a\u00f1os y que no es el que resulta mejor para los dibujos de Jurgens, aunque tampoco desagrada. A nivel de coloreado tenemos al veterano <strong>Gregory Wright<\/strong> y un coloreado por ordenador que ya era parte del paisaje y el paisanaje.<\/p>\n<p>Como apunte final es menester mencionar la espectacular ilustraci\u00f3n de portada realizada por <strong>Alex Ross,<\/strong> con diferencia lo mejor del c\u00f3mic. <\/p>\n<p><img loading=\"lazy\" decoding=\"async\" src=\"https:\/\/www.europesays.com\/es\/wp-content\/uploads\/2025\/09\/20.super4ff3-600x396.jpg\" alt=\"Ilustraci\u00f3n de la portada y la contraportada. \" width=\"600\" height=\"396\" class=\"size-large wp-image-268365\"  \/>Ilustraci\u00f3n de Alex Ross.<br \/>\nLo mejor<\/p>\n<p>\u2022 Un tebeo hecho con cari\u00f1o hacia los personajes protagonistas. <\/p>\n<p>Lo peor<\/p>\n<p>\u2022 No debe leerse con expectativas muy elevadas. <\/p>\n<p>Edici\u00f3n original: Superman \/ Fantastic Four &#8211; Marvel Comics \u2013 DC Comics &#8211; mayo 1999 Edici\u00f3n nacional\/Espa\u00f1a: Comics Forum \u2013 noviembre 1999 Guion: Dan Jurgens Dibujo: Dan Jurgens Entintado: Art Thibert Color: Gregory Wright, Digital Chamaleon Portada: Alex Ross Traducci\u00f3n: Roque Gonz\u00e1lez Realizaci\u00f3n t\u00e9cnica: Estudio Din&amp;Mita Formato: 895 pesetas (n\u00famero\u2026<\/p>\n<p>Superman y Los Cuatro Fant\u00e1sticos<\/p>\n<p>Superman y Los Cuatro Fant\u00e1sticos<\/p>\n<p>2025-09-29<\/p>\n<p><strong class=\"fn\" itemprop=\"name\">Luis Javier Capote P\u00e9rez<\/strong><\/p>\n<p>\n\t\t\tGui\u00f3n &#8211; 7\n\t\t<\/p>\n<p>\n\t\t\tDibujo &#8211; 7\n\t\t<\/p>\n<p>\n\t\t\tInter\u00e9s &#8211; 6.5\n\t\t<\/p>\n<p>\t\t <strong>Vosotros puntu\u00e1is: <\/strong> 5.78 ( 1 votos) <\/p>\n","protected":false},"excerpt":{"rendered":"Edici\u00f3n original: Superman \/ Fantastic Four \u2013 Marvel Comics \u2013 DC Comics \u2013 mayo 1999Edici\u00f3n nacional\/Espa\u00f1a: Comics Forum&hellip;\n","protected":false},"author":2,"featured_media":147416,"comment_status":"","ping_status":"","sticky":false,"template":"","format":"standard","meta":{"footnotes":""},"categories":[169],"tags":[177,146,147,25,24,176,175,23],"class_list":{"0":"post-147415","1":"post","2":"type-post","3":"status-publish","4":"format-standard","5":"has-post-thumbnail","7":"category-cine","8":"tag-cine","9":"tag-entertainment","10":"tag-entretenimiento","11":"tag-es","12":"tag-espana","13":"tag-film","14":"tag-movies","15":"tag-spain"},"share_on_mastodon":{"url":"","error":""},"_links":{"self":[{"href":"https:\/\/www.europesays.com\/es\/wp-json\/wp\/v2\/posts\/147415","targetHints":{"allow":["GET"]}}],"collection":[{"href":"https:\/\/www.europesays.com\/es\/wp-json\/wp\/v2\/posts"}],"about":[{"href":"https:\/\/www.europesays.com\/es\/wp-json\/wp\/v2\/types\/post"}],"author":[{"embeddable":true,"href":"https:\/\/www.europesays.com\/es\/wp-json\/wp\/v2\/users\/2"}],"replies":[{"embeddable":true,"href":"https:\/\/www.europesays.com\/es\/wp-json\/wp\/v2\/comments?post=147415"}],"version-history":[{"count":0,"href":"https:\/\/www.europesays.com\/es\/wp-json\/wp\/v2\/posts\/147415\/revisions"}],"wp:featuredmedia":[{"embeddable":true,"href":"https:\/\/www.europesays.com\/es\/wp-json\/wp\/v2\/media\/147416"}],"wp:attachment":[{"href":"https:\/\/www.europesays.com\/es\/wp-json\/wp\/v2\/media?parent=147415"}],"wp:term":[{"taxonomy":"category","embeddable":true,"href":"https:\/\/www.europesays.com\/es\/wp-json\/wp\/v2\/categories?post=147415"},{"taxonomy":"post_tag","embeddable":true,"href":"https:\/\/www.europesays.com\/es\/wp-json\/wp\/v2\/tags?post=147415"}],"curies":[{"name":"wp","href":"https:\/\/api.w.org\/{rel}","templated":true}]}}