{"id":147417,"date":"2025-09-29T22:40:16","date_gmt":"2025-09-29T22:40:16","guid":{"rendered":"https:\/\/www.europesays.com\/es\/147417\/"},"modified":"2025-09-29T22:40:16","modified_gmt":"2025-09-29T22:40:16","slug":"el-valencia-pone-una-demanda-a-netflix-por-el-documental-de-vinicius-jr","status":"publish","type":"post","link":"https:\/\/www.europesays.com\/es\/147417\/","title":{"rendered":"El Valencia pone una demanda a Netflix por el documental de Vinicius Jr"},"content":{"rendered":"<p><strong>El Valencia ha decidido llevar a los tribunales <a href=\"https:\/\/okdiario.com\/diariomadridista\/real-madrid\/valencia-estalla-documental-vinicius-exige-rectificacion-estudia-acciones-judiciales-538199\" rel=\"nofollow noopener\" target=\"_blank\">el documental \u2018Baila, Vini\u2019<\/a><\/strong> de la plataforma televisiva <a href=\"https:\/\/www.netflix.com\/\" rel=\"nofollow noopener\" target=\"_blank\">Netflix<\/a>. El club considera que existe<strong> una \u00abintromisi\u00f3n en el derecho al honor\u00bb y exige rectificar una parte del documental a Netflix,<\/strong> adem\u00e1s de solicitar una indemnizaci\u00f3n por los da\u00f1os causados a la imagen por parte de la plataforma.<strong> Vinicius Jr no ha sido incluido en la causa.<\/strong><\/p>\n<p>Concretamente, la entidad valencianista ha demandado a Netflix y a la productora Conspira\u00e7ao Filmes por considerar que <strong>el documental emitido para todo el planeta da\u00f1a la imagen del club y de su masa social<\/strong> por los incidentes acontecidos en el encuentro que disputaron el Valencia y el Real Madrid en Mestalla el 21 de mayo de 2023.<\/p>\n<p>En aquel partido, <strong>Vinicius dijo basta por culpa de los <a href=\"https:\/\/okdiario.com\/diariomadridista\/real-madrid\/tebas-jacta-condena-racistas-valladolid-pero-culpo-vinicius-lo-que-paso-mestalla-538763\" rel=\"nofollow noopener\" target=\"_blank\">c\u00e1nticos racistas<\/a><\/strong> que una parte del estadio le propin\u00f3. El Valencia, sin embargo, ha solicitado que se modifiquen <strong>los subt\u00edtulos del documental al considerar que est\u00e1n \u00abmanipulados\u00bb y que \u00abson falsos\u00bb.<\/strong> El club defiende que la grada de Mestalla cant\u00f3 \u00abtonto, tonto\u00bb y no \u00abmono, mono\u00bb como aparece en Netflix.<\/p>\n<p>Tal y como adelant\u00f3 el diario AS y confirm\u00f3 OKDIARIO, el Valencia espera obtener la raz\u00f3n <a href=\"https:\/\/okdiario.com\/diariomadridista\/real-madrid\/vinicius-sancionado-dos-partidos-expulsion-mestalla-492575\" rel=\"nofollow noopener\" target=\"_blank\">en esta cruzada<\/a> contra el gigante norteamericano de la televisi\u00f3n y que ellos <strong>emitan al final del documental el juicio favorable cuando salga la sentencia sobre el caso \u2018Baila, Vini<\/strong>\u2019. Esta medida adoptada por el club levantino no hace m\u00e1s que caldear el ambiente de cara al futuro partido que deben disputar ambos clubes en Mestalla en febrero de 2026.<\/p>\n<p>Hay que recordar que la pasada temporada el jugador<strong> perdi\u00f3 los nervios en su visita al estadio che siendo expulsado por una agresi\u00f3n al portero Dimitrievski.<\/strong> Vinicius tendr\u00e1 que regresar esta temporada sabiendo que el Valencia no ha bajado ni un \u00e1pice su beligerancia hacia su figura tras una demanda en la que esperan sacar muchos millones y tambi\u00e9n una disculpa.<\/p>\n","protected":false},"excerpt":{"rendered":"El Valencia ha decidido llevar a los tribunales el documental \u2018Baila, Vini\u2019 de la plataforma televisiva Netflix. El&hellip;\n","protected":false},"author":2,"featured_media":147418,"comment_status":"","ping_status":"","sticky":false,"template":"","format":"standard","meta":{"footnotes":""},"categories":[93],"tags":[168,25,24,23,167],"class_list":{"0":"post-147417","1":"post","2":"type-post","3":"status-publish","4":"format-standard","5":"has-post-thumbnail","7":"category-deportes","8":"tag-deportes","9":"tag-es","10":"tag-espana","11":"tag-spain","12":"tag-sports"},"share_on_mastodon":{"url":"","error":""},"_links":{"self":[{"href":"https:\/\/www.europesays.com\/es\/wp-json\/wp\/v2\/posts\/147417","targetHints":{"allow":["GET"]}}],"collection":[{"href":"https:\/\/www.europesays.com\/es\/wp-json\/wp\/v2\/posts"}],"about":[{"href":"https:\/\/www.europesays.com\/es\/wp-json\/wp\/v2\/types\/post"}],"author":[{"embeddable":true,"href":"https:\/\/www.europesays.com\/es\/wp-json\/wp\/v2\/users\/2"}],"replies":[{"embeddable":true,"href":"https:\/\/www.europesays.com\/es\/wp-json\/wp\/v2\/comments?post=147417"}],"version-history":[{"count":0,"href":"https:\/\/www.europesays.com\/es\/wp-json\/wp\/v2\/posts\/147417\/revisions"}],"wp:featuredmedia":[{"embeddable":true,"href":"https:\/\/www.europesays.com\/es\/wp-json\/wp\/v2\/media\/147418"}],"wp:attachment":[{"href":"https:\/\/www.europesays.com\/es\/wp-json\/wp\/v2\/media?parent=147417"}],"wp:term":[{"taxonomy":"category","embeddable":true,"href":"https:\/\/www.europesays.com\/es\/wp-json\/wp\/v2\/categories?post=147417"},{"taxonomy":"post_tag","embeddable":true,"href":"https:\/\/www.europesays.com\/es\/wp-json\/wp\/v2\/tags?post=147417"}],"curies":[{"name":"wp","href":"https:\/\/api.w.org\/{rel}","templated":true}]}}