{"id":147421,"date":"2025-09-29T22:42:10","date_gmt":"2025-09-29T22:42:10","guid":{"rendered":"https:\/\/www.europesays.com\/es\/147421\/"},"modified":"2025-09-29T22:42:10","modified_gmt":"2025-09-29T22:42:10","slug":"la-brutal-reaccion-de-monica-naranjo-en-la-revuelta-a-la-historica-primera-edicion-de-la-isla-de-las-tentaciones","status":"publish","type":"post","link":"https:\/\/www.europesays.com\/es\/147421\/","title":{"rendered":"la brutal reacci\u00f3n de M\u00f3nica Naranjo, en &#8216;La revuelta&#8217;, a la hist\u00f3rica primera edici\u00f3n de &#8216;La isla de las tentaciones&#8217;"},"content":{"rendered":"\n<p> Anoche,<strong> M\u00f3nica Naranjo revolucion\u00f3 el teatro de <a href=\"https:\/\/www.elconfidencial.com\/television\/programas-tv\/2025-09-29\/monica-naranjo-broncano-anecdota-primera-vez-la-revuelta-editaran_4218786\/\" target=\"_self\" rel=\"nofollow noopener\">La revuelta<\/a><\/strong>, en <a href=\"https:\/\/www.elconfidencial.com\/television\/programas-tv\/2025-09-29\/maestros-de-la-costura-celebrity2-concursantes-tve_4218690\/\" target=\"_self\" rel=\"nofollow noopener\">Televisi\u00f3n Espa\u00f1ola<\/a><strong>.<\/strong> Y es que la conocida artista fue la estrella protagonista del show de <a href=\"https:\/\/www.elconfidencial.com\/television\/programas-tv\/2025-09-26\/raul-cimas-broncano-la-revuelta-telecinco-liderazgo-audiencias_4216523\/\" target=\"_self\" rel=\"nofollow noopener\">David Broncano<\/a> este lunes, 29 de septiembre, revelando todo tipo de an\u00e9cdotas sobre su vida y sus distintos proyectos profesionales, tanto encima de los escenarios como en la peque\u00f1a pantalla. <\/p>\n<p> Tras felicitar al presentador por su habilidad para improvisar durante todas las emisiones de La revuelta, la conversaci\u00f3n deriv\u00f3 en la promoci\u00f3n del nuevo single de la cantante, Por un like, que era lanzado esa misma jornada, horas antes. <strong>\u00abMe acuerdo de que cuando compuse esta canci\u00f3n, llam\u00e9 a Nebulossa.<\/strong> Ellos son los responsables de la producci\u00f3n de este tema\u00bb, revel\u00f3 sobre la participaci\u00f3n de los representantes de Espa\u00f1a en Eurovisi\u00f3n en 2024 en su reci\u00e9n estrenado tema. <\/p>\n<p> Sin embargo, una de las &#8216;chispas&#8217; que desat\u00f3 la composici\u00f3n del tema se produc\u00eda en mitad de una noche de insomnio de M\u00f3nica Naranjo. \u00abEstaba yo a las tres de la ma\u00f1ana, que cre\u00eda que estaba durmiendo, y me vinieron a la cabeza <strong>las experiencias que he tenido cuando hemos hecho realities, con los tentadores\u00bb,<\/strong> revel\u00f3 ante la cara de circunstancias de Broncano. <\/p>\n<p> <strong>\u00ab<a href=\"https:\/\/www.elconfidencial.com\/television\/programas-tv\/2025-09-28\/vaya-fama-telecinco-desesperada-bajas-audiencias-tve_4217857\/\" target=\"_self\" rel=\"nofollow noopener\">La isla de las tentaciones<\/a> la introdujiste t\u00fa en Espa\u00f1a\u00bb,<\/strong> apunt\u00f3 el presentador sobre la primera edici\u00f3n del reality, emitida a principios de 2020 y que desat\u00f3 el fen\u00f3meno en <a href=\"https:\/\/www.elconfidencial.com\/television\/programas-tv\/2025-09-29\/uno-de-gh-20-estreno-reacciones-audiencia-maica_4218778\/\" target=\"_self\" rel=\"nofollow noopener\">Telecinco<\/a>. \u00abDespu\u00e9s ya se qued\u00f3 Sandra Barneda, que lo hace estupendamente bien\u00bb, puso en valor el trabajo de la periodista, que se puso al frente de todas las siguientes temporadas. <\/p>\n<blockquote class=\"twitter-tweet\">\n<p lang=\"es\" dir=\"ltr\">\u00abNo ir\u00eda nunca con pareja a La isla de las tentaciones\u00bb <\/p>\n<p>La temporada aquella de Estefan\u00eda fue legendario. Legendario. <a href=\"https:\/\/twitter.com\/hashtag\/LaRevuelta?src=hash&amp;ref_src=twsrc%5Etfw\" rel=\"nofollow noopener\" target=\"_blank\">#LaRevuelta<\/a> <a href=\"https:\/\/twitter.com\/monicanaranjo?ref_src=twsrc%5Etfw\" rel=\"nofollow noopener\" target=\"_blank\">@monicanaranjo<\/a> <a href=\"https:\/\/t.co\/jIpkYqllG6\" rel=\"nofollow\">pic.twitter.com\/jIpkYqllG6<\/a><\/p>\n<p>\u2014 La Revuelta (@LaRevuelta_TVE) <a href=\"https:\/\/twitter.com\/LaRevuelta_TVE\/status\/1972767086163234927?ref_src=twsrc%5Etfw\" rel=\"nofollow noopener\" target=\"_blank\">September 29, 2025<\/a><\/p><\/blockquote>\n<p> Fue entonces cuando el jiennense anim\u00f3 a M\u00f3nica a que diese detalles in\u00e9ditos sobre la grabaci\u00f3n del programa, petici\u00f3n a la que accedi\u00f3 Naranjo. \u00abLas primeras temporadas de un reality, lo que mola es que la gente va, pero no sabe a lo que va. <strong>En esa temporada, la gente fue muy perdida. No sab\u00edan lo que iba a pasar\u00bb,<\/strong> comenz\u00f3 a recordar sobre su casting, que encabezaron Fani y Christopher, Ismael y Andrea o \u00c1lex y Fiama. <\/p>\n<p>              <img decoding=\"async\" class=\"inTextNews__img\" alt=\"Foto: monica-naranjo-broncano-anecdota-primera-vez-la-revuelta-editaran\" src=\"https:\/\/www.europesays.com\/es\/wp-content\/uploads\/2025\/09\/f.elconfidencial.com\/original\/b86\/0f1\/4b6\/b860f14b6bb40ad80fce31c759e08d31.jpg\"  \/>     <\/p>\n<p>TE PUEDE INTERESAR<\/p>\n<p>      <a class=\"inTextNews__title\" href=\"https:\/\/www.elconfidencial.com\/television\/programas-tv\/2025-09-29\/monica-naranjo-broncano-anecdota-primera-vez-la-revuelta-editaran_4218786\/\" onclick=\"window.ECCO.emit(&#039;amplitude&#039;, { dataEventName: &#039;click_related_article_module&#039;, data: { related_article_url: &#039;https:\/\/www.elconfidencial.com\/television\/programas-tv\/2025-09-29\/monica-naranjo-broncano-anecdota-primera-vez-la-revuelta-editaran_4218786\/&#039;, related_article_author: &#039;Paco Mart\u00edn-V\u00e1zquez Car\u00edas&#039;, related_article_section: &#039;programas-tv&#039; } })\" rel=\"nofollow noopener\" target=\"_blank\"> \u00abEsto lo editar\u00e1n\u00bb: M\u00f3nica Naranjo sonroja a Broncano con una imprevista an\u00e9cdota sobre su primera vez en &#8216;La revuelta&#8217; <\/a>   <\/p>\n<p>    P. Mart\u00edn-V\u00e1zquez   <\/p>\n<p> <strong>\u00abYo que s\u00e9 lo que pasa ah\u00ed, no ir\u00eda nunca con una pareja\u00bb,<\/strong> sentenci\u00f3 la expresentadora de La isla de las tentaciones, revelando c\u00f3mo hay tentadores que son \u00abun match total con una persona en esa casa\u00bbhttps:\/\/www.elconfidencial.com\/television\/programas-tv\/2025-09-30\/monica-naranjo-la-revuelta-reaccion-primera-edicion-la-isla-de-las-tentaciones-desatadas_4218799\/.\u00bbCuando se separaron las parejas, al cabo de las primeras 24-72 horas, era un drama\u00bb, prosigui\u00f3 relatando, antes de revelar la porra que hizo con el equipo del formato. <\/p>\n<p> \u00abLlegan a la casa y dije &#8216;ellos, ellos seguro\u00bb, pronostic\u00f3 sobre los primeros que caer\u00edan en la tentaci\u00f3n. Sin embargo, a la noche siguiente, cuando vio la actitud de una concursante con un tentador en el jacuzzi de una de las villas, cambi\u00f3 de opini\u00f3n. <strong>\u00abEstaban desatadas\u00bb, asegur\u00f3 sobre el papel de las chicas en el programa, <\/strong>recordando c\u00f3mo, en pocas horas, todos los participantes se olvidaron de la existencia de c\u00e1maras en el reality. <\/p>\n<p> Anoche,<strong> M\u00f3nica Naranjo revolucion\u00f3 el teatro de <a href=\"https:\/\/www.elconfidencial.com\/television\/programas-tv\/2025-09-29\/monica-naranjo-broncano-anecdota-primera-vez-la-revuelta-editaran_4218786\/\" target=\"_self\" rel=\"nofollow noopener\">La revuelta<\/a><\/strong>, en <a href=\"https:\/\/www.elconfidencial.com\/television\/programas-tv\/2025-09-29\/maestros-de-la-costura-celebrity2-concursantes-tve_4218690\/\" target=\"_self\" rel=\"nofollow noopener\">Televisi\u00f3n Espa\u00f1ola<\/a><strong>.<\/strong> Y es que la conocida artista fue la estrella protagonista del show de <a href=\"https:\/\/www.elconfidencial.com\/television\/programas-tv\/2025-09-26\/raul-cimas-broncano-la-revuelta-telecinco-liderazgo-audiencias_4216523\/\" target=\"_self\" rel=\"nofollow noopener\">David Broncano<\/a> este lunes, 29 de septiembre, revelando todo tipo de an\u00e9cdotas sobre su vida y sus distintos proyectos profesionales, tanto encima de los escenarios como en la peque\u00f1a pantalla. <\/p>\n<p>              <script async src=\"https:\/\/platform.twitter.com\/widgets.js\" charset=\"utf-8\"><\/script><\/p>\n","protected":false},"excerpt":{"rendered":"Anoche, M\u00f3nica Naranjo revolucion\u00f3 el teatro de La revuelta, en Televisi\u00f3n Espa\u00f1ola. Y es que la conocida artista&hellip;\n","protected":false},"author":2,"featured_media":147422,"comment_status":"","ping_status":"","sticky":false,"template":"","format":"standard","meta":{"footnotes":""},"categories":[91],"tags":[146,147,25,24,23],"class_list":{"0":"post-147421","1":"post","2":"type-post","3":"status-publish","4":"format-standard","5":"has-post-thumbnail","7":"category-entretenimiento","8":"tag-entertainment","9":"tag-entretenimiento","10":"tag-es","11":"tag-espana","12":"tag-spain"},"share_on_mastodon":{"url":"","error":""},"_links":{"self":[{"href":"https:\/\/www.europesays.com\/es\/wp-json\/wp\/v2\/posts\/147421","targetHints":{"allow":["GET"]}}],"collection":[{"href":"https:\/\/www.europesays.com\/es\/wp-json\/wp\/v2\/posts"}],"about":[{"href":"https:\/\/www.europesays.com\/es\/wp-json\/wp\/v2\/types\/post"}],"author":[{"embeddable":true,"href":"https:\/\/www.europesays.com\/es\/wp-json\/wp\/v2\/users\/2"}],"replies":[{"embeddable":true,"href":"https:\/\/www.europesays.com\/es\/wp-json\/wp\/v2\/comments?post=147421"}],"version-history":[{"count":0,"href":"https:\/\/www.europesays.com\/es\/wp-json\/wp\/v2\/posts\/147421\/revisions"}],"wp:featuredmedia":[{"embeddable":true,"href":"https:\/\/www.europesays.com\/es\/wp-json\/wp\/v2\/media\/147422"}],"wp:attachment":[{"href":"https:\/\/www.europesays.com\/es\/wp-json\/wp\/v2\/media?parent=147421"}],"wp:term":[{"taxonomy":"category","embeddable":true,"href":"https:\/\/www.europesays.com\/es\/wp-json\/wp\/v2\/categories?post=147421"},{"taxonomy":"post_tag","embeddable":true,"href":"https:\/\/www.europesays.com\/es\/wp-json\/wp\/v2\/tags?post=147421"}],"curies":[{"name":"wp","href":"https:\/\/api.w.org\/{rel}","templated":true}]}}