{"id":147430,"date":"2025-09-29T22:54:48","date_gmt":"2025-09-29T22:54:48","guid":{"rendered":"https:\/\/www.europesays.com\/es\/147430\/"},"modified":"2025-09-29T22:54:48","modified_gmt":"2025-09-29T22:54:48","slug":"las-lluvias-descargan-con-intensidad-en-la-safor-y-superan-los-200-l-m2-en-gandia","status":"publish","type":"post","link":"https:\/\/www.europesays.com\/es\/147430\/","title":{"rendered":"Las lluvias descargan con intensidad en La Safor y superan los 200 l\/m2 en Gandia"},"content":{"rendered":"<p><img loading=\"lazy\" decoding=\"async\" id=\"fotoPrincipalNoticia\" style=\"view-transition-name: fechor_20250929145551;\" title=\"Las lluvias descargan con intensidad en La Safor y superan los 200 l\/m2\" src=\"https:\/\/www.europesays.com\/es\/wp-content\/uploads\/2025\/09\/fotonoticia_20250929145551_690.jpg\" alt=\"Lluvias en la Comunitat Valenciana\" width=\"460\" height=\"800\" border=\"0\"\/><\/p>\n<p>Lluvias en la Comunitat Valenciana- AVAMET<\/p>\n<p><strong><a style=\"color:#cc0000\" href=\"https:\/\/www.europapress.es\/sociedad\/noticia-temporal-espana-directo-ultima-hora-alerta-roja-lluvias-castellon-valencia-20250929080923.html\" title=\"Sigue en directo las \u00faltimas noticias sobre el temporal\" rel=\"nofollow noopener\" target=\"_blank\">Sigue en directo las \u00faltimas noticias sobre el temporal<\/a><\/strong><br \/>\n<strong><a style=\"color: #cc0000;\" href=\"https:\/\/www.europapress.es\/sociedad\/noticia-temporal-espana-directo-ultima-hora-alerta-roja-lluvias-castellon-valencia-20250929080923.html\" title=\"Sigue en directo las \u00faltimas noticias sobre el temporal\" rel=\"nofollow noopener\" target=\"_blank\">Sigue en directo las \u00faltimas noticias sobre el temporal<\/a><\/strong><\/p>\n<p>\u00a0\u00a0\u00a0VAL\u00c8NCIA, 29 Sep. (EUROPA PRESS)\u00a0<\/p>\n<p>\u00a0 \u00a0La comarca valenciana de La Safor est\u00e1 registrando precipitaciones de gran intensidad y ha superado los 200 litros por metro cuadrado en el observatorio de Gandia-Parpall\u00f3 Borell, acumulados en menos de cinco horas, seg\u00fan ha explicado la Associaci\u00f3 Valenciana de Meteorolog\u00eda (Avamet). En la localidad de Alzira, en la Ribera, las precipitaciones han provocado dificultades para circular en el casco urbano, seg\u00fan el consistorio.<\/p>\n<p>\u00a0 \u00a0En concreto, en Gandia se han superado los 224 l\/m2 y en Barx, tambi\u00e9n en la Safor, se han registrado hasta 204. En la misma comarca destacan los registros de Real de Gandia con 145. En este observatorio, seg\u00fan Avamet, han ca\u00eddo 103 l\/m2 en solo 40 minutos. La lluvia es de intensidad torrencial y se ha mantenido el n\u00facleo est\u00e1tico en la zona. La asociaci\u00f3n pide mucha precauci\u00f3n por posibles subidas de golpe en caudales de r\u00edos y barrancos de la zona.<\/p>\n<p>\u00a0 \u00a0Fuera de esta comarca, las lluvias han afectado con fuerza tambi\u00e9n al municipio valenciano de Pinet, en Vall d&#8217;Albaida, donde se han acumulado 187 l\/m2. A las 17.00 horas, han comenzado a formarse n\u00facleos de tormentas entre la Ribera Baixa, la Ribera Alta y l&#8217;Horta Sud.<\/p>\n<p>\u00a0 \u00a0Alzira ha registrado 120 l\/m2 mientras que otras localidades como Corbera, Guadassuar o Carcaixent superan los 80. En l&#8217;Albufera, en el Tancat de l&#8217;Estell, se han acumulado 47 l\/m2 en solo 20 minutos, de acuerdo con Avamet. Las precipitaciones hacia las 17.25 horas se dirig\u00edan lentamente hacia l&#8217;Horta Sud: Fortaleny 101 l\/m2, 48 de ellos en 25 minutos; Sueca\/Tancat Estell, 92 (66 en 35 minutos) y Sueca\/les Palmeres 71 l\/m2 (50 en no llega a media hora).<\/p>\n<p>\u00a0 \u00a0El alcalde de Gandia, Jos\u00e9 Manuel Prieto, ha hecho una primera valoraci\u00f3n de los efectos de un episodio de lluvia \u00abmuy intenso y concentrado en un periodo de tiempo muy corto\u00bb, especialmente en el distrito mar\u00edtimo, el Grau y la Playa. En el Grau, se han alcanzado 104,6 l\/m2, con picos superiores en algunos puntos de la ciudad, seg\u00fan el consistorio.<\/p>\n<p>\u00a0 \u00a0\u00abLos cinco dep\u00f3sitos de tormentas y las cuatro estaciones de bombeo han funcionado correctamente y han permitido aligerar grandes cantidades de agua que hubieran podido provocar problemas mayores\u00bb. De hecho, seg\u00fan ha apuntado, se calcula que \u00abhemos aligerado hasta 22 millones de litros en una hora\u00bb y en dos horas, 55 millones \u00abque podr\u00edan haber estado en la v\u00eda p\u00fablica\u00bb, ha precisado el primer edil.<\/p>\n<p>\u00a0 \u00a0 La intensidad y la corta duraci\u00f3n ha causado los \u00abproblemas puntuales\u00bb que persisten y que han obligado a cortar caminos y accesos en zonas como la Playa de Gandia, Marenys de Rafalca\u00efd, la Marjal y Marxuquera, entre otros. Tambi\u00e9n se han registrado ca\u00edda de \u00e1rboles en avenida de Fran\u00e7a, del Grau, Passeig Germanies y calle Juan Ram\u00f3n Jim\u00e9nez; tres bajos inundados en la avenida Fran\u00e7a y un accidente de tr\u00e1fico sin heridos en Cam\u00ed Assagador de Morant.<\/p>\n<p>\u00a0 \u00a0 Prieto ha hecho un llamamiento a la ciudadan\u00eda: \u00abHemos de continuar extremando las precauciones, evitar desplazamientos si no son estrictamente necesarios y seguir las indicaciones a trav\u00e9s de los canales oficiales del Ayuntamiento, la Polic\u00eda Local y el 112\u00bb.<\/p>\n<p>DRENAJE\u00a0<\/p>\n<p>\u00a0 \u00a0En Oliva, durante la ma\u00f1ana, en la zona centro del Passeig se ha visto \u00abcolapsado\u00bb el drenaje natural, aunque que la circulaci\u00f3n se ha restablecido \u00abr\u00e1pidamente\u00bb. No obstante, permenacen cortadas varias v\u00edas: camino de les Bruixes, camino de les Marjaletes, camino de l&#8217;Aigua Blanca y camino de les Canyades. El consistorio recomienda evitar los desplazamientos y realizarlos \u00fanicamente en casos de necesidad.<\/p>\n<p>\u00a0 \u00a0 En Xeraco, a causa de las lluvias tambi\u00e9n se recomienda a la ciudadan\u00eda evitar desplazarse en coche si no es necesario y recuerda que el paso de los veh\u00edculos provoca olas de agua que acaban entrando en los bajos de las viviendas provocando molestias y da\u00f1os.<\/p>\n<p>\u00a0 \u00a0 En el caso de Alzira, seg\u00fan informa el Ayuntamiento, la fuerte intensidad de la lluvia ha provocado dificultades de circulaci\u00f3n en el centro urbano, por lo que pide no transitar por diversas calles que est\u00e1n cortada o son impracticables: Gabriela Mistral, Vicent Ribes, Simat, la Zona Aldi, Alquen\u00e8ncia, Ricard Fluix\u00e0, Verge del Lluch, Taronger, Trafalgar, Plaza Alacant, avenida Antiga Avidesa o la CV-41 desde Carcaixent a Alzira, entre otras.<\/p>\n<p>\u00a0 \u00a0En la provincia de Castell\u00f3n, Eslida ha llegado a los 180,6 l\/m2. Tambi\u00e9n en esta provincia, en la Plana Baixa, Sueras ha alcanzado 162 l\/m2 y l&#8217;Al\u00fadia de Veo 161,6, seg\u00fan Avamet.<\/p>\n<p>NORMALIDAD EN EMBALSES<\/p>\n<p>\u00a0 \u00a0La Confederaci\u00f3n Hidrogr\u00e1fica del J\u00facar (CHJ) ha informado a las 14.33 horas de \u00absituaci\u00f3n de normalidad\u00bb en los embalses y ha explicado que \u00aben cuanto a caudales, de momento no hay registros de superaci\u00f3n de umbrales\u00bb. No obstante, ha alertado de \u00abpeligro de crecidas e inundaciones repentinas en cauces y ramblas\u00bb, por lo que ha pedido \u00abmucha precauci\u00f3n\u00bb.<\/p>\n<p>\u00a0 \u00a0Efectivos de los Consorcios Provinciales de Bomberos llevan realizadas 35 intervenciones en la provincia de Valencia y ocho en Castell\u00f3n por las lluvias de las \u00faltimas horas, seg\u00fan han informado ambos organismos. En las dos provincias est\u00e1n revisando barrancos y cauces de r\u00edos.<\/p>\n<p>\u00a0 \u00a0\u00a0<\/p>\n","protected":false},"excerpt":{"rendered":"Lluvias en la Comunitat Valenciana- AVAMET Sigue en directo las \u00faltimas noticias sobre el temporal Sigue en directo&hellip;\n","protected":false},"author":2,"featured_media":147431,"comment_status":"","ping_status":"","sticky":false,"template":"","format":"standard","meta":{"footnotes":""},"categories":[5],"tags":[17,18,25,24,13,14,11,19,20,9,10,15,16,23,12,21,22],"class_list":{"0":"post-147430","1":"post","2":"type-post","3":"status-publish","4":"format-standard","5":"has-post-thumbnail","7":"category-titulares","8":"tag-breaking-news","9":"tag-breakingnews","10":"tag-es","11":"tag-espana","12":"tag-featured-news","13":"tag-featurednews","14":"tag-headlines","15":"tag-latest-news","16":"tag-latestnews","17":"tag-news","18":"tag-noticias","19":"tag-noticias-destacadas","20":"tag-noticiasdestacadas","21":"tag-spain","22":"tag-titulares","23":"tag-ultimas-noticias","24":"tag-ultimasnoticias"},"share_on_mastodon":{"url":"","error":""},"_links":{"self":[{"href":"https:\/\/www.europesays.com\/es\/wp-json\/wp\/v2\/posts\/147430","targetHints":{"allow":["GET"]}}],"collection":[{"href":"https:\/\/www.europesays.com\/es\/wp-json\/wp\/v2\/posts"}],"about":[{"href":"https:\/\/www.europesays.com\/es\/wp-json\/wp\/v2\/types\/post"}],"author":[{"embeddable":true,"href":"https:\/\/www.europesays.com\/es\/wp-json\/wp\/v2\/users\/2"}],"replies":[{"embeddable":true,"href":"https:\/\/www.europesays.com\/es\/wp-json\/wp\/v2\/comments?post=147430"}],"version-history":[{"count":0,"href":"https:\/\/www.europesays.com\/es\/wp-json\/wp\/v2\/posts\/147430\/revisions"}],"wp:featuredmedia":[{"embeddable":true,"href":"https:\/\/www.europesays.com\/es\/wp-json\/wp\/v2\/media\/147431"}],"wp:attachment":[{"href":"https:\/\/www.europesays.com\/es\/wp-json\/wp\/v2\/media?parent=147430"}],"wp:term":[{"taxonomy":"category","embeddable":true,"href":"https:\/\/www.europesays.com\/es\/wp-json\/wp\/v2\/categories?post=147430"},{"taxonomy":"post_tag","embeddable":true,"href":"https:\/\/www.europesays.com\/es\/wp-json\/wp\/v2\/tags?post=147430"}],"curies":[{"name":"wp","href":"https:\/\/api.w.org\/{rel}","templated":true}]}}