{"id":147432,"date":"2025-09-29T22:55:36","date_gmt":"2025-09-29T22:55:36","guid":{"rendered":"https:\/\/www.europesays.com\/es\/147432\/"},"modified":"2025-09-29T22:55:36","modified_gmt":"2025-09-29T22:55:36","slug":"el-ubu-san-pablo-burgos-se-hace-fuerte-en-el-plantio-y-doblega-al-proin-sevilla","status":"publish","type":"post","link":"https:\/\/www.europesays.com\/es\/147432\/","title":{"rendered":"El UBU San Pablo Burgos se hace fuerte en El Plant\u00edo y doblega al Proin Sevilla"},"content":{"rendered":"<p class=\"paragraph\">El UBU San Pablo Burgos estren\u00f3 con victoria su casillero en El Plant\u00edo tras imponerse al Proin Sevilla (31-29) en un duelo vibrante de la tercera jornada de la Divisi\u00f3n de Honor Plata. El equipo de Jorge Berzosa, arropado por su afici\u00f3n, se rehizo de la derrota en A Coru\u00f1a y confirm\u00f3 que ser\u00e1 candidato a luchar por el ascenso.<\/p>\n<p class=\"paragraph\">El arranque fue dubitativo, con un Sevilla que llev\u00f3 la iniciativa en el marcador (0-1, 2-3). Poco a poco, los burgaleses encontraron su ritmo gracias a la inspiraci\u00f3n de Jaime Fern\u00e1ndez, autor de 9 goles, y al empuje colectivo en defensa. El descanso lleg\u00f3 con un ajustado 14-13 que dejaba todo abierto.<\/p>\n<p class=\"paragraph\">En la segunda parte, el Burgos apret\u00f3 atr\u00e1s y gan\u00f3 solidez con jugadores como el lateral pamplon\u00e9s Pedroarena, que regres\u00f3 este verano al club y Miguel Malo, que adem\u00e1s sumaron en ataque (5 y 4 tantos, respectivamente). Tambi\u00e9n destacaron las apariciones de Fabrizio Casanova y Adri\u00e1n S\u00e1nchez (3 goles cada uno), que dieron aire en momentos clave. El conjunto local lleg\u00f3 a dominar por tres tantos (20-17, min. 40), aunque el Proin Sevilla respondi\u00f3 con car\u00e1cter para mantener la emoci\u00f3n hasta el final.<\/p>\n<p class=\"paragraph\">Los minutos decisivos fueron de m\u00e1xima tensi\u00f3n. Con el marcador en 27-26, surgi\u00f3 de nuevo la figura de Jaime Fern\u00e1ndez, imparable desde el extremo, y el acierto puntual de Pablo G\u00f3mez y Joao Pedro termin\u00f3 de decantar la balanza. El pitido final, con 31-29, desat\u00f3 la euforia en la grada burgalesa.<\/p>\n<p class=\"paragraph\">El triunfo sit\u00faa al San Pablo Burgos con dos victorias en tres partidos, disipando dudas tras el tropiezo en Galicia y confirmando su fortaleza en casa. El pr\u00f3ximo reto ser\u00e1 en Zaragoza, donde los de Berzosa buscar\u00e1n seguir creciendo.<\/p>\n<p class=\"paragraph\">El Proin Sevilla, por su parte, compiti\u00f3 con orgullo pero no pudo frenar el empuje local, a pesar de los goles de Alberto Ruiz (7) y Ra\u00fal Morales (5), sus referentes ofensivos.<\/p>\n<p class=\"paragraph\">En definitiva, un triunfo coral de Burgos, con un Jaime Fern\u00e1ndez estelar y el empuje de un bloque que quiere so\u00f1ar en grande esta temporada.<\/p>\n<p>DIVISI\u00d3N DE HONOR PLATA &#8211; JORNADA 3<br \/>UBU SAN PABLO BURGOS 2031 &#8211; BALONMANO PROIN SEVILLA, 31-29<b>UBU San Pablo Burgos 2031<\/b>: Gerard Forns, Joao Pedro (2), Jaime Fern\u00e1ndez (9), Jaime Gonz\u00e1lez (2), Miguel Malo (4), Pedro Henrique (1), Asier Pedroarena (5). Tambi\u00e9n jugaron: Pablo G\u00f3mez (2), Fabrizio Casanova (3), Adrian S\u00e1nchez (3), Tomas Moreira, Daniel Santamaria.<\/p>\n<p><b>Balonmano Proin Sevilla: <\/b>Kilian Garajona, Juan Reynaldo (3), Raul Morales (5), Miguel Llorens, David Martinez (2), Victor Manuel (1), Balsa Stevovic (3). Tambi\u00e9n jugaron: Alberto Ruiz (7), Julian L\u00f3pez (5), Angel Montoro (1), Julio Morgado (2).<\/p>\n<p><b>PARCIALES<\/b>: 0-1 (5\u2019); 2-3 (10\u2019); 6-6 (15\u2019); 8-8 (20\u2019); 12-12 (25\u2019); 14-13 (descanso); 17-15 (35\u2019); 20-18 (40\u2019); 23-22 (45\u2019); 25-24 (50\u2019); 28-26 (55\u2019); 31-29 (final).<\/p>\n<p><b>\u00c1RBITROS<\/b>: Marta Fern\u00e1ndez Lafuente, Maialen Calder\u00f3n Du\u00f1abeitia (colegio vasco)<br \/><b>EXCLUSIONES<\/b>: a los locales Joao Pedro (3 &#8211; DD), Pablo G\u00f3mez (1) y Miguel Malo (1); a los visitantes Juli\u00e1n L\u00f3pez (1), Miguel Llorens (2), Victor Manuel (1) y Balsa Stevovic (2).<\/p>\n<p><b>PABELL\u00d3N<\/b>: El Plant\u00edo.<\/p>\n<p class=\"c-detail__media__subtitle\">\n<p>                SANTI OTERO<\/p>\n<p>        El Plant\u00edo vibra con el primer triunfo en casa del UBU San Pablo Burgos esta temporada<\/p>\n<p class=\"c-detail__media__subtitle\">\n<p>                SANTI OTERO<\/p>\n<p>        El Plant\u00edo vibra con el primer triunfo en casa del UBU San Pablo Burgos esta temporada<\/p>\n<p class=\"c-detail__media__subtitle\">\n<p>                SANTI OTERO<\/p>\n<p>        El Plant\u00edo vibra con el primer triunfo en casa del UBU San Pablo Burgos esta temporada<\/p>\n<p class=\"c-detail__media__subtitle\">\n<p>                SANTI OTERO<\/p>\n<p>        El Plant\u00edo vibra con el primer triunfo en casa del UBU San Pablo Burgos esta temporada<\/p>\n<p class=\"c-detail__media__subtitle\">\n<p>                SANTI OTERO<\/p>\n<p>        El Plant\u00edo vibra con el primer triunfo en casa del UBU San Pablo Burgos esta temporada<\/p>\n<p class=\"c-detail__media__subtitle\">\n<p>                SANTI OTERO<\/p>\n<p>        El Plant\u00edo vibra con el primer triunfo en casa del UBU San Pablo Burgos esta temporada<\/p>\n<p class=\"c-detail__media__subtitle\">\n<p>                SANTI OTERO<\/p>\n<p>        El Plant\u00edo vibra con el primer triunfo en casa del UBU San Pablo Burgos esta temporada<\/p>\n<p class=\"c-detail__media__subtitle\">\n<p>                SANTI OTERO<\/p>\n<p>        El Plant\u00edo vibra con el primer triunfo en casa del UBU San Pablo Burgos esta temporada<\/p>\n<p class=\"c-detail__media__subtitle\">\n<p>                SANTI OTERO<\/p>\n<p>        El Plant\u00edo vibra con el primer triunfo en casa del UBU San Pablo Burgos esta temporada<\/p>\n<p class=\"c-detail__media__subtitle\">\n<p>                SANTI OTERO<\/p>\n<p>        El Plant\u00edo vibra con el primer triunfo en casa del UBU San Pablo Burgos esta temporada<\/p>\n<p class=\"c-detail__media__subtitle\">\n<p>                SANTI OTERO<\/p>\n<p>        El Plant\u00edo vibra con el primer triunfo en casa del UBU San Pablo Burgos esta temporada<\/p>\n<p class=\"c-detail__media__subtitle\">\n<p>                SANTI OTERO<\/p>\n<p>        El Plant\u00edo vibra con el primer triunfo en casa del UBU San Pablo Burgos esta temporada<\/p>\n<p class=\"c-detail__media__subtitle\">\n<p>                SANTI OTERO<\/p>\n<p>        El Plant\u00edo vibra con el primer triunfo en casa del UBU San Pablo Burgos esta temporada<\/p>\n","protected":false},"excerpt":{"rendered":"El UBU San Pablo Burgos estren\u00f3 con victoria su casillero en El Plant\u00edo tras imponerse al Proin Sevilla&hellip;\n","protected":false},"author":2,"featured_media":147433,"comment_status":"","ping_status":"","sticky":false,"template":"","format":"standard","meta":{"footnotes":""},"categories":[278],"tags":[376,2770,168,25,24,375,1848,7386,12764,23,167,23118],"class_list":{"0":"post-147432","1":"post","2":"type-post","3":"status-publish","4":"format-standard","5":"has-post-thumbnail","7":"category-balonmano","8":"tag-balonmano","9":"tag-complejo-deportivo-el-plantio","10":"tag-deportes","11":"tag-es","12":"tag-espana","13":"tag-handball","14":"tag-jorge-berzosa","15":"tag-la-coruna","16":"tag-sevilla-fc","17":"tag-spain","18":"tag-sports","19":"tag-ubu-san-pablo-burgos"},"share_on_mastodon":{"url":"","error":""},"_links":{"self":[{"href":"https:\/\/www.europesays.com\/es\/wp-json\/wp\/v2\/posts\/147432","targetHints":{"allow":["GET"]}}],"collection":[{"href":"https:\/\/www.europesays.com\/es\/wp-json\/wp\/v2\/posts"}],"about":[{"href":"https:\/\/www.europesays.com\/es\/wp-json\/wp\/v2\/types\/post"}],"author":[{"embeddable":true,"href":"https:\/\/www.europesays.com\/es\/wp-json\/wp\/v2\/users\/2"}],"replies":[{"embeddable":true,"href":"https:\/\/www.europesays.com\/es\/wp-json\/wp\/v2\/comments?post=147432"}],"version-history":[{"count":0,"href":"https:\/\/www.europesays.com\/es\/wp-json\/wp\/v2\/posts\/147432\/revisions"}],"wp:featuredmedia":[{"embeddable":true,"href":"https:\/\/www.europesays.com\/es\/wp-json\/wp\/v2\/media\/147433"}],"wp:attachment":[{"href":"https:\/\/www.europesays.com\/es\/wp-json\/wp\/v2\/media?parent=147432"}],"wp:term":[{"taxonomy":"category","embeddable":true,"href":"https:\/\/www.europesays.com\/es\/wp-json\/wp\/v2\/categories?post=147432"},{"taxonomy":"post_tag","embeddable":true,"href":"https:\/\/www.europesays.com\/es\/wp-json\/wp\/v2\/tags?post=147432"}],"curies":[{"name":"wp","href":"https:\/\/api.w.org\/{rel}","templated":true}]}}