{"id":147434,"date":"2025-09-29T22:56:08","date_gmt":"2025-09-29T22:56:08","guid":{"rendered":"https:\/\/www.europesays.com\/es\/147434\/"},"modified":"2025-09-29T22:56:08","modified_gmt":"2025-09-29T22:56:08","slug":"ignacio-garibay-a-hombros-con-la-sin-caballos-de-jandilla-en-guadarrama","status":"publish","type":"post","link":"https:\/\/www.europesays.com\/es\/147434\/","title":{"rendered":"Ignacio Garibay a hombros con la sin caballos de Jandilla en Guadarrama"},"content":{"rendered":"<p>El mexicano<strong> Ignacio Garibay<\/strong> ha sido el nombre destacado en la primera novillada de la feria taurina de la localidad madrile\u00f1a de <strong>Guadarrama <\/strong>al desorejar al \u00faltimo del festejo un bravo y repetir animal, donde el mexicano acert\u00f3 al plantearle inteligentemente la faena en el tercio.<\/p>\n<p><strong>Eduardo Rodr\u00edguez<\/strong> pech\u00f3 con un lote que a\u00fan siendo noble le falt\u00f3 transmisi\u00f3n y un punto de fuerza.<\/p>\n<p><strong>Samuel Castrejon<\/strong>, dej\u00f3 buena impresi\u00f3n en el segundo de su lote donde perdi\u00f3 el triunfo por el fallo con el acero.<\/p>\n<p>Festejo sin picadores con los novillos de el hierro extreme\u00f1o de <strong>Jandilla<\/strong>, nobles pero sin fuerzas en l\u00edneas generales, el \u00faltimo premiado con vuelta al ruedo.<\/p>\n<p>Este ha sido el resultado:<\/p>\n<p><strong>Guadarrama. <\/strong>Novillada sin picadores de la ganader\u00eda de <strong style=\"font-size: 16px;\">Jandilla<\/strong>, nobles pero sin fuerzas, el \u00faltimo premiado con vuelta al ruedo.<\/p>\n<p><strong>Eduardo Rodr\u00edguez<\/strong>, silencio, silencio<\/p>\n<p><strong>Samuel Castrej\u00f3n<\/strong>, silencio, oreja<\/p>\n<p><strong>Ignacio Garibay,<\/strong>\u00a0silencio, dos orejas<\/p>\n","protected":false},"excerpt":{"rendered":"El mexicano Ignacio Garibay ha sido el nombre destacado en la primera novillada de la feria taurina de&hellip;\n","protected":false},"author":2,"featured_media":147435,"comment_status":"","ping_status":"","sticky":false,"template":"","format":"standard","meta":{"footnotes":""},"categories":[277],"tags":[373,168,25,24,23,167,374],"class_list":{"0":"post-147434","1":"post","2":"type-post","3":"status-publish","4":"format-standard","5":"has-post-thumbnail","7":"category-toreo","8":"tag-bullfighting","9":"tag-deportes","10":"tag-es","11":"tag-espana","12":"tag-spain","13":"tag-sports","14":"tag-toreo"},"share_on_mastodon":{"url":"","error":""},"_links":{"self":[{"href":"https:\/\/www.europesays.com\/es\/wp-json\/wp\/v2\/posts\/147434","targetHints":{"allow":["GET"]}}],"collection":[{"href":"https:\/\/www.europesays.com\/es\/wp-json\/wp\/v2\/posts"}],"about":[{"href":"https:\/\/www.europesays.com\/es\/wp-json\/wp\/v2\/types\/post"}],"author":[{"embeddable":true,"href":"https:\/\/www.europesays.com\/es\/wp-json\/wp\/v2\/users\/2"}],"replies":[{"embeddable":true,"href":"https:\/\/www.europesays.com\/es\/wp-json\/wp\/v2\/comments?post=147434"}],"version-history":[{"count":0,"href":"https:\/\/www.europesays.com\/es\/wp-json\/wp\/v2\/posts\/147434\/revisions"}],"wp:featuredmedia":[{"embeddable":true,"href":"https:\/\/www.europesays.com\/es\/wp-json\/wp\/v2\/media\/147435"}],"wp:attachment":[{"href":"https:\/\/www.europesays.com\/es\/wp-json\/wp\/v2\/media?parent=147434"}],"wp:term":[{"taxonomy":"category","embeddable":true,"href":"https:\/\/www.europesays.com\/es\/wp-json\/wp\/v2\/categories?post=147434"},{"taxonomy":"post_tag","embeddable":true,"href":"https:\/\/www.europesays.com\/es\/wp-json\/wp\/v2\/tags?post=147434"}],"curies":[{"name":"wp","href":"https:\/\/api.w.org\/{rel}","templated":true}]}}