{"id":147436,"date":"2025-09-29T22:58:19","date_gmt":"2025-09-29T22:58:19","guid":{"rendered":"https:\/\/www.europesays.com\/es\/147436\/"},"modified":"2025-09-29T22:58:19","modified_gmt":"2025-09-29T22:58:19","slug":"todos-los-espanoles-que-han-participado-en-la-ryder-cup","status":"publish","type":"post","link":"https:\/\/www.europesays.com\/es\/147436\/","title":{"rendered":"todos los espa\u00f1oles que han participado en la Ryder Cup"},"content":{"rendered":"<p class=\"ft-text\">La <strong>Ryder Cup<\/strong> afronta este domingo 28 de septiembre su tercer y \u00faltimo d\u00eda de competici\u00f3n. El equipo de <strong>Europa<\/strong>, que defiende t\u00edtulo en la bienal, intentar\u00e1 sumar su segundo entorchado consecutivo, esta vez en territorio estadounidense.<\/p>\n<p class=\"ft-text\">Una vez disputados los &#8216;<strong>foursomes<\/strong>&#8216; y los &#8216;<strong>fourballs<\/strong>&#8216;, este domingo llega el turno de los <strong>12 duelos individuales<\/strong> que terminar\u00e1n de inclinar la balanza a favor de <strong>Europa <\/strong>o de Estados Unidos. Cabe destacar que un hipot\u00e9tico empate favorece a los europeos debido a su condici\u00f3n de vigentes campeones.<\/p>\n<p class=\"ft-text\">Uno de los pilares sobre los que Europa intentar\u00e1 cimentar su victoria es <strong>Jon Rahm<\/strong>, que con la de <strong>Bethpage Park <\/strong>suma ya cuatro participaciones en la Ryder Cup. El de Barrica es la cara visible del golf espa\u00f1ol en los \u00faltimos tiempos, pero no es el \u00fanico golfista nacional que ha formado parte del equipo europeo en la bienal.<\/p>\n<p>\u00bfQu\u00e9 golfistas espa\u00f1oles han participado en la Ryder Cup?<\/p>\n<ul class=\"ft-list ft-list--primary\">\n<li class=\"ft-list__item\">Seve Ballesteros: 8 ediciones<\/li>\n<li class=\"ft-list__item\">Jos\u00e9 Mar\u00eda Olaz\u00e1bal: 7 ediciones<\/li>\n<li class=\"ft-list__item\">Sergio Garc\u00eda: 10 ediciones<\/li>\n<li class=\"ft-list__item\">Jos\u00e9 Mar\u00eda Ca\u00f1izares: 4 ediciones<\/li>\n<li class=\"ft-list__item\">Miguel \u00c1ngel Jim\u00e9nez: 4 ediciones<\/li>\n<li class=\"ft-list__item\">Jon Rahm: 4 ediciones<\/li>\n<li class=\"ft-list__item\">Manuel Pi\u00f1ero: 2 ediciones<\/li>\n<li class=\"ft-list__item\">Jos\u00e9 Rivero: 2 ediciones<\/li>\n<li class=\"ft-list__item\">Antonio Garrido: 1 edici\u00f3n<\/li>\n<li class=\"ft-list__item\">Ignacio Garrido: 1 edici\u00f3n<\/li>\n<\/ul>\n<p class=\"ft-text\">Antes de que el torneo diese paso en <strong>1979 <\/strong>a la Ryder Cup que conocemos a d\u00eda de hoy, el rival de Estados Unidos era una selecci\u00f3n conjunta formada por golfistas de <strong>Gran Breta\u00f1a e Irlanda<\/strong>. Este duelo era cuanto menos desigual, y sol\u00eda inclinarse a favor de los norteamericanos, pero todo cambi\u00f3 cuando el segundo combinado abri\u00f3 sus puertas al resto de golfistas europeos.<\/p>\n<p class=\"ft-text\">En esta apertura, el espa\u00f1ol <strong>Seve Ballesteros<\/strong> jug\u00f3 un papel fundamental. El m\u00edtico golfista espa\u00f1ol fue, junto a Tony Jacklin, el impulsor de un cambi\u00f3 que nivel\u00f3 la balanza en un duelo hasta entonces desajustado. El c\u00e1ntabro lleg\u00f3 a participar en ocho ediciones, propiciando la entrada de otros mitos nacionales como <strong>Olaz\u00e1bal<\/strong>, <strong>Sergio Garc\u00eda<\/strong> o el propio <strong>Rahm<\/strong>.<\/p>\n","protected":false},"excerpt":{"rendered":"La Ryder Cup afronta este domingo 28 de septiembre su tercer y \u00faltimo d\u00eda de competici\u00f3n. El equipo&hellip;\n","protected":false},"author":2,"featured_media":147437,"comment_status":"","ping_status":"","sticky":false,"template":"","format":"standard","meta":{"footnotes":""},"categories":[275],"tags":[45182,5393,168,25,24,11907,329,15667,330,2229,23,167],"class_list":{"0":"post-147436","1":"post","2":"type-post","3":"status-publish","4":"format-standard","5":"has-post-thumbnail","7":"category-golf","8":"tag-ballesteros","9":"tag-cup","10":"tag-deportes","11":"tag-es","12":"tag-espana","13":"tag-espanoles","14":"tag-golf","15":"tag-participantes","16":"tag-rahm","17":"tag-ryder","18":"tag-spain","19":"tag-sports"},"share_on_mastodon":{"url":"","error":""},"_links":{"self":[{"href":"https:\/\/www.europesays.com\/es\/wp-json\/wp\/v2\/posts\/147436","targetHints":{"allow":["GET"]}}],"collection":[{"href":"https:\/\/www.europesays.com\/es\/wp-json\/wp\/v2\/posts"}],"about":[{"href":"https:\/\/www.europesays.com\/es\/wp-json\/wp\/v2\/types\/post"}],"author":[{"embeddable":true,"href":"https:\/\/www.europesays.com\/es\/wp-json\/wp\/v2\/users\/2"}],"replies":[{"embeddable":true,"href":"https:\/\/www.europesays.com\/es\/wp-json\/wp\/v2\/comments?post=147436"}],"version-history":[{"count":0,"href":"https:\/\/www.europesays.com\/es\/wp-json\/wp\/v2\/posts\/147436\/revisions"}],"wp:featuredmedia":[{"embeddable":true,"href":"https:\/\/www.europesays.com\/es\/wp-json\/wp\/v2\/media\/147437"}],"wp:attachment":[{"href":"https:\/\/www.europesays.com\/es\/wp-json\/wp\/v2\/media?parent=147436"}],"wp:term":[{"taxonomy":"category","embeddable":true,"href":"https:\/\/www.europesays.com\/es\/wp-json\/wp\/v2\/categories?post=147436"},{"taxonomy":"post_tag","embeddable":true,"href":"https:\/\/www.europesays.com\/es\/wp-json\/wp\/v2\/tags?post=147436"}],"curies":[{"name":"wp","href":"https:\/\/api.w.org\/{rel}","templated":true}]}}