{"id":147450,"date":"2025-09-29T23:07:08","date_gmt":"2025-09-29T23:07:08","guid":{"rendered":"https:\/\/www.europesays.com\/es\/147450\/"},"modified":"2025-09-29T23:07:08","modified_gmt":"2025-09-29T23:07:08","slug":"una-operacion-imposible-obliga-a-evren-a-regresar-a-turquia","status":"publish","type":"post","link":"https:\/\/www.europesays.com\/es\/147450\/","title":{"rendered":"una operaci\u00f3n imposible obliga a Evren a regresar a Turqu\u00eda"},"content":{"rendered":"<p>En el hospital <b>Peran<\/b>, el tiempo no ha curado el coraz\u00f3n de <b>Bahar<\/b>. Cuando <b>Rengin <\/b>le ha preguntado si sab\u00eda algo de <b>Evren<\/b>, su respuesta ha sido tajante: \u201cSi me entero de algo, me desequilibrar\u00e9\u201d. Sigue adelante, pero no puede <b>olvidarlo<\/b>.<\/p>\n<p>Mientras tanto, al otro lado del mundo, <b>Evren <\/b>se ha convertido en una leyenda de la <b>cirug\u00eda<\/b>. Sus compa\u00f1eros en <b>Estados Unidos <\/b>alucinan con su rapidez y su talento. Pero el pasado siempre vuelve. Su jefa le ha presentado un nuevo desaf\u00edo profesional: realizar <b>tres operaciones <\/b>de alt\u00edsimo riesgo a pacientes muy importantes. Solo hay un problema, por diversas razones, las cirug\u00edas tienen que hacerse en <b>Turqu\u00eda<\/b>, en la <b>Fundaci\u00f3n Peran<\/b>.<\/p>\n<p>Tras un largo y tenso silencio, <b>Evren <\/b>ha mirado a su <b>jefa <\/b>y ha aceptado lo <b>inevitable<\/b>: \u201cQuiz\u00e1 ya sea el momento de cerrar <b>viejas <\/b>heridas\u201d. El reencuentro es inminente, \u00a1<b>Bahar <\/b>y <b>Evren <\/b>van a volver a verse!<\/p>\n","protected":false},"excerpt":{"rendered":"En el hospital Peran, el tiempo no ha curado el coraz\u00f3n de Bahar. Cuando Rengin le ha preguntado&hellip;\n","protected":false},"author":2,"featured_media":147451,"comment_status":"","ping_status":"","sticky":false,"template":"","format":"standard","meta":{"footnotes":""},"categories":[171],"tags":[146,147,25,24,23,214],"class_list":{"0":"post-147450","1":"post","2":"type-post","3":"status-publish","4":"format-standard","5":"has-post-thumbnail","7":"category-tv","8":"tag-entertainment","9":"tag-entretenimiento","10":"tag-es","11":"tag-espana","12":"tag-spain","13":"tag-tv"},"share_on_mastodon":{"url":"","error":""},"_links":{"self":[{"href":"https:\/\/www.europesays.com\/es\/wp-json\/wp\/v2\/posts\/147450","targetHints":{"allow":["GET"]}}],"collection":[{"href":"https:\/\/www.europesays.com\/es\/wp-json\/wp\/v2\/posts"}],"about":[{"href":"https:\/\/www.europesays.com\/es\/wp-json\/wp\/v2\/types\/post"}],"author":[{"embeddable":true,"href":"https:\/\/www.europesays.com\/es\/wp-json\/wp\/v2\/users\/2"}],"replies":[{"embeddable":true,"href":"https:\/\/www.europesays.com\/es\/wp-json\/wp\/v2\/comments?post=147450"}],"version-history":[{"count":0,"href":"https:\/\/www.europesays.com\/es\/wp-json\/wp\/v2\/posts\/147450\/revisions"}],"wp:featuredmedia":[{"embeddable":true,"href":"https:\/\/www.europesays.com\/es\/wp-json\/wp\/v2\/media\/147451"}],"wp:attachment":[{"href":"https:\/\/www.europesays.com\/es\/wp-json\/wp\/v2\/media?parent=147450"}],"wp:term":[{"taxonomy":"category","embeddable":true,"href":"https:\/\/www.europesays.com\/es\/wp-json\/wp\/v2\/categories?post=147450"},{"taxonomy":"post_tag","embeddable":true,"href":"https:\/\/www.europesays.com\/es\/wp-json\/wp\/v2\/tags?post=147450"}],"curies":[{"name":"wp","href":"https:\/\/api.w.org\/{rel}","templated":true}]}}