{"id":147466,"date":"2025-09-29T23:15:08","date_gmt":"2025-09-29T23:15:08","guid":{"rendered":"https:\/\/www.europesays.com\/es\/147466\/"},"modified":"2025-09-29T23:15:08","modified_gmt":"2025-09-29T23:15:08","slug":"netanyahu-pide-disculpas-a-qatar-por-el-ataque-contra-hamas-en-doha-mientras-trump-dice-que-la-paz-en-gaza-esta-muy-cerca","status":"publish","type":"post","link":"https:\/\/www.europesays.com\/es\/147466\/","title":{"rendered":"Netanyahu pide disculpas a Qatar por el ataque contra Ham\u00e1s en Doha, mientras Trump dice que la paz en Gaza est\u00e1 muy cerca"},"content":{"rendered":"<p>          <img decoding=\"async\" class=\"c-ad__placeholder__logo\" src=\"https:\/\/static.euronews.com\/website\/images\/logos\/logo-euronews-stacked-outlined-72x72-grey-9.svg\" width=\"72\" height=\"72\" alt=\"\" loading=\"lazy\"\/><br \/>\n          PUBLICIDAD<\/p>\n<p>El primer ministro de Israel, <a href=\"https:\/\/es.euronews.com\/2025\/09\/26\/depongan-las-armas-y-liberen-a-los-rehenes-dice-netanyahu-a-hamas-ante-la-onu\" rel=\"nofollow noopener\" target=\"_blank\"><strong>Benjamin Netanyahu<\/strong><\/a>, ha presentado una disculpa oficial a Qatar por haber matado a uno de sus ciudadanos durante un ataque a\u00e9reo sobre Doha que ten\u00eda como objetivo una <strong>delegaci\u00f3n de Ham\u00e1s<\/strong>.<\/p>\n<p>\u00abComo primer paso, el primer ministro Netanyahu expres\u00f3 su profundo pesar por el hecho de que el ataque con misiles de Israel contra objetivos de Ham\u00e1s en Qatar <strong>matara involuntariamente a un militar qatar\u00ed<\/strong>\u00ab, dice un comunicado de la Casa Blanca.<\/p>\n<p>\u00abAdem\u00e1s, lament\u00f3 que, al apuntar a los dirigentes de Ham\u00e1s durante las negociaciones sobre los rehenes, <a href=\"https:\/\/es.euronews.com\/2025\/09\/09\/los-medios-arabes-vinculan-una-explosion-en-doha-con-un-ataque-aereo-israeli-a-hamas\" rel=\"nofollow noopener\" target=\"_blank\"><strong>Israel violara la soberan\u00eda qatar\u00ed<\/strong><\/a> y afirm\u00f3 que Israel no volver\u00e1 a llevar a cabo un ataque de este tipo en el futuro\u00bb.<\/p>\n<p>Al menos cinco miembros de bajo rango de Ham\u00e1s murieron tambi\u00e9n en el <strong>ataque del 9 de septiembre<\/strong>, dirigido contra los altos dirigentes de Ham\u00e1s que participaban en la <strong>negociaci\u00f3n de un alto el fuego<\/strong> respaldado por Estados Unidos. Fue el primer ataque de Israel contra <strong>Qatar, mediador clave en los esfuerzos de alto el fuego.<\/strong><\/p>\n<p><strong>El plan de 20 puntos de Trump<\/strong><\/p>\n<p>El ataque fue recibido con <a href=\"https:\/\/es.euronews.com\/2025\/09\/26\/netanyahu-ante-la-onu-mientras-aumenta-la-presion-sobre-gaza\" rel=\"nofollow noopener\" target=\"_blank\"><strong>indignaci\u00f3n mundial<\/strong><\/a>, con el secretario general de la ONU, Ant\u00f3nio Guterres, calific\u00e1ndolo de \u00abviolaci\u00f3n flagrante\u00bb de la soberan\u00eda de Qatar. Mientras tanto, el presidente estadounidense Donald Trump dijo que \u00e9l y Netanyahu han discutido \u00abc\u00f3mo poner fin a la guerra en Gaza\u00bb con Trump saludando un \u00abd\u00eda hist\u00f3rico para la paz\u00bb.<\/p>\n<p>No estaba claro de inmediato si Ham\u00e1s hab\u00eda aceptado <strong>el plan de 20 puntos de Trump<\/strong>, pero Trump dijo que hab\u00eda o\u00eddo que \u00abHam\u00e1s tambi\u00e9n quiere que esto se haga\u00bb. Un funcionario de Ham\u00e1s dijo que el grupo fue informado sobre el plan, pero a\u00fan no ha recibido una oferta oficial de los <strong>mediadores egipcios y qatar\u00edes<\/strong>.<\/p>\n<p>Junta de Gobierno en Gaza<\/p>\n<p>El plan prev\u00e9 la creaci\u00f3n de una Junta de Gobierno temporal <strong>presidida por Trump<\/strong> e integrada por<a href=\"https:\/\/es.euronews.com\/2021\/09\/06\/tony-blair-el-islamismo-radical-sigue-siendo-una-amenaza-de-primer-orden-y-sin-control\" rel=\"nofollow noopener\" target=\"_blank\"> <strong>la pol\u00e9mica figura de Tony Blair<\/strong><\/a>. El plan no exige que la poblaci\u00f3n abandone Gaza y pide el fin inmediato de la guerra si ambas partes lo aceptan.<\/p>\n<p>Tambi\u00e9n exige que todos los <strong>rehenes restantes sean liberados<\/strong> en un plazo de 72 horas desde que Israel acepte el plan. Trump afirma que Israel tendr\u00eda el \u00abpleno respaldo\u00bb de Estados Unidos para tomar medidas para derrotar a Ham\u00e1s si no acepta el acuerdo de paz propuesto.<\/p>\n<p>Trump da la <strong>bienvenida a Netanyahu a la Casa Blanca<\/strong><\/p>\n<p>\u00abCreo que estamos muy cerca\u00bb, dijo Trump al comienzo de una rueda de prensa con Netanyahu en la que detall\u00f3 el acuerdo. Al dar la <strong>bienvenida a Netanyahu a la Casa Blanca<\/strong>, Trump respondi\u00f3 afirmativamente cuando los periodistas le preguntaron si confiaba en que se alcanzar\u00eda pronto un acuerdo para <a href=\"https:\/\/es.euronews.com\/2025\/09\/27\/al-menos-38-muertos-en-gaza-mientras-israel-ignora-demandas-de-alto-el-fuego\" rel=\"nofollow noopener\" target=\"_blank\"><strong>poner fin a los combates entre Israel y Ham\u00e1s<\/strong><\/a>. \u00abEstoy seguro. Tengo mucha confianza\u00bb, dijo Trump.<\/p>\n<p>Previamente, el lunes, la secretaria de prensa de la Casa Blanca, <strong>Karoline Leavitt<\/strong>, inst\u00f3 a ambas partes a finalizar un acuerdo para poner fin a la guerra de casi dos a\u00f1os en Gaza. \u00abEn \u00faltima instancia, el presidente sabe que cuando se llega a un buen acuerdo, ambas partes se van a ir un poco descontentas\u00bb, dijo Leavitt a los periodistas. \u00abPero <strong>necesitamos que este conflicto termine<\/strong>\u00ab.<\/p>\n<p>Mientras tanto, Riyad Mansour, embajador palestino ante las Naciones Unidas, dijo que las autoridades palestinas estaban dispuestas a trabajar con Trump y los pa\u00edses \u00e1rabes para poner fin a la guerra.<\/p>\n<p>\u00abNo nos demoremos ni un minuto m\u00e1s en hacer lo necesario para que esta paz justa sustituya a la insoportable realidad de hoy\u00bb, dijo Mansour durante una reuni\u00f3n del Consejo de Seguridad sobre Oriente Medio. <\/p>\n<p>La guerra comenz\u00f3 cuando militantes de Ham\u00e1s atacaron el sur de Israel el 7 de octubre de 2023, matando a unas 1.200 personas, la mayor\u00eda civiles. <strong>Ham\u00e1s tom\u00f3 como rehenes a 251 personas<\/strong>, y actualmente retiene a 48, <strong>de las que se cree que 20 siguen vivas<\/strong>. La posterior ofensiva israel\u00ed ha causado hasta la fecha la muerte de al menos <a href=\"https:\/\/es.euronews.com\/2025\/09\/28\/se-supera-la-cifra-de-66000-muertos-en-gaza-antes-de-la-reunion-de-netanyahu-con-trump\" rel=\"nofollow noopener\" target=\"_blank\"><strong>66.000 palestinos<\/strong>, <strong>en su mayor\u00eda mujeres y ni\u00f1os<\/strong><\/a>, seg\u00fan el Ministerio de Sanidad de Gaza, dirigido por Ham\u00e1s, cuyas cifras no distinguen entre combatientes y civiles.<\/p>\n<p>Fuentes adicionales<strong> \u2022 AP<\/strong><\/p>\n","protected":false},"excerpt":{"rendered":"PUBLICIDAD El primer ministro de Israel, Benjamin Netanyahu, ha presentado una disculpa oficial a Qatar por haber matado&hellip;\n","protected":false},"author":2,"featured_media":147467,"comment_status":"","ping_status":"","sticky":false,"template":"","format":"standard","meta":{"footnotes":""},"categories":[42],"tags":[13241,17,18,352,13,14,1256,1258,11,61,62,63,64,74,19,20,9,10,15,16,12,21,22,65,66,67],"class_list":{"0":"post-147466","1":"post","2":"type-post","3":"status-publish","4":"format-standard","5":"has-post-thumbnail","7":"category-internacional","8":"tag-benjamin-netanyahu","9":"tag-breaking-news","10":"tag-breakingnews","11":"tag-donald-trump","12":"tag-featured-news","13":"tag-featurednews","14":"tag-franja-de-gaza","15":"tag-guerra-israel-hamas","16":"tag-headlines","17":"tag-internacional","18":"tag-international","19":"tag-international-news","20":"tag-internationalnews","21":"tag-israel","22":"tag-latest-news","23":"tag-latestnews","24":"tag-news","25":"tag-noticias","26":"tag-noticias-destacadas","27":"tag-noticiasdestacadas","28":"tag-titulares","29":"tag-ultimas-noticias","30":"tag-ultimasnoticias","31":"tag-world","32":"tag-world-news","33":"tag-worldnews"},"share_on_mastodon":{"url":"","error":""},"_links":{"self":[{"href":"https:\/\/www.europesays.com\/es\/wp-json\/wp\/v2\/posts\/147466","targetHints":{"allow":["GET"]}}],"collection":[{"href":"https:\/\/www.europesays.com\/es\/wp-json\/wp\/v2\/posts"}],"about":[{"href":"https:\/\/www.europesays.com\/es\/wp-json\/wp\/v2\/types\/post"}],"author":[{"embeddable":true,"href":"https:\/\/www.europesays.com\/es\/wp-json\/wp\/v2\/users\/2"}],"replies":[{"embeddable":true,"href":"https:\/\/www.europesays.com\/es\/wp-json\/wp\/v2\/comments?post=147466"}],"version-history":[{"count":0,"href":"https:\/\/www.europesays.com\/es\/wp-json\/wp\/v2\/posts\/147466\/revisions"}],"wp:featuredmedia":[{"embeddable":true,"href":"https:\/\/www.europesays.com\/es\/wp-json\/wp\/v2\/media\/147467"}],"wp:attachment":[{"href":"https:\/\/www.europesays.com\/es\/wp-json\/wp\/v2\/media?parent=147466"}],"wp:term":[{"taxonomy":"category","embeddable":true,"href":"https:\/\/www.europesays.com\/es\/wp-json\/wp\/v2\/categories?post=147466"},{"taxonomy":"post_tag","embeddable":true,"href":"https:\/\/www.europesays.com\/es\/wp-json\/wp\/v2\/tags?post=147466"}],"curies":[{"name":"wp","href":"https:\/\/api.w.org\/{rel}","templated":true}]}}