{"id":147468,"date":"2025-09-29T23:20:26","date_gmt":"2025-09-29T23:20:26","guid":{"rendered":"https:\/\/www.europesays.com\/es\/147468\/"},"modified":"2025-09-29T23:20:26","modified_gmt":"2025-09-29T23:20:26","slug":"interior-autoriza-la-anulacion-definitiva-de-la-polemica-compra-de-balas-a-israel-a-cambio-de-devolver-274-000e-de-garantia-a-la-empresa-politica","status":"publish","type":"post","link":"https:\/\/www.europesays.com\/es\/147468\/","title":{"rendered":"Interior autoriza la anulaci\u00f3n definitiva de la pol\u00e9mica compra de balas a Israel a cambio de devolver 274.000\u20ac de garant\u00eda a la empresa | Pol\u00edtica"},"content":{"rendered":"<p class=\"loc\">Madrid<\/p>\n<p>El ministerio del Interior ha iniciado el tr\u00e1mite final para anular definitivamente <a href=\"https:\/\/cadenaser.com\/nacional\/2025\/04\/24\/el-gobierno-tratara-de-bloquear-la-entrada-de-las-balas-israelies-denegando-su-autorizacion-de-importacion-cadena-ser\/\" target=\"_blank\" rel=\"noreferrer nofollow noopener\" title=\"https:\/\/cadenaser.com\/nacional\/2025\/04\/24\/el-gobierno-tratara-de-bloquear-la-entrada-de-las-balas-israelies-denegando-su-autorizacion-de-importacion-cadena-ser\/\">el pol\u00e9mico contrato de las 15 millones de balas <\/a>que fue adjudicado a la empresa israel\u00ed IMI Systems por 6.642.900 euros (IVA incluido), contrato desvelado por la SER y que gener\u00f3 una profunda crisis en el seno del Gobierno, hasta el punto de que el propio presidente del Gobierno reconoci\u00f3 p\u00fablicamente en sede parlamentaria el \u00abgrave error\u00bb de haber adjudicado este contrato a una empresa israel\u00ed, incumpliendo el compromiso del Ejecutivo de no comprar armamento procedente de Israel tras los atentados del 7 de octubre de 2023.<\/p>\n<p>M\u00e1s informaci\u00f3n<\/p>\n<p>La secretaria de Estado de Seguridad, Aina Calvo ha firmado ya el procedimiento administrativo para resolver el contrato (tienen todav\u00eda 8 meses para dictar la resoluci\u00f3n final), a trav\u00e9s de la \u2018resoluci\u00f3n del contrato expediente R\/0003\/A\/24\/2 L1 y L3\u2019 relativo al \u00absuministro para la adquisici\u00f3n de munici\u00f3n 9&#215;19 mm para dotar al personal de diferentes Unidades de la Guardia Civil\u00bb.<\/p>\n<p>La plataforma de contrataci\u00f3n del sector p\u00fablico publica la \u00abliquidaci\u00f3n del contrato\u00bb, de momento, \u00aba coste cero\u00bb, seg\u00fan detalla el documento del Ministerio del Interior \u00abal no existir bienes que se puedan recibir\u00bb, es decir, no han recibido las balas y, por tanto, no pagar\u00e1n por ello. <\/p>\n<p>La resoluci\u00f3n consultada por la SER en cambo contempla la opci\u00f3n de pagar una compensaci\u00f3n por la ruptura de este contrato que <a href=\"https:\/\/cadenaser.com\/nacional\/2025\/04\/23\/el-gobierno-recula-y-formaliza-la-compra-millonaria-de-balas-israelies-que-se-comprometio-a-anular-cadena-ser\/\" target=\"_blank\" rel=\"nofollow noopener\" title=\"https:\/\/cadenaser.com\/nacional\/2025\/04\/23\/el-gobierno-recula-y-formaliza-la-compra-millonaria-de-balas-israelies-que-se-comprometio-a-anular-cadena-ser\/\">hab\u00eda sido formalizado en plena semana santa<\/a>. Interior asumir\u00e1 una \u00abindemnizaci\u00f3n\u00bb &#8211; al amparo del art\u00edculo 213.4 de la LCSP- como \u00abconsecuencia de la resoluci\u00f3n del contrato por causa no imputable al mismo\u00bb, en el caso de que llegue un recurso por parte de la empresa israel\u00ed Guardian Homeland Security &#8211; que act\u00faa como representante de IMI Systems-. La compa\u00f1\u00eda israel\u00ed tiene 10 d\u00edas para hacerlo desde la notificaci\u00f3n, pero de momento, no hay se\u00f1ales de que hayan dado ese paso. La Cadena SER contact\u00f3 en varias ocasiones, tanto con IMI Systems, como con su representante en Espa\u00f1a, Guardian Homeland Security, pero no ha obtenido ning\u00fan tipo de respuesta.<\/p>\n<p>El ministerio liderado por Fernando Grande-Marlaska s\u00ed tiene previsto devolver a la empresa israel\u00ed los 274.500 euros que anticiparon como garant\u00eda del contrato \u00abequivalente al \u00abal 5% del presupuesto base de licitaci\u00f3n de cada lote, (excluidos impuestos)\u00bb. <\/p>\n<p>El Gobierno deneg\u00f3 la importaci\u00f3n de balas en pleno agosto<\/p>\n<p><a href=\"https:\/\/cadenaser.com\/nacional\/2025\/04\/24\/el-gobierno-tratara-de-bloquear-la-entrada-de-las-balas-israelies-denegando-su-autorizacion-de-importacion-cadena-ser\/\" target=\"_blank\" rel=\"nofollow noopener\" title=\"https:\/\/cadenaser.com\/nacional\/2025\/04\/24\/el-gobierno-tratara-de-bloquear-la-entrada-de-las-balas-israelies-denegando-su-autorizacion-de-importacion-cadena-ser\/\">Como avanz\u00f3 la SER<\/a>, tras la pol\u00e9mica que gener\u00f3 este contrato, el Gobierno orden\u00f3 a la Junta Interministerial Reguladora del Comercio Exterior de Material de Defensa y de Doble Uso (JIMDDU) que denegase a la empresa israel\u00ed la licencia de importaci\u00f3n de las balas para poder iniciar la anulaci\u00f3n del contrato. <\/p>\n<p>La JIMDDU dio ese paso el pasado 4 de agosto de 2025, lo hizo el Subdirector General de Comercio Internacional de Material de Defensa y Doble Uso \u00abactuando por delegaci\u00f3n de firma de la Secretaria de Estado de Comercio\u00bb para \u00abDENEGAR la solicitud ESMDDUI085334, dado que contraviene los criterios establecidos en la letra a) del art\u00edculo 8.1 de la Ley 53\/2007, de 28 de diciembre, sobre el control del comercio exterior de material de defensa y doble uso. Y la letra a) del art\u00edculo 7.1 del Real Decreto 679\/2014, de 1 de agosto, por el que se aprueba el Reglamento de control del comercio exterior de material de defensa, de otro material y de productos y tecnolog\u00edas de doble uso\u2026 (SIC)\u00bb.<\/p>\n<p>Interior aplica un car\u00e1cter retroactivo del embargo total de armamento israel\u00ed<\/p>\n<p>En su razonamiento para justificar la suspensi\u00f3n de este contrato, el Ministerio de Interior tambi\u00e9n alega el Real Decreto-ley 10\/2025, de 23 de septiembre, \u00abpor el que se adoptan medidas urgentes contra el genocidio en Gaza y de apoyo a la poblaci\u00f3n palestina, que corrobora la decisi\u00f3n indicada en el p\u00e1rrafo anterior\u00bb. Es decir, el Gobierno trata de dar car\u00e1cter retroactivo a ese embargo total para poder ejecutar esta suspensi\u00f3n con garant\u00edas.<\/p>\n<p>La prohibici\u00f3n de importar material de defensa desde Israel \u00abmaterializa por la denegaci\u00f3n de la licencia de importaci\u00f3n por parte de la autoridad competente\u00bb, dice la resoluci\u00f3n, \u00abconstituye una imposibilidad legal sobrevenida que activa esta causa de resoluci\u00f3n del contrato\u00bb. Se cita cuatro puntos concretos para justificar esa decisi\u00f3n: <\/p>\n<ul>\n<li>\u00abEs objetiva y ajena a las partes\u00bb.<\/li>\n<li>\u00abImpide la ejecuci\u00f3n del contrato en sus t\u00e9rminos originales\u00bb<\/li>\n<li>\u00abNo puede ser subsanada mediante modificaci\u00f3n legalmente admisible\u00bb<\/li>\n<li>\u00abNo genera responsabilidad patrimonial para el contratista, salvo que se determine lo contrario en el expediente\u00bb<\/li>\n<\/ul>\n<p>El Ministerio del Interior supo cinco meses antes de firmar el contrato de compra de balas con Israel que no hab\u00eda margen para romperlo. Seg\u00fan fuentes conocedoras de aquella licitaci\u00f3n, en noviembre de 2024, Interior pregunt\u00f3 a la Abogac\u00eda del Estado qu\u00e9 pod\u00eda hacer para no formalizar el contrato &#8211; que ya hab\u00eda sido adjudicado-. La respuesta fue un correo electr\u00f3nico, nada formal, un mail con un an\u00e1lisis de la Abogac\u00eda en el que se detallaba que los argumentos para romper ese contrato de los 15.3 millones de balas era exiguo porque jur\u00eddicamente no hab\u00eda motivos para anularlo.<\/p>\n<p>Israel conden\u00f3 \u00abfirmemente\u00bb la decisi\u00f3n del Gobierno de Espa\u00f1a de rescindir el contrato de la compra millonaria de balas. Un portavoz de Exteriores lleg\u00f3 a denunciar que el Ejecutivo estaba \u00absacrificando consideraciones de seguridad por fines pol\u00edticos\u00bb.<\/p>\n","protected":false},"excerpt":{"rendered":"Madrid El ministerio del Interior ha iniciado el tr\u00e1mite final para anular definitivamente el pol\u00e9mico contrato de las&hellip;\n","protected":false},"author":2,"featured_media":147469,"comment_status":"","ping_status":"","sticky":false,"template":"","format":"standard","meta":{"footnotes":""},"categories":[8],"tags":[17,18,25,24,13,14,11,19,20,9,10,15,16,23,12,21,22],"class_list":{"0":"post-147468","1":"post","2":"type-post","3":"status-publish","4":"format-standard","5":"has-post-thumbnail","7":"category-espana","8":"tag-breaking-news","9":"tag-breakingnews","10":"tag-es","11":"tag-espana","12":"tag-featured-news","13":"tag-featurednews","14":"tag-headlines","15":"tag-latest-news","16":"tag-latestnews","17":"tag-news","18":"tag-noticias","19":"tag-noticias-destacadas","20":"tag-noticiasdestacadas","21":"tag-spain","22":"tag-titulares","23":"tag-ultimas-noticias","24":"tag-ultimasnoticias"},"share_on_mastodon":{"url":"","error":""},"_links":{"self":[{"href":"https:\/\/www.europesays.com\/es\/wp-json\/wp\/v2\/posts\/147468","targetHints":{"allow":["GET"]}}],"collection":[{"href":"https:\/\/www.europesays.com\/es\/wp-json\/wp\/v2\/posts"}],"about":[{"href":"https:\/\/www.europesays.com\/es\/wp-json\/wp\/v2\/types\/post"}],"author":[{"embeddable":true,"href":"https:\/\/www.europesays.com\/es\/wp-json\/wp\/v2\/users\/2"}],"replies":[{"embeddable":true,"href":"https:\/\/www.europesays.com\/es\/wp-json\/wp\/v2\/comments?post=147468"}],"version-history":[{"count":0,"href":"https:\/\/www.europesays.com\/es\/wp-json\/wp\/v2\/posts\/147468\/revisions"}],"wp:featuredmedia":[{"embeddable":true,"href":"https:\/\/www.europesays.com\/es\/wp-json\/wp\/v2\/media\/147469"}],"wp:attachment":[{"href":"https:\/\/www.europesays.com\/es\/wp-json\/wp\/v2\/media?parent=147468"}],"wp:term":[{"taxonomy":"category","embeddable":true,"href":"https:\/\/www.europesays.com\/es\/wp-json\/wp\/v2\/categories?post=147468"},{"taxonomy":"post_tag","embeddable":true,"href":"https:\/\/www.europesays.com\/es\/wp-json\/wp\/v2\/tags?post=147468"}],"curies":[{"name":"wp","href":"https:\/\/api.w.org\/{rel}","templated":true}]}}