{"id":147470,"date":"2025-09-29T23:25:30","date_gmt":"2025-09-29T23:25:30","guid":{"rendered":"https:\/\/www.europesays.com\/es\/147470\/"},"modified":"2025-09-29T23:25:30","modified_gmt":"2025-09-29T23:25:30","slug":"arranca-la-semana-de-la-educacion-2025-de-anpe-canarias","status":"publish","type":"post","link":"https:\/\/www.europesays.com\/es\/147470\/","title":{"rendered":"Arranca la Semana de la Educaci\u00f3n 2025 de ANPE Canarias"},"content":{"rendered":"<p>&#13;<br \/>\n&#13;<\/p>\n<p>\t\t\t\t\t\t\t\t\t<img loading=\"lazy\" decoding=\"async\" class=\"img-responsive animate_fade_in\" src=\"https:\/\/www.europesays.com\/es\/wp-content\/uploads\/2025\/09\/semana-de-la-educacio-n-fechas_t1759143996_5_b.jpg\" width=\"750\" height=\"420\" alt=\"semana-de-la-educacio-n-fechas\"\/><br \/>\n\t\t\t\t\t\t\t\t&#13;<br \/>\n&#13;<\/p>\n<p>Hoy, lunes 29 de septiembre, arranca la\u00a0<strong>Semana de la Educaci\u00f3n 2025 de ANPE Canarias<\/strong>, mediante la que llevaremos la<strong>\u00a0charla\u00a0\u2018Claves DUA: c\u00f3mo dise\u00f1ar sin dejar a nadie atr\u00e1s\u2019\u00a0<\/strong>a las diferentes islas del Archipi\u00e9lago.<\/p>\n<p>&#13;<br \/>\n&#13;<\/p>\n<p>En el caso de la isla de\u00a0<strong>Tenerife<\/strong>, tenemos que informar de un\u00a0<strong>cambio en la ubicaci\u00f3n prevista<\/strong>. Debido a la cantidad de solicitudes de inscripci\u00f3n recibidas, hemos decidido trasladar la charla a un lugar con mayor aforo: el\u00a0<strong>IES La Laboral<\/strong>, tambi\u00e9n en La Laguna (Av. Lora Tamayo, 2). Ser\u00e1 el mismo d\u00eda y a la misma hora:<strong>\u00a0jueves 2 de octubre a las 17:00 horas<\/strong>.<\/p>\n<p>&#13;<br \/>\n&#13;<\/p>\n<p>Con este cambio, el programa queda de la siguiente forma:<\/p>\n<p>&#13;<br \/>\n&#13;<\/p>\n<ul>&#13;<\/p>\n<li>&#13;\n<p><strong>Gran Canaria:<\/strong>\u00a0lunes\u00a0<strong>29 de septiembre<\/strong>\u00a016:30 h &#8211; CEP Las Palmas de Gran Canaria<\/p>\n<p>&#13;\n\t<\/li>\n<p>&#13;<\/p>\n<li>&#13;\n<p><strong>La Palma:<\/strong>\u00a0martes\u00a0<strong>30 de septiembre\u00a0<\/strong>16:30 h &#8211; CEP La Palma<\/p>\n<p>&#13;\n\t<\/li>\n<p>&#13;<\/p>\n<li>&#13;\n<p><strong>Lanzarote:<\/strong>\u00a0mi\u00e9rcoles\u00a0<strong>1 de octubre<\/strong>\u00a016:30 h &#8211; IES Blas Cabrera Felipe<\/p>\n<p>&#13;\n\t<\/li>\n<p>&#13;<\/p>\n<li>&#13;\n<p><strong>El Hierro:\u00a0<\/strong>mi\u00e9rcoles\u00a0<strong>1 de octubre<\/strong>\u00a017:30\u00a0h &#8211; CEP El Hierro<\/p>\n<p>&#13;\n\t<\/li>\n<p>&#13;<\/p>\n<li>&#13;\n<p><strong>La Gomera:<\/strong>\u00a0mi\u00e9rcoles\u00a0<strong>1 de octubre<\/strong>\u00a017:30 h &#8211; CEP La Gomera<\/p>\n<p>&#13;\n\t<\/li>\n<p>&#13;<\/p>\n<li>&#13;\n<p><strong>Tenerife:<\/strong>\u00a0jueves\u00a0<strong>2 de octubre<\/strong>\u00a017:00 h &#8211; IES La Laboral<\/p>\n<p>&#13;\n\t<\/li>\n<p>&#13;<\/p>\n<li>&#13;\n<p><strong>Fuerteventura:<\/strong>\u00a0mi\u00e9rcoles\u00a0<strong>15 de octubre<\/strong>\u00a017:00 h &#8211; IES Puerto Cabras Rafael B\u00e1ez<\/p>\n<p>&#13;\n\t<\/li>\n<p>&#13;\n<\/ul>\n<p>&#13;<br \/>\n&#13;<\/p>\n<p>La Semana de la Educaci\u00f3n, que cumple su cuarta edici\u00f3n, es una iniciativa de ANPE Canarias puesta en marcha para destacar el papel de la educaci\u00f3n y del profesorado en el desarrollo de la sociedad, as\u00ed como para difundir y promover pr\u00e1cticas educativas innovadoras. Este a\u00f1o,\u00a0<strong>la Semana de la Educaci\u00f3n se suma al esp\u00edritu del lema escogido este a\u00f1o por la UNESCO para el D\u00eda Mundial de los y las Docentes, \u201cRedefinir la docencia como una profesi\u00f3n colaborativa\u201d<\/strong>, al promover espacios de encuentro, reflexi\u00f3n y formaci\u00f3n compartida. Una vez m\u00e1s, ANPE Canarias reafirma su compromiso con el profesorado y con una educaci\u00f3n p\u00fablica inclusiva, innovadora y basada en el trabajo conjunto de toda la comunidad educativa.<\/p>\n<p>&#13;<br \/>\n&#13;<\/p>\n","protected":false},"excerpt":{"rendered":"&#13; &#13; &#13; &#13; Hoy, lunes 29 de septiembre, arranca la\u00a0Semana de la Educaci\u00f3n 2025 de ANPE Canarias,&hellip;\n","protected":false},"author":2,"featured_media":147471,"comment_status":"","ping_status":"","sticky":false,"template":"","format":"standard","meta":{"footnotes":""},"categories":[5],"tags":[45193,17,18,25,24,13,14,11,19,20,9,10,15,16,23,12,21,22],"class_list":{"0":"post-147470","1":"post","2":"type-post","3":"status-publish","4":"format-standard","5":"has-post-thumbnail","7":"category-titulares","8":"tag-arranca-la-semana-de-la-educacion-2025-de-anpe-canarias","9":"tag-breaking-news","10":"tag-breakingnews","11":"tag-es","12":"tag-espana","13":"tag-featured-news","14":"tag-featurednews","15":"tag-headlines","16":"tag-latest-news","17":"tag-latestnews","18":"tag-news","19":"tag-noticias","20":"tag-noticias-destacadas","21":"tag-noticiasdestacadas","22":"tag-spain","23":"tag-titulares","24":"tag-ultimas-noticias","25":"tag-ultimasnoticias"},"share_on_mastodon":{"url":"","error":""},"_links":{"self":[{"href":"https:\/\/www.europesays.com\/es\/wp-json\/wp\/v2\/posts\/147470","targetHints":{"allow":["GET"]}}],"collection":[{"href":"https:\/\/www.europesays.com\/es\/wp-json\/wp\/v2\/posts"}],"about":[{"href":"https:\/\/www.europesays.com\/es\/wp-json\/wp\/v2\/types\/post"}],"author":[{"embeddable":true,"href":"https:\/\/www.europesays.com\/es\/wp-json\/wp\/v2\/users\/2"}],"replies":[{"embeddable":true,"href":"https:\/\/www.europesays.com\/es\/wp-json\/wp\/v2\/comments?post=147470"}],"version-history":[{"count":0,"href":"https:\/\/www.europesays.com\/es\/wp-json\/wp\/v2\/posts\/147470\/revisions"}],"wp:featuredmedia":[{"embeddable":true,"href":"https:\/\/www.europesays.com\/es\/wp-json\/wp\/v2\/media\/147471"}],"wp:attachment":[{"href":"https:\/\/www.europesays.com\/es\/wp-json\/wp\/v2\/media?parent=147470"}],"wp:term":[{"taxonomy":"category","embeddable":true,"href":"https:\/\/www.europesays.com\/es\/wp-json\/wp\/v2\/categories?post=147470"},{"taxonomy":"post_tag","embeddable":true,"href":"https:\/\/www.europesays.com\/es\/wp-json\/wp\/v2\/tags?post=147470"}],"curies":[{"name":"wp","href":"https:\/\/api.w.org\/{rel}","templated":true}]}}