{"id":147507,"date":"2025-09-29T23:46:08","date_gmt":"2025-09-29T23:46:08","guid":{"rendered":"https:\/\/www.europesays.com\/es\/147507\/"},"modified":"2025-09-29T23:46:08","modified_gmt":"2025-09-29T23:46:08","slug":"el-primer-ministro-de-hungria-nego-la-soberania-de-ucrania-y-se-profundiza-la-tension-con-kiev","status":"publish","type":"post","link":"https:\/\/www.europesays.com\/es\/147507\/","title":{"rendered":"El primer ministro de Hungr\u00eda neg\u00f3 la soberan\u00eda de Ucrania y se profundiza la tensi\u00f3n con Kiev"},"content":{"rendered":"<p><img alt=\"Viktor Orban. REUTERS\/Bernadett Szabo\" class=\"global-image\" decoding=\"async\" fetchpriority=\"high\" height=\"1986\" loading=\"eager\" src=\"https:\/\/www.europesays.com\/es\/wp-content\/uploads\/2025\/09\/DNQGJBJW5JGAFFABJIF7WKX4EY.JPG\" width=\"2979\"\/>Viktor Orban. REUTERS\/Bernadett Szabo<\/p>\n<p class=\"paragraph\">El primer ministro de Hungr\u00eda, Viktor Orb\u00e1n, afirm\u00f3 que<b> Ucrania \u201cno es un pa\u00eds soberano\u201d<\/b>, profundizando as\u00ed la disputa diplom\u00e1tica entre Budapest y Kiev. Las declaraciones de Orb\u00e1n, que tuvieron lugar el lunes durante una entrevista en un p\u00f3dcast de tendencia derechista seguido por sus simpatizantes, suceden en medio de acusaciones sobre <b>supuestas<\/b> <b>incursiones de drones h\u00fangaros en el espacio a\u00e9reo ucraniano.<\/b><\/p>\n<p class=\"paragraph\">Orb\u00e1n indic\u00f3 que <b>\u201cUcrania no est\u00e1 en guerra con Hungr\u00eda; est\u00e1 en guerra con Rusia. Deber\u00eda preocuparse por los drones en su frontera oriental\u201d<\/b>, en alusi\u00f3n a las recientes acusaciones seg\u00fan las cuales aeronaves no tripuladas habr\u00edan sobrevolado territorio ucraniano procedentes de Hungr\u00eda. \u201cCreo en lo que dicen mis ministros, pero digamos que realmente hubiera volado algunos metros all\u00e1, \u00bfy qu\u00e9?<b> Ucrania no es un pa\u00eds independiente. Ucrania no es un pa\u00eds soberano, Ucrania es financiada por nosotros, Occidente le da fondos, armas<\/b>\u201d, sostuvo el jefe de gobierno h\u00fangaro durante el programa.<\/p>\n<p class=\"paragraph\">En respuesta a estas declaraciones, el ministro de Exteriores de Ucrania, Andrii Sybiha, manifest\u00f3 en la red social X que el primer ministro h\u00fangaro<b> \u201csigue intoxicado por la propaganda rusa\u201d.<\/b><\/p>\n<p class=\"paragraph\">A diferencia de la mayor\u00eda de los l\u00edderes de la OTAN y la Uni\u00f3n Europea (UE), Orb\u00e1n ha mantenido relaciones cordiales con Rusia y ha puesto en duda la eficacia del apoyo militar occidental a Kyiv, lo que le ha generado frecuentes roces con el presidente ucraniano Volod\u00edmir Zelensky.<\/p>\n<p class=\"paragraph\">El viernes pasado, Zelensky expuso la posibilidad de que los drones de reconocimiento investigaran el potencial industrial en zonas fronterizas occidentales de Ucrania, insinuando que podr\u00edan haber sido lanzados desde Hungr\u00eda. Frente a estas declaraciones, el ministro de Exteriores h\u00fangaro, <b>P\u00e9ter Szijj\u00e1rt\u00f3, desestim\u00f3 la acusaci\u00f3n y asegur\u00f3 que Zelenski estaba \u201cperdiendo la raz\u00f3n\u201d.<\/b><\/p>\n<p><img alt=\"El presidente de Ucrania, Volodimir\" class=\"global-image\" decoding=\"async\" fetchpriority=\"low\" height=\"533\" loading=\"lazy\" src=\"https:\/\/www.europesays.com\/es\/wp-content\/uploads\/2025\/09\/PEWWKP4YNVAFBE2WRM7MWRTK2Q.JPG\" width=\"800\"\/>El presidente de Ucrania, Volodimir Zelensky. REUTERS\/Valentyn Ogirenko<\/p>\n<p class=\"paragraph\">\u201cLas fuerzas ucranianas registraron violaciones\u201d del espacio a\u00e9reo en la zona adyacente a Hungr\u00eda, afirm\u00f3 el mandatario, quien asegur\u00f3 que \u201clas evaluaciones preliminares sugieren que habr\u00edan estado llevando a cabo reconocimiento sobre el potencial industrial de las zonas de frontera de Ucrania\u201d.<\/p>\n<p class=\"paragraph\">\u201cHe ordenado que se verifique toda la informaci\u00f3n disponible y que se informe urgentemente de cada incidente registrado\u201d, dijo Zelensky por Telegram tras reunirse con el jefe del Ej\u00e9rcito, Oleksandr Sirski.<\/p>\n<p class=\"paragraph\">Las palabras del l\u00edder ucraniano recibieron una dura r\u00e9plica desde el Gobierno h\u00fangaro. \u201c<b>El presidente Zelensky est\u00e1 perdiendo la cabeza por su obsesi\u00f3n antih\u00fangara. Ahora est\u00e1 empezando a ver cosas que no existen\u201d,<\/b> declar\u00f3 en la red social X el ministro de Relaciones Exteriores, Peter Szijjarto.<\/p>\n<p class=\"paragraph\">Las tensiones han crecido en los \u00faltimos d\u00edas, con el anuncio de Hungr\u00eda de bloquear el acceso a 12 medios ucranianos, luego de que Kiev adoptara una medida similar contra sitios web considerados pro-rusos, entre ellos portales en idioma h\u00fangaro como el medio progubernamental origo.hu, siguiendo una orden de los servicios de seguridad ucranianos.<\/p>\n<p class=\"paragraph\">(Con informaci\u00f3n de Reuters)<\/p>\n","protected":false},"excerpt":{"rendered":"Viktor Orban. REUTERS\/Bernadett Szabo El primer ministro de Hungr\u00eda, Viktor Orb\u00e1n, afirm\u00f3 que Ucrania \u201cno es un pa\u00eds&hellip;\n","protected":false},"author":2,"featured_media":147508,"comment_status":"","ping_status":"","sticky":false,"template":"","format":"standard","meta":{"footnotes":""},"categories":[42],"tags":[32245,17,18,405,45197,406,13,14,11,61,62,63,64,19,20,9,10,15,16,12,21,22,65,66,67],"class_list":{"0":"post-147507","1":"post","2":"type-post","3":"status-publish","4":"format-standard","5":"has-post-thumbnail","7":"category-internacional","8":"tag-anniversaries","9":"tag-breaking-news","10":"tag-breakingnews","11":"tag-diplomacy-foreign-policy","12":"tag-esztergom","13":"tag-europe","14":"tag-featured-news","15":"tag-featurednews","16":"tag-headlines","17":"tag-internacional","18":"tag-international","19":"tag-international-news","20":"tag-internationalnews","21":"tag-latest-news","22":"tag-latestnews","23":"tag-news","24":"tag-noticias","25":"tag-noticias-destacadas","26":"tag-noticiasdestacadas","27":"tag-titulares","28":"tag-ultimas-noticias","29":"tag-ultimasnoticias","30":"tag-world","31":"tag-world-news","32":"tag-worldnews"},"share_on_mastodon":{"url":"","error":""},"_links":{"self":[{"href":"https:\/\/www.europesays.com\/es\/wp-json\/wp\/v2\/posts\/147507","targetHints":{"allow":["GET"]}}],"collection":[{"href":"https:\/\/www.europesays.com\/es\/wp-json\/wp\/v2\/posts"}],"about":[{"href":"https:\/\/www.europesays.com\/es\/wp-json\/wp\/v2\/types\/post"}],"author":[{"embeddable":true,"href":"https:\/\/www.europesays.com\/es\/wp-json\/wp\/v2\/users\/2"}],"replies":[{"embeddable":true,"href":"https:\/\/www.europesays.com\/es\/wp-json\/wp\/v2\/comments?post=147507"}],"version-history":[{"count":0,"href":"https:\/\/www.europesays.com\/es\/wp-json\/wp\/v2\/posts\/147507\/revisions"}],"wp:featuredmedia":[{"embeddable":true,"href":"https:\/\/www.europesays.com\/es\/wp-json\/wp\/v2\/media\/147508"}],"wp:attachment":[{"href":"https:\/\/www.europesays.com\/es\/wp-json\/wp\/v2\/media?parent=147507"}],"wp:term":[{"taxonomy":"category","embeddable":true,"href":"https:\/\/www.europesays.com\/es\/wp-json\/wp\/v2\/categories?post=147507"},{"taxonomy":"post_tag","embeddable":true,"href":"https:\/\/www.europesays.com\/es\/wp-json\/wp\/v2\/tags?post=147507"}],"curies":[{"name":"wp","href":"https:\/\/api.w.org\/{rel}","templated":true}]}}