{"id":147509,"date":"2025-09-29T23:50:29","date_gmt":"2025-09-29T23:50:29","guid":{"rendered":"https:\/\/www.europesays.com\/es\/147509\/"},"modified":"2025-09-29T23:50:29","modified_gmt":"2025-09-29T23:50:29","slug":"la-fiscalia-europea-pide-al-juez-del-caso-cerdan-que-le-informe-sin-dilacion-de-los-contratos-que-investiga","status":"publish","type":"post","link":"https:\/\/www.europesays.com\/es\/147509\/","title":{"rendered":"La Fiscal\u00eda Europea pide al juez del caso Cerd\u00e1n que le informe \u00absin dilaci\u00f3n\u00bb de los contratos que investiga"},"content":{"rendered":"<p style=\"\">La Fiscal\u00eda Europea, organismo comunitario independiente de la Fiscal\u00eda espa\u00f1ola, se ha dirigido al magistrado instructor del <a href=\"https:\/\/www.abc.es\/noticias\/santos-cerdan-leon\/\" title=\"www.abc.es\" data-voc-vtm-id=\"in-text-traffic\" data-mrf-link=\"www.abc.es\" rel=\"nofollow noopener\" target=\"_blank\">caso Cerd\u00e1n<\/a> en el Tribunal Supremo para reclamarle la informaci\u00f3n sobre \u00ab<strong>el objeto de su investigaci\u00f3n, con identificaci\u00f3n de los contratos, adjudicaciones <\/strong>o subvenciones que est\u00e1n siendo  &#8230; actualmente investigados\u00bb. <\/p>\n<p class=\"voc-p\" style=\"\">Es el paso previo a reclamar la instrucci\u00f3n de la causa en caso de que se confirme, como adelant\u00f3 ABC, la existencia de fondos europeos en las adjudicaciones de obra p\u00fablica en las que pudieron interferir el ex secretario de Organizaci\u00f3n del PSOE, Santos Cerd\u00e1n; el exministro de Transportes, Jos\u00e9 Luis \u00c1balos, y su asesor, Koldo Garc\u00eda, para llevarse, presuntamente, mordidas, motivo por el que est\u00e1n investigados por los presuntos delitos de organizaci\u00f3n criminal, cohecho y tr\u00e1fico de influencias.<\/p>\n<p class=\"voc-p\" style=\"\">Las fiscales europeas Olga Mu\u00f1oz y Laura Pell\u00f3n han dirigido un suplicatorio al magistrado Leopoldo Puente en el que, atendiendo a la ley que prev\u00e9 la cooperaci\u00f3n entre los juzgados espa\u00f1oles y la Fiscal\u00eda Europea (creada en 2021 y con delegados en cada uno de los pa\u00edses con representaci\u00f3n) piden la documentaci\u00f3n sobre la causa. El organismo, con sede en Luxemburgo, tiene la funci\u00f3n de investigar, instruir y enjuiciar los delitos que atentan contra los intereses financieros de la Uni\u00f3n Europea<\/p>\n<p class=\"voc-p\" style=\"\">El movimiento no significa, de momento, reclamar la instrucci\u00f3n de la causa, sino que es una solicitud de documentaci\u00f3n para comprobar su competencia y, en su caso, reclamarla. Si se llega a ese punto, y puesto que la Fiscal\u00eda Europea investiga las causas de principio a fin como si se tratase de un juez instructor, dej\u00e1ndolas para enviar a juicio a los tribunales espa\u00f1oles o pedir su archivo, el magistrado del Tribunal Supremo deber\u00eda abstenerse o plantear un conflicto de competencia, seg\u00fan las fuentes jur\u00eddicas consultadas.<\/p>\n<p>\nM\u00e1s de 400 millones\n<\/p>\n<p class=\"voc-p\" style=\"\">Este diario adelant\u00f3 hace dos d\u00edas que la Fiscal\u00eda Europea estudiaba realizar alg\u00fan movimiento al respecto por la financiaci\u00f3n con fondos europeos de las adjudicaciones de obra p\u00fablica que investiga el Tribunal Supremo en relaci\u00f3n por si pudieron servir para el cobro de comisiones ilegales por parte de Cerd\u00e1n, \u00c1balos, Koldo Garc\u00eda y el comisionista V\u00edctor de Aldama. Un asunto que puede traer una colisi\u00f3n entre el organismo comunitario y el instructor del Tribunal Supremo y la Fiscal\u00eda Anticorrupci\u00f3n, en la que se apoya para su investigaci\u00f3n. En esta \u00faltima tienen claro que la existencia de dichos fondos no es motivo suficiente para que el organismo independiente de la Fiscal\u00eda espa\u00f1ola reclame la investigaci\u00f3n puesto que no se investiga ning\u00fan delito de malversaci\u00f3n de caudales p\u00fablicos, sino de cohecho, y la Fiscal\u00eda Europea tiene la funci\u00f3n de investigar, instruir y enjuiciar los delitos que atentan contra los <strong>intereses financieros de la Uni\u00f3n Europea.<\/strong><\/p>\n<p class=\"voc-p\" style=\"\">Hasta ahora, Anticorrupci\u00f3n se ha ocupado de impulsar las pesquisas en trabajo conjunto con un equipo de 12 agentes de la Unidad Central Operativa (UCO) de la Guardia Civil para revisar las adjudicaciones de obra a las que apunt\u00f3 el comisionista V\u00edctor de Aldama y cruzarlas con la informaci\u00f3n extra\u00edda de los audios requisados a Koldo Garc\u00eda, entre ellos uno en el que se le oye, presuntamente, hablando del reparto de mordidas con Santos Cerd\u00e1n.<\/p>\n<p class=\"voc-p\" style=\"\">Seg\u00fan la documentaci\u00f3n revisada por este diario, al menos tres de los expedientes abordados fueron financiados con fondos de la Uni\u00f3n Europea. Suman 401,3 millones de euros y son de Adif, el gestor de las infraestructuras ferroviarias, dependiente del Ministerio de Transportes.<\/p>\n<p class=\"voc-p\" style=\"\">El primero de ellos, de Adif Alta Velocidad y adjudicado en enero de 2019 a una UTE (Uni\u00f3n Temporal de Empresas) de Ferrovial y Acciona por 146,6 millones de euros, impuestos incluidos, consisti\u00f3 en las obras de construcci\u00f3n de la plataforma del corredor mediterr\u00e1neo de alta velocidad entre Murcia y Almer\u00eda, en concreto el tramo Pulp\u00ed-Vera. El segundo, de mayo de 2019 y adjudicado a la misma UTE, asciende a 192,1 millones de euros. Se trata de las obras de soterramiento de la red ferroviaria en la ciudad de Murcia, la l\u00ednea de alta velocidad que une Madrid con Levante. El tercero, que sum\u00f3 62,6 millones de euros para Acciona, fueron las obras para la integraci\u00f3n del ferrocarril en Sant Feliu de Llobregat (Barcelona) y se adjudic\u00f3 en noviembre del mismo a\u00f1o. Los tres corresponden a la etapa de Jos\u00e9 Luis \u00c1balos al frente del Ministerio de Transportes.<\/p>\n<p>\nInvestigaci\u00f3n incipiente\n<\/p>\n<p class=\"voc-p\" style=\"\">El magistrado Puente envi\u00f3 a Santos Cerd\u00e1n a prisi\u00f3n preventiva \u2013donde lo mantiene por riesgo de destrucci\u00f3n de pruebas- por indicios de que pudo cobrar comisiones il\u00edcitas en relaci\u00f3n con las adjudicaciones a Levantina, Ingenier\u00eda y Construcci\u00f3n (LIC), Obras P\u00fablicas y Regad\u00edos (OPR) y Acciona Construcci\u00f3n en UTE con Servinabar, la compa\u00f1\u00eda navarra de Antxon Alonso, un amigo suyo con quien firm\u00f3 compartir la mitad de participaciones de dicha empresa, seg\u00fan la documentaci\u00f3n incautada. Jos\u00e9 Ruz, due\u00f1o de LIC; Antonio y Daniel Fern\u00e1ndez Men\u00e9ndez, directivos de OPR; Fernando Agust\u00edn Merino Vera (extrabajador de Acciona Construcci\u00f3n) y Joseba Antxon Alonso, due\u00f1o de Servinabar, est\u00e1n investigados en esta causa, igual que \u00c1balos, Koldo Garc\u00eda y Aldama.<\/p>\n<p class=\"voc-p\" style=\"\">El martes pasado, el magistrado instructor de la Sala Segunda acord\u00f3 desgajar la causa contra los dos ex secretarios de Organizaci\u00f3n del PSOE, Cerd\u00e1n y \u00c1balos, en dos. Por un lado, y d\u00e1ndola ya pr\u00e1cticamente por acabada, investiga a \u00c1balos, su asesor Koldo Garc\u00eda y a Aldama por si se llevaron mordidas de los contratos de mascarillas durante el Covid, adjudic\u00e1ndolos a compa\u00f1\u00edas representadas por Aldama. En esta causa tambi\u00e9n se ha abordado la contrataci\u00f3n de la expareja del exministro, Jessica Garc\u00eda, en las empresas p\u00fablicas Ineco y Tragsa, dependientes de Transportes, as\u00ed como las gestiones que \u00c1balos y Koldo Garc\u00eda hicieron con Aldama para forzar la emisi\u00f3n de una nota de prensa en la que el Ministerio avanzaba que Air Europa se llevar\u00eda un rescate p\u00fablico de 475 millones de euros.<\/p>\n<p class=\"voc-p\" style=\"\">En la segunda pieza, que el magistrado especific\u00f3 se encuentra \u00aben una fase muy incipiente\u00bb, por lo que se puede decir que arranca ahora, se investigar\u00e1 la posible intervenci\u00f3n de Cerd\u00e1n, \u00c1balos y su asesor Koldo Garc\u00eda en la adjudicaci\u00f3n de contratos p\u00fablicos para llevarse comisiones il\u00edcitas. Esta es la causa de la que la Fiscal\u00eda Europea ha reclamado la documentaci\u00f3n.<\/p>\n<p class=\"voc-p\" style=\"\">En dicha causa sobre adjudicaciones de obra Leopoldo Puente especific\u00f3 que \u00abes necesario diferenciar\u00bb entre las adjudicaciones de obra adjudicadas a Acciona Construcci\u00f3n en Uni\u00f3n Temporal de Empresas (UTE) con otras menores que pudieron ser impulsadas por Santos Cerd\u00e1n y las que pudieron instar a ama\u00f1ar \u00c1balos y Koldo Garc\u00eda en connivencia con Aldama.<\/p>\n","protected":false},"excerpt":{"rendered":"La Fiscal\u00eda Europea, organismo comunitario independiente de la Fiscal\u00eda espa\u00f1ola, se ha dirigido al magistrado instructor del caso&hellip;\n","protected":false},"author":2,"featured_media":147510,"comment_status":"","ping_status":"","sticky":false,"template":"","format":"standard","meta":{"footnotes":""},"categories":[8],"tags":[17,18,9594,1165,45198,25,24,2080,13,14,4767,11,8803,15307,1664,19,20,9,10,15,16,34,23,12,21,22],"class_list":{"0":"post-147509","1":"post","2":"type-post","3":"status-publish","4":"format-standard","5":"has-post-thumbnail","7":"category-espana","8":"tag-breaking-news","9":"tag-breakingnews","10":"tag-cerdan","11":"tag-contratos","12":"tag-dilacion","13":"tag-es","14":"tag-espana","15":"tag-europea","16":"tag-featured-news","17":"tag-featurednews","18":"tag-fiscalia","19":"tag-headlines","20":"tag-informe","21":"tag-investiga","22":"tag-juez","23":"tag-latest-news","24":"tag-latestnews","25":"tag-news","26":"tag-noticias","27":"tag-noticias-destacadas","28":"tag-noticiasdestacadas","29":"tag-pide","30":"tag-spain","31":"tag-titulares","32":"tag-ultimas-noticias","33":"tag-ultimasnoticias"},"share_on_mastodon":{"url":"","error":""},"_links":{"self":[{"href":"https:\/\/www.europesays.com\/es\/wp-json\/wp\/v2\/posts\/147509","targetHints":{"allow":["GET"]}}],"collection":[{"href":"https:\/\/www.europesays.com\/es\/wp-json\/wp\/v2\/posts"}],"about":[{"href":"https:\/\/www.europesays.com\/es\/wp-json\/wp\/v2\/types\/post"}],"author":[{"embeddable":true,"href":"https:\/\/www.europesays.com\/es\/wp-json\/wp\/v2\/users\/2"}],"replies":[{"embeddable":true,"href":"https:\/\/www.europesays.com\/es\/wp-json\/wp\/v2\/comments?post=147509"}],"version-history":[{"count":0,"href":"https:\/\/www.europesays.com\/es\/wp-json\/wp\/v2\/posts\/147509\/revisions"}],"wp:featuredmedia":[{"embeddable":true,"href":"https:\/\/www.europesays.com\/es\/wp-json\/wp\/v2\/media\/147510"}],"wp:attachment":[{"href":"https:\/\/www.europesays.com\/es\/wp-json\/wp\/v2\/media?parent=147509"}],"wp:term":[{"taxonomy":"category","embeddable":true,"href":"https:\/\/www.europesays.com\/es\/wp-json\/wp\/v2\/categories?post=147509"},{"taxonomy":"post_tag","embeddable":true,"href":"https:\/\/www.europesays.com\/es\/wp-json\/wp\/v2\/tags?post=147509"}],"curies":[{"name":"wp","href":"https:\/\/api.w.org\/{rel}","templated":true}]}}