{"id":147511,"date":"2025-09-29T23:54:32","date_gmt":"2025-09-29T23:54:32","guid":{"rendered":"https:\/\/www.europesays.com\/es\/147511\/"},"modified":"2025-09-29T23:54:32","modified_gmt":"2025-09-29T23:54:32","slug":"la-oei-refuerza-en-mondiacult-el-aporte-de-iberoamerica-a-la-agenda-global-de-cultura-y-sostenibilidad","status":"publish","type":"post","link":"https:\/\/www.europesays.com\/es\/147511\/","title":{"rendered":"La OEI refuerza en Mondiacult el aporte de Iberoam\u00e9rica a la agenda global de cultura y sostenibilidad"},"content":{"rendered":"<p>En el marco de la Conferencia Mundial de la Unesco sobre Pol\u00edticas Culturales y Desarrollo Sostenible (MONDIACULT) que arranc\u00f3 hoy en Barcelona, la Organizaci\u00f3n de Estados Iberoamericanos para la Educaci\u00f3n, la Ciencia y la Cultura (OEI) y la Agencia Espa\u00f1ola de Cooperaci\u00f3n Internacional para el Desarrollo (AECID) llevaron a cabo el side event \u00ab<strong>Cultura y Desarrollo Sostenible \u2013 Contribuciones de Iberoam\u00e9rica a la agenda global\u00bb.<\/strong><\/p>\n<p>El encuentro, celebrado con la participaci\u00f3n de organismos multilaterales, autoridades culturales y representantes de la cooperaci\u00f3n, puso de relieve el papel de Iberoam\u00e9rica como una regi\u00f3n din\u00e1mica e innovadora en el dise\u00f1o de pol\u00edticas culturales que integran derechos, diversidad y desarrollo sostenible.<\/p>\n<p>\u201cMillones de personas trabajan en el sector cultural y es necesario proteger sus derechos, pues a\u00fan es una econom\u00eda informal y precaria\u201d, subray\u00f3 <strong>Mariano Jabonero, secretario general de la OEI<\/strong>, quien record\u00f3 que la organizaci\u00f3n desarrolla actualmente m\u00e1s de 120 proyectos de cooperaci\u00f3n cultural. Adem\u00e1s, destac\u00f3 la conexi\u00f3n entre cultura y ciencia como motor de futuro: \u201cEsa conjunci\u00f3n ser\u00e1 el foco de <a href=\"https:\/\/oei.int\/oficinas\/secretaria-general\/programas\/iberoamerica-viva-en-la-cop30\/\" target=\"_blank\" rel=\"noopener nofollow\">Iberoam\u00e9rica viva<\/a>, nuestra propuesta program\u00e1tica para la pr\u00f3xima COP30 que coorganizaremos con el Gobierno de Brasil. La confirmaci\u00f3n de 38 comitivas presidenciales hasta ahora muestra la relevancia global de esta cita\u201d.<\/p>\n<p>Por su parte, <strong>Santiago Herrero, director de Relaciones Culturales y Cient\u00edficas de la AECID<\/strong>, afirm\u00f3 que \u201cla cultura debe concebirse como motor de desarrollo\u201d y defendi\u00f3 la necesidad de avanzar de la promoci\u00f3n cultural a la cooperaci\u00f3n cultural. \u201cSe trata de generar conversaci\u00f3n entre todos los actores para potenciar identidades, con un financiamiento que no puede ser solo p\u00fablico\u201d, se\u00f1al\u00f3.<\/p>\n<p>Desde Brasil, <strong>Claudia Leit\u00e3o, secretaria de Econom\u00eda Creativa del Ministerio de Cultura<\/strong>, reflexion\u00f3 sobre la riqueza iberoamericana: \u201cCultura y medio ambiente son nuestras principales fortalezas, pero a\u00fan no hemos comprendido esa riqueza\u201d. Present\u00f3 la pol\u00edtica \u201cBrasil Creativo\u201d, basada en la diversidad cultural y social, y apunt\u00f3 que \u201cla econom\u00eda creativa no es extractivista, debemos conversar entre econom\u00eda y ecolog\u00eda\u201d.<\/p>\n<p>Finalmente, <strong>M\u00aa Jimena Dur\u00e1n San\u00edn, ejecutiva senior de CAF<\/strong>, plante\u00f3 el desaf\u00edo de lograr que los proyectos culturales sean financiables. \u201cBuscamos una visi\u00f3n integral que armonice cultura e infraestructura, de modo que el componente cultural est\u00e9 presente en todos nuestros proyectos\u201d, afirm\u00f3.<\/p>\n<p><img fetchpriority=\"high\" decoding=\"async\" class=\"alignnone size-medium wp-image-71176\" src=\"https:\/\/www.europesays.com\/es\/wp-content\/uploads\/2025\/09\/img-0515-800x484.jpg\" alt=\"\" width=\"800\" height=\"484\"  \/><\/p>\n<p>Moderado por <strong>Raphael Callou, director general de Cultura de la OEI<\/strong>, el encuentro abri\u00f3 un espacio de di\u00e1logo entre actores institucionales y redes culturales, reafirmando el compromiso de la regi\u00f3n con una cooperaci\u00f3n cultural fundamentada en derechos, inclusi\u00f3n social y cohesi\u00f3n territorial.<\/p>\n","protected":false},"excerpt":{"rendered":"En el marco de la Conferencia Mundial de la Unesco sobre Pol\u00edticas Culturales y Desarrollo Sostenible (MONDIACULT) que&hellip;\n","protected":false},"author":2,"featured_media":147512,"comment_status":"","ping_status":"","sticky":false,"template":"","format":"standard","meta":{"footnotes":""},"categories":[5],"tags":[17,18,25,24,13,14,11,19,20,9,10,15,16,23,12,21,22],"class_list":{"0":"post-147511","1":"post","2":"type-post","3":"status-publish","4":"format-standard","5":"has-post-thumbnail","7":"category-titulares","8":"tag-breaking-news","9":"tag-breakingnews","10":"tag-es","11":"tag-espana","12":"tag-featured-news","13":"tag-featurednews","14":"tag-headlines","15":"tag-latest-news","16":"tag-latestnews","17":"tag-news","18":"tag-noticias","19":"tag-noticias-destacadas","20":"tag-noticiasdestacadas","21":"tag-spain","22":"tag-titulares","23":"tag-ultimas-noticias","24":"tag-ultimasnoticias"},"share_on_mastodon":{"url":"","error":""},"_links":{"self":[{"href":"https:\/\/www.europesays.com\/es\/wp-json\/wp\/v2\/posts\/147511","targetHints":{"allow":["GET"]}}],"collection":[{"href":"https:\/\/www.europesays.com\/es\/wp-json\/wp\/v2\/posts"}],"about":[{"href":"https:\/\/www.europesays.com\/es\/wp-json\/wp\/v2\/types\/post"}],"author":[{"embeddable":true,"href":"https:\/\/www.europesays.com\/es\/wp-json\/wp\/v2\/users\/2"}],"replies":[{"embeddable":true,"href":"https:\/\/www.europesays.com\/es\/wp-json\/wp\/v2\/comments?post=147511"}],"version-history":[{"count":0,"href":"https:\/\/www.europesays.com\/es\/wp-json\/wp\/v2\/posts\/147511\/revisions"}],"wp:featuredmedia":[{"embeddable":true,"href":"https:\/\/www.europesays.com\/es\/wp-json\/wp\/v2\/media\/147512"}],"wp:attachment":[{"href":"https:\/\/www.europesays.com\/es\/wp-json\/wp\/v2\/media?parent=147511"}],"wp:term":[{"taxonomy":"category","embeddable":true,"href":"https:\/\/www.europesays.com\/es\/wp-json\/wp\/v2\/categories?post=147511"},{"taxonomy":"post_tag","embeddable":true,"href":"https:\/\/www.europesays.com\/es\/wp-json\/wp\/v2\/tags?post=147511"}],"curies":[{"name":"wp","href":"https:\/\/api.w.org\/{rel}","templated":true}]}}