{"id":147534,"date":"2025-09-30T00:12:10","date_gmt":"2025-09-30T00:12:10","guid":{"rendered":"https:\/\/www.europesays.com\/es\/147534\/"},"modified":"2025-09-30T00:12:10","modified_gmt":"2025-09-30T00:12:10","slug":"deudas-violacion-a-punta-de-pistola-y-10-anos-sin-ver-a-sus-hijos","status":"publish","type":"post","link":"https:\/\/www.europesays.com\/es\/147534\/","title":{"rendered":"deudas, violaci\u00f3n a punta de pistola y 10 a\u00f1os sin ver a sus hijos"},"content":{"rendered":"<p class=\"paragraph\">El pasado 15 de septiembre, <b>Carmen Maura<\/b> cumpli\u00f3<b> 80 a\u00f1os<\/b>. Lo celebr\u00f3 como mejor sabe: trabajando y triunfando. Su \u00faltima pel\u00edcula, <b>Calle M\u00e1laga<\/b>, ha brillado en los<b> festivales de Venecia <\/b>y <b>Toronto<\/b>, recibiendo cr\u00edticas entusiastas y convirti\u00e9ndose en la apuesta de Marruecos para los Oscar.<\/p>\n<p class=\"paragraph\">No es m\u00e1s que la confirmaci\u00f3n de algo que hace tiempo sabemos: que estamos ante una de las actrices m\u00e1s grandes del cine espa\u00f1ol. Cuatro premios Goya \u2014es la mujer que m\u00e1s tiene junto a<b> Ver\u00f3nica Forqu\u00e9<\/b>\u2014 y t\u00edtulos como <b>Mujeres al borde de un ataque de nervios<\/b>, <b>La ley del deseo<\/b>, <b>La comunidad<\/b><b> <\/b>o <b>Volver<\/b><b> <\/b>forman parte de su legado. Sin embargo, detr\u00e1s del brillo y los aplausos, se esconde una vida personal marcada por el dolor, la soledad y la lucha constante. Porque si en la pantalla ha sido un mito, en su intimidad ha vivido cap\u00edtulos de aut\u00e9ntico drama.<\/p>\n<p>            <a href=\"#\" title=\"\"><br \/>\n                <img decoding=\"async\" loading=\"lazy\" width=\"120px\" height=\"90px\" alt=\"Carmen Maura y Pedro Almod\u00f3var, en una imagen de los a\u00f1os 80\" src=\"https:\/\/imagenes.eldebate.com\/files\/related_image\/files\/fp\/uploads\/2025\/09\/13\/68c5865b5fc65.r_d.1578-402.jpeg\" data-full-src=\"https:\/\/www.europesays.com\/es\/wp-content\/uploads\/2025\/09\/68c5865b5fc65.jpeg\"\/><br \/>\n            <\/a><\/p>\n<p class=\"paragraph\">Todo comenz\u00f3 en 1966, cuando, con apenas 21 a\u00f1os, se cas\u00f3 con el abogado mallorqu\u00edn <b>Francisco Forteza Pujol<\/b>. Con \u00e9l tuvo a sus dos hijos: <b>Mar\u00eda del Carmen<\/b>, hoy productora de cine, y <b>Pablo<\/b>, m\u00fasico reconocido por su faceta como int\u00e9rprete de jazz. Parec\u00eda destinada a una vida convencional, pero un simple anuncio en prensa \u2014\u00abSe buscan semiprofesionales para un grupo de teatro en el Ateneo de Madrid\u00bb\u2014 cambi\u00f3 su destino. Carmen se present\u00f3 y qued\u00f3 atrapada por el teatro. Su marido, en lugar de apoyarla, intent\u00f3 disuadirla con frases demoledoras que ella misma ha recordado en el documental \u00a1Ay, Carmen!: <b>\u00abEres muy vieja para empezar ahora, no te va a ayudar nadie, acabar\u00e1s loca, tir\u00e1ndote delante de un cami\u00f3n\u00bb<\/b>.<\/p>\n<p class=\"paragraph\">El matrimonio fue <b>un infierno<\/b> y, en 1970, Maura se atrevi\u00f3 a dar un paso casi impensable y divorciarse. La decisi\u00f3n, sin embargo, tuvo un precio alt\u00edsimo. Forteza, con poderosas conexiones en el \u00e1mbito judicial, consigui\u00f3 arrebatarle la <b>custodia de sus hijos<\/b>. Los jueces de entonces decidieron que ser actriz no era <b>\u00abuna profesi\u00f3n respetable\u00bb<\/b> para educar a unos ni\u00f1os, y el abogado se los llev\u00f3 a Canarias. Carmen vivi\u00f3 entonces uno de los episodios m\u00e1s traum\u00e1ticos de su vida. \u00abSufr\u00ed much\u00edsimo cuando me los quitaron. Eran m\u00edos y les quer\u00eda mucho. Pero me dije: \u2018\u00bfO te mueres o qu\u00e9?\u2019\u00bb, recordar\u00eda m\u00e1s tarde.<\/p>\n<p class=\"paragraph\">A su hijo lo ve\u00eda de vez en cuando, pero con su hija pas\u00f3 <b>m\u00e1s de una d\u00e9cada sin contacto<\/b>. Para sobrellevar el vac\u00edo, se refugi\u00f3 en el trabajo. \u00abLo que me estaba pasando con los jueces era tan surrealista que hasta rodar Pepi, Luci, Bom y otras chicas del mont\u00f3n me parec\u00eda normal\u00edsimo\u00bb, confesaba. Finalmente, cuando su hija cumpli\u00f3 17 a\u00f1os, un d\u00eda se present\u00f3 en el teatro donde actuaba para escuchar <b>la versi\u00f3n de su madre <\/b>y empezar a reconstruir la relaci\u00f3n.<\/p>\n<p class=\"c-detail__media__subtitle composite_image\">\n<p>        Carmen Maura, junto a Antonio Banderas, en Mujeres al borde de un ataque de nerviosGTRES<\/p>\n<p class=\"paragraph\">Como si aquello no hubiera sido suficiente, la actriz sufri\u00f3 un episodio a\u00fan m\u00e1s terrible: una<b> violaci\u00f3n a manos de un supuesto fan<\/b>. Un militar llam\u00f3 a su puerta, la golpe\u00f3 hasta dejarla inconsciente y, al despertar, la <b>apuntaba con una pistola<\/b>. Lo peor para ella no fue la agresi\u00f3n en s\u00ed, sino el proceso posterior: la desconfianza de la Polic\u00eda, el juicio, un fiscal hostil y el violador lanz\u00e1ndole besos durante la vista. \u00abEl proceso fue peor que la violaci\u00f3n\u00bb, asegur\u00f3.<\/p>\n<p class=\"paragraph\">Pero el destino a\u00fan le guardaba otro rev\u00e9s. Tras aquella primera experiencia amarga en el amor, Carmen inici\u00f3 una larga relaci\u00f3n con el contable<b> Antonio Moreno Rubio<\/b>, que parec\u00eda darle la estabilidad perdida. Estuvieron juntos m\u00e1s de una d\u00e9cada, hasta que \u00e9l falleci\u00f3 en 1995.<\/p>\n<p class=\"paragraph\">Entonces Maura descubri\u00f3 la verdad: la hab\u00eda dejado en la <b>ruina absoluta<\/b>, con dos millones y medio de euros en deudas, sus <b>casas hipotecadas <\/b>y sus <b>bienes embargados<\/b>. \u00abUno me quit\u00f3 los ni\u00f1os y el otro todo el dinero\u00bb, resumi\u00f3 con amarga iron\u00eda. Durante casi 20 a\u00f1os, trabaj\u00f3 sin descanso para saldar aquellas deudas. En resumen, admite que no tuvo suerte en el amor y que su vida personal estuvo marcada por golpes muy duros. Hoy lo tiene claro: mejor sola que mal acompa\u00f1ada.<\/p>\n","protected":false},"excerpt":{"rendered":"El pasado 15 de septiembre, Carmen Maura cumpli\u00f3 80 a\u00f1os. Lo celebr\u00f3 como mejor sabe: trabajando y triunfando.&hellip;\n","protected":false},"author":2,"featured_media":147535,"comment_status":"","ping_status":"","sticky":false,"template":"","format":"standard","meta":{"footnotes":""},"categories":[91],"tags":[146,147,25,24,23],"class_list":{"0":"post-147534","1":"post","2":"type-post","3":"status-publish","4":"format-standard","5":"has-post-thumbnail","7":"category-entretenimiento","8":"tag-entertainment","9":"tag-entretenimiento","10":"tag-es","11":"tag-espana","12":"tag-spain"},"share_on_mastodon":{"url":"","error":""},"_links":{"self":[{"href":"https:\/\/www.europesays.com\/es\/wp-json\/wp\/v2\/posts\/147534","targetHints":{"allow":["GET"]}}],"collection":[{"href":"https:\/\/www.europesays.com\/es\/wp-json\/wp\/v2\/posts"}],"about":[{"href":"https:\/\/www.europesays.com\/es\/wp-json\/wp\/v2\/types\/post"}],"author":[{"embeddable":true,"href":"https:\/\/www.europesays.com\/es\/wp-json\/wp\/v2\/users\/2"}],"replies":[{"embeddable":true,"href":"https:\/\/www.europesays.com\/es\/wp-json\/wp\/v2\/comments?post=147534"}],"version-history":[{"count":0,"href":"https:\/\/www.europesays.com\/es\/wp-json\/wp\/v2\/posts\/147534\/revisions"}],"wp:featuredmedia":[{"embeddable":true,"href":"https:\/\/www.europesays.com\/es\/wp-json\/wp\/v2\/media\/147535"}],"wp:attachment":[{"href":"https:\/\/www.europesays.com\/es\/wp-json\/wp\/v2\/media?parent=147534"}],"wp:term":[{"taxonomy":"category","embeddable":true,"href":"https:\/\/www.europesays.com\/es\/wp-json\/wp\/v2\/categories?post=147534"},{"taxonomy":"post_tag","embeddable":true,"href":"https:\/\/www.europesays.com\/es\/wp-json\/wp\/v2\/tags?post=147534"}],"curies":[{"name":"wp","href":"https:\/\/api.w.org\/{rel}","templated":true}]}}