{"id":147554,"date":"2025-09-30T00:30:13","date_gmt":"2025-09-30T00:30:13","guid":{"rendered":"https:\/\/www.europesays.com\/es\/147554\/"},"modified":"2025-09-30T00:30:13","modified_gmt":"2025-09-30T00:30:13","slug":"todas-las-fotos-de-su-chalet-con-jardin-y-piscina","status":"publish","type":"post","link":"https:\/\/www.europesays.com\/es\/147554\/","title":{"rendered":"todas las fotos de su chalet con jard\u00edn y piscina"},"content":{"rendered":"<p>A<strong>lejo Sauras<\/strong> se ha ganado un lugar especial en la memoria de toda una generaci\u00f3n gracias a su papel de Ra\u00fal en \u2018Los Serrano\u2019, una de las series m\u00e1s ic\u00f3nicas de Telecinco. Ahora, a sus 45 a\u00f1os y con una s\u00f3lida trayectoria en cine, teatro y televisi\u00f3n, vuelve a ser protagonista de la actualidad gracias a<strong> su participaci\u00f3n en \u2018MasterChef Celebrity 10\u2019<\/strong>.<\/p>\n<p>\u00a0<\/p>\n<p><img loading=\"lazy\" decoding=\"async\"   src=\"https:\/\/www.europesays.com\/es\/wp-content\/uploads\/2025\/09\/masterchef-alejo-sauras_d1a02e95_250929195637_1200x669.webp.webp\" alt=\"masterchef Alejo Sauras\" class=\"lazyload\" width=\"1200\" height=\"669\" data-aspectratio=\"1200\/669\"\/><\/p>\n<p>Alejo Sauras como concursante de &#8216;Masterchef Celebrity 10&#8217;<\/p>\n<p>&#13;RTVE<\/p>\n<p>El actor se <a href=\"https:\/\/www.lecturas.com\/television\/torito-cumple-su-amenaza-contra-alejo-masterchef-celebrity-10-se-le-ha-cambiado-cara_181609\" target=\"_blank\" rel=\"nofollow noopener\">est\u00e1 volcando de lleno en su nueva faceta como cocinillas<\/a> en el concurso culinario, e incluso, ha logrado ser el mejor de la prueba y llevarse el premio de 4.000 euros para una ONG. Si hay algo que empieza, Alejo hace todo lo posible por ser el mejor y dar lo mejor de s\u00ed, algo que tambi\u00e9n lo hace a la hora de interpretar.\u00a0<\/p>\n<p>Pero, m\u00e1s all\u00e1 de su carrera como actor, <strong>poco se sabe de la vida personal de Alejo Sauras<\/strong>, y menos a\u00fan de su \u00e1mbito m\u00e1s privado. Pero gracias a una serie de publicaciones que ha ido haciendo en su redes sociales a lo largo de los a\u00f1os, hemos conseguido averiguar <strong>c\u00f3mo es uno de sus lugares m\u00e1s \u00edntimos: su casa<\/strong>.<\/p>\n<p>\u00a0<\/p>\n<p><img loading=\"lazy\" decoding=\"async\"   src=\"https:\/\/www.europesays.com\/es\/wp-content\/uploads\/2025\/09\/alejo-sauras_b2a0d373_250929195717_1200x1500.webp.webp\" alt=\"Alejo Sauras\" class=\"lazyload\" width=\"1200\" height=\"1500\" data-aspectratio=\"1200\/1500\"\/><\/p>\n<p>Alejo Sauras comparti\u00f3 en Instagram esta foto con sus dos perros en el sof\u00e1.<\/p>\n<p>&#13;Instagram<\/p>\n<p>Aunque siempre ha sido muy celoso de su vida privada, Sauras ha compartido en alguna ocasi\u00f3n peque\u00f1os retazos de su casa, dejando ver c\u00f3mo es el lugar en el que se refugia junto a su pareja y sus dos perros. Y lo cierto es que no decepciona. Se trata de un <strong>espectacular chalet con jard\u00edn y piscina<\/strong> que combina comodidad, calidez y estilo.<\/p>\n<p>Un chalet acogedor en Madrid<\/p>\n<p>Mallorqu\u00edn de nacimiento, pero con el coraz\u00f3n dividido entre Asturias y la capital,<strong> Alejo Sauras ha encontrado en Madrid la base perfecta para su carrera<\/strong>. All\u00ed reside en una impresionante casa que refleja a la perfecci\u00f3n su personalidad: discreto, funcional y con toques acogedores.<\/p>\n<p>\u00a0<\/p>\n<p><img loading=\"lazy\" decoding=\"async\"   src=\"https:\/\/www.europesays.com\/es\/wp-content\/uploads\/2025\/09\/alejo-sauras_dc763b4f_250929195741_1200x1500.webp.webp\" alt=\"Alejo Sauras\" class=\"lazyload\" width=\"1200\" height=\"1500\" data-aspectratio=\"1200\/1500\"\/><\/p>\n<p>Alejo Sauras en su casa con uno de sus dos perros.<\/p>\n<p>&#13;Instagram<\/p>\n<p>El sal\u00f3n es uno de los espacios m\u00e1s fotografiados. En \u00e9l se pueden ver <strong>sof\u00e1s en tonos grises<\/strong>, que aportan serenidad, y<strong> muebles de madera blanca<\/strong> con aspecto desgastado, una elecci\u00f3n que aporta un aire r\u00fastico pero tambi\u00e9n minimalista. La decoraci\u00f3n se completa con <strong>peque\u00f1os accesorios y detalles de color <\/strong>que dan personalidad a la estancia sin perder la elegancia.<\/p>\n<p>El coraz\u00f3n de la casa: el jard\u00edn<\/p>\n<p>Si hay un rinc\u00f3n que se lleva todo el protagonismo, ese es el<strong> jard\u00edn<\/strong>. Alejo Sauras lo ha mostrado en varias ocasiones, y no es para menos. Se trata de un espacio amplio y cuidado que incluye vegetaci\u00f3n,<strong> piscina, zona de hamacas y comedor exterior<\/strong>, perfecto para relajarse o recibir a amigos.<\/p>\n<blockquote class=\"instagram-media\" data-instgrm-captioned=\"\" data-instgrm-permalink=\"https:\/\/www.instagram.com\/p\/DK7gK60ok5p\/?utm_source=ig_embed&amp;utm_campaign=loading\" data-instgrm-version=\"14\" style=\" background:#FFF; border:0; border-radius:3px; box-shadow:0 0 1px 0 rgba(0,0,0,0.5),0 1px 10px 0 rgba(0,0,0,0.15); margin: 1px; max-width:540px; min-width:326px; padding:0; width:99.375%; width:-webkit-calc(100% - 2px); width:calc(100% - 2px);\"\/>\n<p>El actor ha compartido en redes sociales momentos disfrutando de este lugar con grandes amigos como<strong> Kira Mir\u00f3 o Javier Guti\u00e9rrez<\/strong>. Paellas, sobremesas y tardes al sol convierten este espacio en el verdadero epicentro de su hogar. \u201cLo mejor de una buena paella es con quien la compartes\u2026 Feliz domingo\u201d, escribi\u00f3 en una de sus publicaciones m\u00e1s comentadas.<\/p>\n<p>Un hogar lleno de vida<\/p>\n<p>Aunque Alejo siempre ha protegido su faceta m\u00e1s personal, <strong>sus dos perros se han convertido en protagonistas indiscutibles <\/strong>de las instant\u00e1neas caseras. Es habitual verlos descansar junto a \u00e9l en el sof\u00e1, corretear por el jard\u00edn o, incluso darse un ba\u00f1o juntos en la piscina.<\/p>\n<p>\u00a0<\/p>\n<p><img loading=\"lazy\" decoding=\"async\"   src=\"https:\/\/www.europesays.com\/es\/wp-content\/uploads\/2025\/09\/alejo-sauras_0ca96937_250929195812_1200x1200.webp.webp\" alt=\"Alejo Sauras\" class=\"lazyload\" width=\"1200\" height=\"1200\" data-aspectratio=\"1200\/1200\"\/><\/p>\n<p>Alejo Sauras disfrutando de un d\u00eda de piscina junto a su perro.\u00a0<\/p>\n<p>&#13;Instagram<\/p>\n<p>La casa de Sauras no es solo un lugar bonito, sino tambi\u00e9n un espacio lleno de vida, donde el actor combina sus momentos de trabajo y ensayo con la tranquilidad de la vida familiar con su pareja y sus dos perros. Un refugio que, aunque discreto, refleja su lado m\u00e1s cercano y natural, alejado de los focos medi\u00e1ticos.<\/p>\n<p><script async src=\"\/\/www.instagram.com\/embed.js\"><\/script><\/p>\n","protected":false},"excerpt":{"rendered":"Alejo Sauras se ha ganado un lugar especial en la memoria de toda una generaci\u00f3n gracias a su&hellip;\n","protected":false},"author":2,"featured_media":147555,"comment_status":"","ping_status":"","sticky":false,"template":"","format":"standard","meta":{"footnotes":""},"categories":[174],"tags":[255,146,147,25,24,256,23],"class_list":{"0":"post-147554","1":"post","2":"type-post","3":"status-publish","4":"format-standard","5":"has-post-thumbnail","7":"category-famosos","8":"tag-celebrities","9":"tag-entertainment","10":"tag-entretenimiento","11":"tag-es","12":"tag-espana","13":"tag-famosos","14":"tag-spain"},"share_on_mastodon":{"url":"","error":""},"_links":{"self":[{"href":"https:\/\/www.europesays.com\/es\/wp-json\/wp\/v2\/posts\/147554","targetHints":{"allow":["GET"]}}],"collection":[{"href":"https:\/\/www.europesays.com\/es\/wp-json\/wp\/v2\/posts"}],"about":[{"href":"https:\/\/www.europesays.com\/es\/wp-json\/wp\/v2\/types\/post"}],"author":[{"embeddable":true,"href":"https:\/\/www.europesays.com\/es\/wp-json\/wp\/v2\/users\/2"}],"replies":[{"embeddable":true,"href":"https:\/\/www.europesays.com\/es\/wp-json\/wp\/v2\/comments?post=147554"}],"version-history":[{"count":0,"href":"https:\/\/www.europesays.com\/es\/wp-json\/wp\/v2\/posts\/147554\/revisions"}],"wp:featuredmedia":[{"embeddable":true,"href":"https:\/\/www.europesays.com\/es\/wp-json\/wp\/v2\/media\/147555"}],"wp:attachment":[{"href":"https:\/\/www.europesays.com\/es\/wp-json\/wp\/v2\/media?parent=147554"}],"wp:term":[{"taxonomy":"category","embeddable":true,"href":"https:\/\/www.europesays.com\/es\/wp-json\/wp\/v2\/categories?post=147554"},{"taxonomy":"post_tag","embeddable":true,"href":"https:\/\/www.europesays.com\/es\/wp-json\/wp\/v2\/tags?post=147554"}],"curies":[{"name":"wp","href":"https:\/\/api.w.org\/{rel}","templated":true}]}}