{"id":147556,"date":"2025-09-30T00:32:21","date_gmt":"2025-09-30T00:32:21","guid":{"rendered":"https:\/\/www.europesays.com\/es\/147556\/"},"modified":"2025-09-30T00:32:21","modified_gmt":"2025-09-30T00:32:21","slug":"la-setmana-del-llibre-en-catala-cierra-con-mas-de-120-000-visitantes-y-facturando-un-12-15-mas","status":"publish","type":"post","link":"https:\/\/www.europesays.com\/es\/147556\/","title":{"rendered":"La Setmana del Llibre en Catal\u00e0 cierra con m\u00e1s de 120.000 visitantes y facturando un 12-15% m\u00e1s"},"content":{"rendered":"<p class=\"ft-text\">La <a class=\"ft-link ft-link--decoration\" href=\"https:\/\/www.elperiodico.com\/es\/ocio-y-cultura\/20250919\/sergi-pamies-toni-sala-elogio-121762608\" target=\"_blank\" rel=\"nofollow noopener\">Setmana del Llibre en Catal\u00e0<\/a> cierra este domingo su edici\u00f3n 43, en la que <strong>ha recibido a m\u00e1s de 120.000 visitantes en el paseo Llu\u00eds Companys de Barcelona<\/strong>, un 20% m\u00e1s que el a\u00f1o pasado, y la facturaci\u00f3n ha aumentado entre un 12 y un 15% respecto a 2024.<\/p>\n<p class=\"ft-text\">Las cifras constatan que La Setmana, durante los \u00faltimos a\u00f1os, se ha convertido en el <strong>tercer momento del a\u00f1o en el que m\u00e1s libros en catal\u00e1n se venden<\/strong>, despu\u00e9s de Sant Jordi y las fiestas de Navidad, explica la organizaci\u00f3n en un comunicado.<\/p>\n<p class=\"ft-text\">Este a\u00f1o se ha celebrado por segundo a\u00f1o consecutivo en el paseo Llu\u00eds Companys, y han <strong>crecido tanto los expositores como los espacios complementarios a las casetas<\/strong>, con un nuevo espacio de conversaciones, una Carpa de la Lengua, un taller de ibbycat y un Espai Petita Lectura.<\/p>\n<p>\u00abMuy contentos\u00bb<\/p>\n<p class=\"ft-text\">El presidente de la Asociaci\u00f3n de Editores en Lengua Catalana y de la Setmana del Llibre en Catal\u00e0, Ilya P\u00e9rdigo, ha declarado a los medios que <strong>est\u00e1n \u00abmuy contentos\u00bb con los datos y que han logrado consolidar<\/strong> el espacio y ampliar el p\u00fablico.<\/p>\n<p class=\"ft-text\">La Setmana ha ofrecido una amplia oferta de libros en catal\u00e1n y una programaci\u00f3n variada para todos los p\u00fablicos con presentaciones, <strong>debates literarios, charlas, itinerarios literarios, recitales, firmas<\/strong>, mesas redondas y conversaciones.<\/p>\n","protected":false},"excerpt":{"rendered":"La Setmana del Llibre en Catal\u00e0 cierra este domingo su edici\u00f3n 43, en la que ha recibido a&hellip;\n","protected":false},"author":2,"featured_media":147557,"comment_status":"","ping_status":"","sticky":false,"template":"","format":"standard","meta":{"footnotes":""},"categories":[172],"tags":[29821,210,224,33120,6061,500,146,147,25,10558,24,225,2437,33119,23],"class_list":{"0":"post-147556","1":"post","2":"type-post","3":"status-publish","4":"format-standard","5":"has-post-thumbnail","7":"category-libros","8":"tag-29821","9":"tag-barcelona","10":"tag-books","11":"tag-catala","12":"tag-catalan","13":"tag-cierra","14":"tag-entertainment","15":"tag-entretenimiento","16":"tag-es","17":"tag-espacio","18":"tag-espana","19":"tag-libros","20":"tag-llibre","21":"tag-setmana","22":"tag-spain"},"share_on_mastodon":{"url":"","error":""},"_links":{"self":[{"href":"https:\/\/www.europesays.com\/es\/wp-json\/wp\/v2\/posts\/147556","targetHints":{"allow":["GET"]}}],"collection":[{"href":"https:\/\/www.europesays.com\/es\/wp-json\/wp\/v2\/posts"}],"about":[{"href":"https:\/\/www.europesays.com\/es\/wp-json\/wp\/v2\/types\/post"}],"author":[{"embeddable":true,"href":"https:\/\/www.europesays.com\/es\/wp-json\/wp\/v2\/users\/2"}],"replies":[{"embeddable":true,"href":"https:\/\/www.europesays.com\/es\/wp-json\/wp\/v2\/comments?post=147556"}],"version-history":[{"count":0,"href":"https:\/\/www.europesays.com\/es\/wp-json\/wp\/v2\/posts\/147556\/revisions"}],"wp:featuredmedia":[{"embeddable":true,"href":"https:\/\/www.europesays.com\/es\/wp-json\/wp\/v2\/media\/147557"}],"wp:attachment":[{"href":"https:\/\/www.europesays.com\/es\/wp-json\/wp\/v2\/media?parent=147556"}],"wp:term":[{"taxonomy":"category","embeddable":true,"href":"https:\/\/www.europesays.com\/es\/wp-json\/wp\/v2\/categories?post=147556"},{"taxonomy":"post_tag","embeddable":true,"href":"https:\/\/www.europesays.com\/es\/wp-json\/wp\/v2\/tags?post=147556"}],"curies":[{"name":"wp","href":"https:\/\/api.w.org\/{rel}","templated":true}]}}