{"id":147558,"date":"2025-09-30T00:33:17","date_gmt":"2025-09-30T00:33:17","guid":{"rendered":"https:\/\/www.europesays.com\/es\/147558\/"},"modified":"2025-09-30T00:33:17","modified_gmt":"2025-09-30T00:33:17","slug":"revive-la-entrevista-completa-a-carmen-maura-en-el-hormiguero","status":"publish","type":"post","link":"https:\/\/www.europesays.com\/es\/147558\/","title":{"rendered":"Revive la entrevista completa a Carmen Maura en El Hormiguero"},"content":{"rendered":"<p><b>Carmen Maura<\/b> ha llenado El Hormiguero de historias, risas y complicidad. La actriz ha hablado de su vida profesional y personal, demostrando por qu\u00e9 sigue siendo una de las grandes referentes del cine espa\u00f1ol.<\/p>\n<p>Lo primero de lo que ha hablado ha sido sobre las ventajas que ha encontrado a su edad al cumplir 80 a\u00f1os. \u00abPuedes hacer lo que te d\u00e9 la gana\u00bb, ha dicho la int\u00e9rprete entre risas.<\/p>\n<p>Tras esto, Pablo Motos ha querido saber hasta qu\u00e9 punto llegan <b><a title=\"las dotes interpretativas de la invitada\" href=\"https:\/\/www.antena3.com\/programas\/el-hormiguero\/entrevista\/soy-actriz-podria-mentir-que-gana-carmen-maura-demuestra-sus-dotes-intepretativas_2025092968daeb51f10d3f0678253afc.html\" target=\"_blank\" rel=\"nofollow noopener\">las dotes interpretativas de la invitada<\/a><\/b>. Para ello, el presentador ha generado una situaci\u00f3n de lo m\u00e1s surrealista en la que han debatido sobre si se hab\u00edan puesto los cuernos o no.<\/p>\n<p>Adem\u00e1s, mientras hablaban sobre su \u00faltima pel\u00edcula, Carmen ha desvelado <b><a title=\"sus secretos para aprenderse guiones largos\" href=\"https:\/\/www.antena3.com\/programas\/el-hormiguero\/entrevista\/secreto-carmen-maura-aprenderse-guiones-mas-desagradable-ser-actriz_2025092968daf20d3ce0ad1de88b7012.html\" target=\"_blank\" rel=\"nofollow noopener\">sus secretos para aprenderse guiones largos<\/a><\/b>. Ha asegurado que no tiene ning\u00fan misterio m\u00e1s all\u00e1 de echarle horas, pero ha reconocido que es lo que m\u00e1s odia de su trabajo.<\/p>\n<p>Pablo tambi\u00e9n le ha preguntado por <b><a title=\"su primer desnudo en el cine\" href=\"https:\/\/www.antena3.com\/programas\/el-hormiguero\/entrevista\/motivo-que-carmen-maura-aceptado-primer-desnudo-cine-ahora-todo-igual_2025092968daedc7f10d3f0678253f96.html\" target=\"_blank\" rel=\"nofollow noopener\">su primer desnudo en el cine<\/a><\/b>. Ella, que tal y como ha dicho antes est\u00e1 en un momento en el que hace lo que le da la gana, ha dicho que se ha animado a hacerlo porque le da todo igual.<\/p>\n","protected":false},"excerpt":{"rendered":"Carmen Maura ha llenado El Hormiguero de historias, risas y complicidad. La actriz ha hablado de su vida&hellip;\n","protected":false},"author":2,"featured_media":147559,"comment_status":"","ping_status":"","sticky":false,"template":"","format":"standard","meta":{"footnotes":""},"categories":[171],"tags":[146,147,25,24,23,214],"class_list":{"0":"post-147558","1":"post","2":"type-post","3":"status-publish","4":"format-standard","5":"has-post-thumbnail","7":"category-tv","8":"tag-entertainment","9":"tag-entretenimiento","10":"tag-es","11":"tag-espana","12":"tag-spain","13":"tag-tv"},"share_on_mastodon":{"url":"","error":""},"_links":{"self":[{"href":"https:\/\/www.europesays.com\/es\/wp-json\/wp\/v2\/posts\/147558","targetHints":{"allow":["GET"]}}],"collection":[{"href":"https:\/\/www.europesays.com\/es\/wp-json\/wp\/v2\/posts"}],"about":[{"href":"https:\/\/www.europesays.com\/es\/wp-json\/wp\/v2\/types\/post"}],"author":[{"embeddable":true,"href":"https:\/\/www.europesays.com\/es\/wp-json\/wp\/v2\/users\/2"}],"replies":[{"embeddable":true,"href":"https:\/\/www.europesays.com\/es\/wp-json\/wp\/v2\/comments?post=147558"}],"version-history":[{"count":0,"href":"https:\/\/www.europesays.com\/es\/wp-json\/wp\/v2\/posts\/147558\/revisions"}],"wp:featuredmedia":[{"embeddable":true,"href":"https:\/\/www.europesays.com\/es\/wp-json\/wp\/v2\/media\/147559"}],"wp:attachment":[{"href":"https:\/\/www.europesays.com\/es\/wp-json\/wp\/v2\/media?parent=147558"}],"wp:term":[{"taxonomy":"category","embeddable":true,"href":"https:\/\/www.europesays.com\/es\/wp-json\/wp\/v2\/categories?post=147558"},{"taxonomy":"post_tag","embeddable":true,"href":"https:\/\/www.europesays.com\/es\/wp-json\/wp\/v2\/tags?post=147558"}],"curies":[{"name":"wp","href":"https:\/\/api.w.org\/{rel}","templated":true}]}}