{"id":147560,"date":"2025-09-30T00:34:07","date_gmt":"2025-09-30T00:34:07","guid":{"rendered":"https:\/\/www.europesays.com\/es\/147560\/"},"modified":"2025-09-30T00:34:07","modified_gmt":"2025-09-30T00:34:07","slug":"peso-pluma-recibira-el-primer-premio-billboard-vanguardia","status":"publish","type":"post","link":"https:\/\/www.europesays.com\/es\/147560\/","title":{"rendered":"Peso Pluma recibir\u00e1 el primer Premio Billboard Vanguardia"},"content":{"rendered":"<p>Miami. <a href=\"https:\/\/www.primerahora.com\/tema\/peso-pluma\/\" target=\"_self\" rel=\"nofollow noopener\" title=\"https:\/\/www.primerahora.com\/tema\/peso-pluma\/\"><b>Peso Pluma<\/b><\/a> ser\u00e1 honrado con el primer <b>Premio Billboard Vanguardia<\/b> durante los <b>Premios Billboard de la M\u00fasica Latina 2025<\/b>, d\u00f3nde protagonizar\u00e1 una de las actuaciones m\u00e1s esperadas de la noche, anunciaron Telemundo y Billboard.<\/p>\n<p>La ceremonia se podr\u00e1 ver en vivo por Telemundo el <b>23 de octubre a las 8:00 p.m.<\/b> desde el James L. Knight Center de Miami.<\/p>\n<p>El Premio Billboard Vanguardia que recibir\u00e1 el superastro mexicano distingue a <b>artistas que \u201cse atreven a ir m\u00e1s all\u00e1 de lo convencional\u201d<\/b>, se\u00f1alaron los organizadores.<\/p>\n<p>\u201cEste galard\u00f3n celebra a los verdaderos visionarios: artistas que rompen barreras, redefinen est\u00e1ndares y dejan una huella imborrable en la industria musical\u201d.<\/p>\n<p>Peso Pluma es reconocido como el l\u00edder del movimiento de <b>m\u00fasica mexicana contempor\u00e1nea<\/b>, que fusiona los sonidos tradicionales con influencias urbanas, de hip hop y trap. Tiene una voz distintiva y estilo \u00fanico.<\/p>\n<p>En 2023, su colaboraci\u00f3n con Eslab\u00f3n Armado, \u201cElla baila sola\u201d, se convirti\u00f3 en la primera canci\u00f3n regional mexicana en entrar al Top 10 del Billboard Hot 100 en los 65 a\u00f1os de la lista, dijo Billboard. Ese mismo a\u00f1o, su \u00e1lbum G\u00e9nesis, ganador del Grammy, debut\u00f3 en el puesto 3 del Billboard 200. Ha sido galardonado con el Latin Grammy y Premios Billboard de la M\u00fasica Latina.<\/p>\n<p>Los Premios Billboard de la M\u00fasica Latina podr\u00e1n verse tambi\u00e9n en la aplicaci\u00f3n de Telemundo, el servicio de streaming Peacock y a trav\u00e9s de Latinoam\u00e9rica y el Caribe por Telemundo Internacional. Los boletos estar\u00e1n disponibles pronto.<\/p>\n","protected":false},"excerpt":{"rendered":"Miami. Peso Pluma ser\u00e1 honrado con el primer Premio Billboard Vanguardia durante los Premios Billboard de la M\u00fasica&hellip;\n","protected":false},"author":2,"featured_media":147561,"comment_status":"","ping_status":"","sticky":false,"template":"","format":"standard","meta":{"footnotes":""},"categories":[170],"tags":[146,147,25,24,184,185,26716,23],"class_list":{"0":"post-147560","1":"post","2":"type-post","3":"status-publish","4":"format-standard","5":"has-post-thumbnail","7":"category-musica","8":"tag-entertainment","9":"tag-entretenimiento","10":"tag-es","11":"tag-espana","12":"tag-music","13":"tag-musica","14":"tag-peso-pluma","15":"tag-spain"},"share_on_mastodon":{"url":"","error":""},"_links":{"self":[{"href":"https:\/\/www.europesays.com\/es\/wp-json\/wp\/v2\/posts\/147560","targetHints":{"allow":["GET"]}}],"collection":[{"href":"https:\/\/www.europesays.com\/es\/wp-json\/wp\/v2\/posts"}],"about":[{"href":"https:\/\/www.europesays.com\/es\/wp-json\/wp\/v2\/types\/post"}],"author":[{"embeddable":true,"href":"https:\/\/www.europesays.com\/es\/wp-json\/wp\/v2\/users\/2"}],"replies":[{"embeddable":true,"href":"https:\/\/www.europesays.com\/es\/wp-json\/wp\/v2\/comments?post=147560"}],"version-history":[{"count":0,"href":"https:\/\/www.europesays.com\/es\/wp-json\/wp\/v2\/posts\/147560\/revisions"}],"wp:featuredmedia":[{"embeddable":true,"href":"https:\/\/www.europesays.com\/es\/wp-json\/wp\/v2\/media\/147561"}],"wp:attachment":[{"href":"https:\/\/www.europesays.com\/es\/wp-json\/wp\/v2\/media?parent=147560"}],"wp:term":[{"taxonomy":"category","embeddable":true,"href":"https:\/\/www.europesays.com\/es\/wp-json\/wp\/v2\/categories?post=147560"},{"taxonomy":"post_tag","embeddable":true,"href":"https:\/\/www.europesays.com\/es\/wp-json\/wp\/v2\/tags?post=147560"}],"curies":[{"name":"wp","href":"https:\/\/api.w.org\/{rel}","templated":true}]}}