{"id":147562,"date":"2025-09-30T00:35:08","date_gmt":"2025-09-30T00:35:08","guid":{"rendered":"https:\/\/www.europesays.com\/es\/147562\/"},"modified":"2025-09-30T00:35:08","modified_gmt":"2025-09-30T00:35:08","slug":"la-frase-mas-famosa-de-el-caballero-oscuro-no-fue-escrita-por-christopher-nolan","status":"publish","type":"post","link":"https:\/\/www.europesays.com\/es\/147562\/","title":{"rendered":"La frase m\u00e1s famosa de El Caballero Oscuro no fue escrita por Christopher Nolan"},"content":{"rendered":"<p>Christopher Nolan confiesa que, aunque toda la pel\u00edcula refleja su visi\u00f3n, la l\u00ednea m\u00e1s ic\u00f3nica no es suya, y admite que esto a\u00fan le genera un peque\u00f1o pesar.<\/p>\n<p>Hay frases de cine que trascienden la pantalla y se integran en el imaginario colectivo. Una de las m\u00e1s recordadas pertenece a <a href=\"https:\/\/www.hobbyconsolas.com\/noticias\/nueva-pelicula-batman-corrige-pocas-pegas-tiene-caballero-oscuro-christopher-nolan-1484889\" title=\"La nueva pel\u00edcula de Batman corrige una de las pocas pegas que tiene El Caballero Oscuro de Christopher Nolan\" rel=\"nofollow noopener\" target=\"_blank\">El Caballero Oscuro<\/a> de <a href=\"https:\/\/www.hobbyconsolas.com\/noticias\/christopher-nolan-marca-nuevo-hito-carrera-convertirse-presidente-sindicato-directores-estados-unidos-1484746\" title=\"Christopher Nolan marca un nuevo hito en su carrera al convertirse en presidente del Sindicato de Directores de Estados Unidos\" rel=\"nofollow noopener\" target=\"_blank\">Christopher Nolan<\/a>: \u201cO mueres como un h\u00e9roe, o vives lo suficiente para verte convertido en un villano\u201d.<\/p>\n<p>Esta l\u00ednea es pronunciada por Harvey Dent (Aaron Eckhart) y resume la tragedia central de la pel\u00edcula, as\u00ed como el dilema moral que enfrentan los h\u00e9roes. Sin embargo, Nolan <a href=\"https:\/\/deadline.com\/2024\/02\/oppenheimer-christopher-nolan-cillian-murphy-interview-1235829241\/\" target=\"_blank\" rel=\"nofollow noopener\">ha revelado<\/a> que no fue \u00e9l quien la escribi\u00f3, <strong>sino su hermano Jonathan Nolan<\/strong>.<\/p>\n<p>En una conversaci\u00f3n junto al actor Cillian Murphy, el director confes\u00f3 que la frase le persigue, <strong>sobre todo porque se ha convertido en la m\u00e1s recordada de su filmograf\u00eda<\/strong>. \u201cMe mata no haberla escrito yo\u201d, admiti\u00f3, reconociendo que con el tiempo entendi\u00f3 que encapsulaba a la perfecci\u00f3n el arco de Harvey Dent (Dos Caras).<\/p>\n<p>Jonathan Nolan, que ha coescrito guiones con su hermano, entre ellos Memento, The Prestige y Interstellar, fue quien dio forma a esta reflexi\u00f3n sobre el hero\u00edsmo y la corrupci\u00f3n moral.<\/p>\n<p>Su talento para construir ideas complejas y resonantes ayud\u00f3 a convertir El Caballero Oscuro en algo m\u00e1s que una pel\u00edcula de superh\u00e9roes.<\/p>\n<p>La frase no solo destaca por su contenido, sino tambi\u00e9n por la interpretaci\u00f3n de Aaron Eckhart, que le da una solemnidad tr\u00e1gica. <strong>M\u00e1s de 15 a\u00f1os despu\u00e9s, sigue siendo citada, reinterpretada y usada incluso fuera del contexto cinematogr\u00e1fico<\/strong>.<\/p>\n<p>Conoce <a href=\"https:\/\/www.hobbyconsolas.com\/como-trabajamos\" title=\"&quot;C\u00f3mo trabajamos en HobbyConsolas&quot;\" target=\"_blank\" rel=\"nofollow noopener\">c\u00f3mo trabajamos<\/a> en HobbyConsolas.<\/p>\n","protected":false},"excerpt":{"rendered":"Christopher Nolan confiesa que, aunque toda la pel\u00edcula refleja su visi\u00f3n, la l\u00ednea m\u00e1s ic\u00f3nica no es suya,&hellip;\n","protected":false},"author":2,"featured_media":147563,"comment_status":"","ping_status":"","sticky":false,"template":"","format":"standard","meta":{"footnotes":""},"categories":[169],"tags":[177,146,147,25,24,176,175,23],"class_list":{"0":"post-147562","1":"post","2":"type-post","3":"status-publish","4":"format-standard","5":"has-post-thumbnail","7":"category-cine","8":"tag-cine","9":"tag-entertainment","10":"tag-entretenimiento","11":"tag-es","12":"tag-espana","13":"tag-film","14":"tag-movies","15":"tag-spain"},"share_on_mastodon":{"url":"","error":""},"_links":{"self":[{"href":"https:\/\/www.europesays.com\/es\/wp-json\/wp\/v2\/posts\/147562","targetHints":{"allow":["GET"]}}],"collection":[{"href":"https:\/\/www.europesays.com\/es\/wp-json\/wp\/v2\/posts"}],"about":[{"href":"https:\/\/www.europesays.com\/es\/wp-json\/wp\/v2\/types\/post"}],"author":[{"embeddable":true,"href":"https:\/\/www.europesays.com\/es\/wp-json\/wp\/v2\/users\/2"}],"replies":[{"embeddable":true,"href":"https:\/\/www.europesays.com\/es\/wp-json\/wp\/v2\/comments?post=147562"}],"version-history":[{"count":0,"href":"https:\/\/www.europesays.com\/es\/wp-json\/wp\/v2\/posts\/147562\/revisions"}],"wp:featuredmedia":[{"embeddable":true,"href":"https:\/\/www.europesays.com\/es\/wp-json\/wp\/v2\/media\/147563"}],"wp:attachment":[{"href":"https:\/\/www.europesays.com\/es\/wp-json\/wp\/v2\/media?parent=147562"}],"wp:term":[{"taxonomy":"category","embeddable":true,"href":"https:\/\/www.europesays.com\/es\/wp-json\/wp\/v2\/categories?post=147562"},{"taxonomy":"post_tag","embeddable":true,"href":"https:\/\/www.europesays.com\/es\/wp-json\/wp\/v2\/tags?post=147562"}],"curies":[{"name":"wp","href":"https:\/\/api.w.org\/{rel}","templated":true}]}}