{"id":147566,"date":"2025-09-30T00:38:10","date_gmt":"2025-09-30T00:38:10","guid":{"rendered":"https:\/\/www.europesays.com\/es\/147566\/"},"modified":"2025-09-30T00:38:10","modified_gmt":"2025-09-30T00:38:10","slug":"los-tres-hijos-de-paco-camino-juntos-y-emocionados-en-las-ventas","status":"publish","type":"post","link":"https:\/\/www.europesays.com\/es\/147566\/","title":{"rendered":"Los tres hijos de Paco Camino, juntos y emocionados, en Las Ventas"},"content":{"rendered":"<p class=\"paragraph\">R<b>afa, Mari\u00e1n y Francisco Camino<\/b>, los tres hijos del torero<b> Paco Camino y Mar\u00eda \u00c1ngeles Sanz,<\/b> se reunieron este lunes en<b> Las Ventas<\/b> durante un homenaje a su padre y tomaron la palabra para agradecer este reconocimiento que repasa su larga carrera. Emocionados dieron las gracias de manera sincera por este tributo a una figura del torero irrepetible que era su padre. \u00abEstoy muy emocionada porque he visto fotos y momentos de mi padre que no conoc\u00eda, me parece una exposici\u00f3n preciosa\u00bb, confes\u00f3 <b>Mari\u00e1n Camino.<\/b><\/p>\n<p class=\"c-detail__media__subtitle composite_image\">\n<p>        Exposici\u00f3n sobre Paco Camino en Las Ventas<\/p>\n<p class=\"paragraph\">\u00abDe Camas al coraz\u00f3n de Madrid, <b>Paco Camino<\/b> un torero irrepetible\u00bb es el t\u00edtulo de la exposici\u00f3n organizada sobre la figura del diestro de Camas que ya se puede disfrutar en Las Ventas. Un recorrido por su carrera que llega al cumplirse poco m\u00e1s de un a\u00f1o de su fallecimiento.<\/p>\n<p class=\"paragraph\">El director gerente del Centro de Asuntos Taurinos, <b>Miguel Mart\u00edn, <\/b>ha sido el encargado de  inaugurar la muestra que rinde homenaje a <b>Paco Camino<\/b> en Las Ventas. Esta es una de las actividades previstas para la programaci\u00f3n cultural de la Feria de Oto\u00f1o, que se celebra de manera paralela al ciclo taurino y que est\u00e1 a punto de comenzar.<\/p>\n<p class=\"c-detail__media__subtitle composite_image\">\n<p>        El torero Paco Camino\u00a9GTRESONLINE<\/p>\n<p>            <a href=\"#\" title=\"\"><br \/>\n                <img decoding=\"async\" loading=\"lazy\" width=\"120px\" height=\"90px\" alt=\"EL TORERO PACO CAMINO DURANTE EL ENTIERRO DE DIEGO PUERTA&#13;&#10;01\/12\/2011&#13;&#10;SEVILLA\" src=\"https:\/\/imagenes.eldebate.com\/files\/related_image\/files\/fp\/uploads\/2024\/07\/30\/66a89bc6aded0.r_d.1369-608.jpeg\" data-full-src=\"https:\/\/imagenes.eldebate.com\/uploads\/2024\/07\/30\/66a89bc6aded0.jpeg\"\/><br \/>\n            <\/a><\/p>\n<p class=\"paragraph\">Entre las piezas expuestas se encuentra una cuidada selecci\u00f3n de fotograf\u00edas hist\u00f3ricas, objetos personales del maestro, trajes de luces, cabezas de toros y documentos in\u00e9ditos.<\/p>\n<p class=\"c-detail__media__subtitle composite_image\">\n<p>        Exposici\u00f3n de Paco Camino con sus 3 hijos en el centro de la foto<\/p>\n<p class=\"paragraph\">Francisco Camino S\u00e1nchez -que se anunciaba como Paco Camino- naci\u00f3  en  Camas,  igual que otro maestro, Curro Romero, y falleci\u00f3 en la localidad de Navalmoral de la Mata, el 29 de julio de 2024, donde resid\u00eda en una bonita finca ganadera junto a su \u00faltima esposa <b>Isabel S\u00e1nchez-Flor.<\/b> Fue un torero  de gran \u00e9xito y ejerci\u00f3 de ganadero de reses de lidia. Sali\u00f3 doce veces por la puerta grande de Las Ventas, superado \u00fanicamente por  su buen amigo<b> Santiago Mart\u00edn El Viti.<\/b><\/p>\n","protected":false},"excerpt":{"rendered":"Rafa, Mari\u00e1n y Francisco Camino, los tres hijos del torero Paco Camino y Mar\u00eda \u00c1ngeles Sanz, se reunieron&hellip;\n","protected":false},"author":2,"featured_media":147567,"comment_status":"","ping_status":"","sticky":false,"template":"","format":"standard","meta":{"footnotes":""},"categories":[91],"tags":[146,147,25,24,23],"class_list":{"0":"post-147566","1":"post","2":"type-post","3":"status-publish","4":"format-standard","5":"has-post-thumbnail","7":"category-entretenimiento","8":"tag-entertainment","9":"tag-entretenimiento","10":"tag-es","11":"tag-espana","12":"tag-spain"},"share_on_mastodon":{"url":"","error":""},"_links":{"self":[{"href":"https:\/\/www.europesays.com\/es\/wp-json\/wp\/v2\/posts\/147566","targetHints":{"allow":["GET"]}}],"collection":[{"href":"https:\/\/www.europesays.com\/es\/wp-json\/wp\/v2\/posts"}],"about":[{"href":"https:\/\/www.europesays.com\/es\/wp-json\/wp\/v2\/types\/post"}],"author":[{"embeddable":true,"href":"https:\/\/www.europesays.com\/es\/wp-json\/wp\/v2\/users\/2"}],"replies":[{"embeddable":true,"href":"https:\/\/www.europesays.com\/es\/wp-json\/wp\/v2\/comments?post=147566"}],"version-history":[{"count":0,"href":"https:\/\/www.europesays.com\/es\/wp-json\/wp\/v2\/posts\/147566\/revisions"}],"wp:featuredmedia":[{"embeddable":true,"href":"https:\/\/www.europesays.com\/es\/wp-json\/wp\/v2\/media\/147567"}],"wp:attachment":[{"href":"https:\/\/www.europesays.com\/es\/wp-json\/wp\/v2\/media?parent=147566"}],"wp:term":[{"taxonomy":"category","embeddable":true,"href":"https:\/\/www.europesays.com\/es\/wp-json\/wp\/v2\/categories?post=147566"},{"taxonomy":"post_tag","embeddable":true,"href":"https:\/\/www.europesays.com\/es\/wp-json\/wp\/v2\/tags?post=147566"}],"curies":[{"name":"wp","href":"https:\/\/api.w.org\/{rel}","templated":true}]}}