{"id":147578,"date":"2025-09-30T00:50:08","date_gmt":"2025-09-30T00:50:08","guid":{"rendered":"https:\/\/www.europesays.com\/es\/147578\/"},"modified":"2025-09-30T00:50:08","modified_gmt":"2025-09-30T00:50:08","slug":"lo-que-debes-saber-sobre-el-juicio-entre-mclaren-y-alex-palou","status":"publish","type":"post","link":"https:\/\/www.europesays.com\/es\/147578\/","title":{"rendered":"Lo que debes saber sobre el juicio entre McLaren y Alex Palou"},"content":{"rendered":"<p>\t\t\t\t\tLo que necesitas saber:<\/p>\n<p>Alex Palou fue piloto reserva de McLaren en 2022 y 2023<\/p>\n<p>Alex Palou y McLaren han iniciado un <strong>juicio civil en Londres por el incumplimiento de un contrato<\/strong> que un\u00eda al piloto espa\u00f1ol con la escuder\u00eda brit\u00e1nica desde el a\u00f1o 2022 y en el cual <strong>est\u00e1n en disputa cerca de 20 millones de d\u00f3lares. <\/strong>Tanto el director del equipo, Zak Brown, como <a href=\"https:\/\/www.sopitas.com\/desde-el-paddock\/pato-oward-como-le-fue-500-millas-indianapolis\/\" rel=\"nofollow noopener\" target=\"_blank\">el piloto espa\u00f1ol,<\/a> se dieron cita en los tribunales y se espera que el caso termine antes de finaliza el 2025.\u00a0<\/p>\n<p>\u201c<strong>Me alegra que esta ser\u00e1 la primera Navidad en mucho tiempo sin este drama\u201d, <\/strong>manifest\u00f3<a href=\"https:\/\/www.sopitas.com\/desde-el-paddock\/pato-oward-como-le-fue-500-millas-indianapolis\/\" target=\"_blank\" rel=\"noreferrer noopener nofollow\"> Alex Palou<\/a>, quien ha ganado cuatro veces el campeonato de la IndyCar con la escuder\u00eda Chip Ganassi.\u00a0<\/p>\n<p><strong>McLaren demand\u00f3 a Alex Palou por poco menos de 20 millones de d\u00f3lares <\/strong>y lo que se definir\u00e1 en las siguientes semanas en el monto de dinero que finalmente tendr\u00e1 que pagar el piloto a la escuder\u00eda.<\/p>\n<p><img loading=\"lazy\" decoding=\"async\" width=\"900\" height=\"600\" src=\"https:\/\/www.europesays.com\/es\/wp-content\/uploads\/2025\/09\/alex-palou-campeon-indycar.jpg\" alt=\"Alex Palou, piloto de Chip Ganassi\" class=\"wp-image-1849281\"  \/>Alex Palou, piloto de Chip Ganassi \/ Getty<\/p>\n<p>Contexto del caso Alex Palou y McLaren\u00a0<\/p>\n<p>Alex Palou lleg\u00f3 a la IndyCar en el a\u00f1o 2020 con el equipo Dale Coyne Racing\u00a0y <strong>en 2021 fue reclutado por Chip Ganassi<\/strong> y en ese a\u00f1o gan\u00f3 su primer campeonato.\u00a0<\/p>\n<p>El 13 de julio de 2022, cuando la temporada de ese a\u00f1o estaba por finalizar, se anunci\u00f3 que <strong>Alex Palou hab\u00eda alcanzado un acuerdo con el equipo Arrow McLaren, el equipo de McLaren en IndyCar,<\/strong> para competir en este equipo en la temporada 2023, o sea que iba a ser compa\u00f1ero del mexicano Pato O\u2019Ward.<\/p>\n<p>El acuerdo <strong>permit\u00eda a Palou proyecci\u00f3n en el equipo de F\u00f3rmula 1 <\/strong>como piloto reserva y piloto de pruebas y la daba ciertas esperanzas de convertirse en piloto titular.\u00a0<\/p>\n<p>Ese mismo d\u00eda, Chip Ganassi respondi\u00f3 con una publicaci\u00f3n en la que dec\u00eda que <strong>hab\u00eda hecho efectiva una opci\u00f3n para conservar a Palou<\/strong> para la temporada 2023. Palou respondi\u00f3 diciendo que aquel anuncio se hab\u00eda publicado sin su consentimiento.<\/p>\n<p>Alex Palou se uni\u00f3 al equipo de McLaren de F\u00f3rmula 1 en 2022 y <strong>rod\u00f3 en la primera pr\u00e1ctica libre del Gran Premio de Estados Unidos<\/strong>. Para 2023 se lleg\u00f3 a un acuerdo para que Alex pudiera competir en IndyCar con Chip Ganassi, pero tambi\u00e9n cumplir con sus tareas como piloto reserva de McLaren en F\u00f3rmula 1, pero<strong> en ese mismo a\u00f1o el ib\u00e9rico rompi\u00f3 con McLaren.\u00a0<\/strong><\/p>\n<p><img loading=\"lazy\" decoding=\"async\" width=\"1024\" height=\"683\" src=\"https:\/\/www.europesays.com\/es\/wp-content\/uploads\/2025\/09\/alex-palou-2022-mclaren-gp-estados-unidos.jpg\" alt=\"Alex Palou en la primera pr\u00e1ctica libre del GP de Estados Unidos 2022 con McLaren\" class=\"wp-image-1860882\"  \/>Alex Palou en la primera pr\u00e1ctica libre del GP de Estados Unidos 2022 con McLaren \/ Getty<\/p>\n<p>Desde entonces, <strong>McLaren llev\u00f3 el caso a los tribunales para demandar por da\u00f1os y prejuicios, los cuales estima en 19.7 millones de d\u00f3lares<\/strong> para cubrir el dinero que perdi\u00f3 por \u201cel \u00e9xito en la pista que habr\u00eda logrado\u201d en IndyCar como piloto de Arrow McLaren.\u00a0<\/p>\n<p>El juicio determinar\u00e1 cu\u00e1nta lana debe soltarle Alex Palou a McLaren\u00a0<\/p>\n<p><a href=\"https:\/\/www.instagram.com\/alexpalou\/\" target=\"_blank\" rel=\"noreferrer noopener nofollow\">Alex Palou <\/a>rompi\u00f3 el acuerdo con McLaren al considerar que <strong>el equipo no se tomaba en serio su impulso a F\u00f3rmula 1.<\/strong> Para ese entonces, el equipo de Woking ya hab\u00eda contratado a Oscar Piastri en lugar de Daniel Ricciardo.\u00a0<\/p>\n<p><strong>\u201cEn un momento\u00a0perdi\u00f3 la confianza\u00a0en que [McLaren] realmente ten\u00eda la intenci\u00f3n de apoyar su ambici\u00f3n de llegar a la F\u00f3rmula 1<\/strong> y decidi\u00f3 continuar compitiendo con CGR (Chip Ganassi Racing) en la IndyCar\u201d, indicaron los abogados de Alex Palou.<\/p>\n<p>O sea que <strong>Palou acepta que incumpli\u00f3 su contrato <\/strong>y que debe soltar billete. Sin embargo lo que est\u00e1 peleando es el hecho de que <strong>considera que los 19.7 millones de d\u00f3lares que pide McLaren es una cantidad excesiva.\u00a0<\/strong><\/p>\n<p>Su defensa argumenta que <strong>McLaren ha mitigado las supuestas p\u00e9rdidas y que en realidad Palou no le debe nada<\/strong> al equipo brit\u00e1nico, que a su vez argumenta que debi\u00f3 invertir en nuevos contratos con pilotos reserva (entre ellos Pato O\u2019Ward) y que gast\u00f3 una lana en las pruebas de Alex Palou en el simulador y as\u00ed como las que hizo en el auto de F\u00f3rmula 1.<\/p>\n<p><img loading=\"lazy\" decoding=\"async\" width=\"1024\" height=\"683\" src=\"https:\/\/www.europesays.com\/es\/wp-content\/uploads\/2025\/09\/pato-oward-mclaren-formula-1.jpg\" alt=\"Pato O'Ward con Zak Brown\" class=\"wp-image-1778929\"\/>Pato O\u2019Ward con Zak Brown \/ Getty<\/p>\n<p>Tanto Palou como Zak Brown deben declarar y <strong>el pron\u00f3stico es que este caso se cierre en el mes de noviembre del 2025<\/strong> con una cifra menor a la que pide McLaren. Esta historia continuar\u00e1.\u00a0<\/p>\n<p>\t\tTodo lo que no sab\u00edas que necesitas saber lo encuentras en Sopitas.com<\/p>\n<p>\t<script async src=\"\/\/www.instagram.com\/embed.js\"><\/script><\/p>\n","protected":false},"excerpt":{"rendered":"Lo que necesitas saber: Alex Palou fue piloto reserva de McLaren en 2022 y 2023 Alex Palou y&hellip;\n","protected":false},"author":2,"featured_media":147579,"comment_status":"","ping_status":"","sticky":false,"template":"","format":"standard","meta":{"footnotes":""},"categories":[270],"tags":[168,5333,25,24,306,271,272,21510,2704,23,167],"class_list":{"0":"post-147578","1":"post","2":"type-post","3":"status-publish","4":"format-standard","5":"has-post-thumbnail","7":"category-formula-1","8":"tag-deportes","9":"tag-desde-el-paddock","10":"tag-es","11":"tag-espana","12":"tag-f1","13":"tag-formula-1","14":"tag-formula1","15":"tag-indycar","16":"tag-mclaren","17":"tag-spain","18":"tag-sports"},"share_on_mastodon":{"url":"","error":""},"_links":{"self":[{"href":"https:\/\/www.europesays.com\/es\/wp-json\/wp\/v2\/posts\/147578","targetHints":{"allow":["GET"]}}],"collection":[{"href":"https:\/\/www.europesays.com\/es\/wp-json\/wp\/v2\/posts"}],"about":[{"href":"https:\/\/www.europesays.com\/es\/wp-json\/wp\/v2\/types\/post"}],"author":[{"embeddable":true,"href":"https:\/\/www.europesays.com\/es\/wp-json\/wp\/v2\/users\/2"}],"replies":[{"embeddable":true,"href":"https:\/\/www.europesays.com\/es\/wp-json\/wp\/v2\/comments?post=147578"}],"version-history":[{"count":0,"href":"https:\/\/www.europesays.com\/es\/wp-json\/wp\/v2\/posts\/147578\/revisions"}],"wp:featuredmedia":[{"embeddable":true,"href":"https:\/\/www.europesays.com\/es\/wp-json\/wp\/v2\/media\/147579"}],"wp:attachment":[{"href":"https:\/\/www.europesays.com\/es\/wp-json\/wp\/v2\/media?parent=147578"}],"wp:term":[{"taxonomy":"category","embeddable":true,"href":"https:\/\/www.europesays.com\/es\/wp-json\/wp\/v2\/categories?post=147578"},{"taxonomy":"post_tag","embeddable":true,"href":"https:\/\/www.europesays.com\/es\/wp-json\/wp\/v2\/tags?post=147578"}],"curies":[{"name":"wp","href":"https:\/\/api.w.org\/{rel}","templated":true}]}}