{"id":147584,"date":"2025-09-30T00:53:10","date_gmt":"2025-09-30T00:53:10","guid":{"rendered":"https:\/\/www.europesays.com\/es\/147584\/"},"modified":"2025-09-30T00:53:10","modified_gmt":"2025-09-30T00:53:10","slug":"ahora-puedo-decir-y-hacer-lo-que-me-de-la-gana","status":"publish","type":"post","link":"https:\/\/www.europesays.com\/es\/147584\/","title":{"rendered":"Ahora puedo decir y hacer lo que me de la gana"},"content":{"rendered":"<p><a href=\"https:\/\/www.lecturas.com\/belleza\/carmen-maura-79-anos-actriz-cirugia-estetica-es-esclavitud-cuento-nunca-acabar-no-me-interesa-ser-mas-guapa-belleza_180283\" target=\"_self\" rel=\"nofollow noopener\">Carmen Maura<\/a> (80 a\u00f1os) no necesita excusa ni presentaci\u00f3n. La actriz y chica Almod\u00f3var ha visitado &#8216;El Hormiguero&#8217; sin motivo aparente, pero para ser la protagonista de \u00abuna velada especial con Pablo Motos\u00bb en la que ha hablado de c\u00f3mo ha vivido los diferentes retos que le ha planteado su carrera y ha reflexionado sobre su manera de entender la interpretaci\u00f3n, con la naturalidad y cercan\u00eda que siempre la han caracterizado. Pero adem\u00e1s, la int\u00e9rprete ha presentado &#8216;Vieja Loca&#8217;, su nueva pel\u00edcula de terror y suspense que llegar\u00e1 a los cines el 10 de octubre.\u00a0<\/p>\n<p>Lleva m\u00e1s de 50 a\u00f1os de profesi\u00f3n. Como resultado hay t\u00edtulos como &#8216;Mujeres al borde de un ataque de nervios&#8217;, &#8216;S\u00e9 infiel y no mires con qui\u00e9n&#8217;, &#8216;La comunidad&#8217; o &#8216;Las chicas de la sexta planta&#8217;. <strong>Ha ganado cuatro Goyas y un Premio C\u00e9sar <\/strong>(por &#8216;Las chicas de la sexta planta&#8217;), uno de los galardones m\u00e1s prestigiosos de la industria. No solo es conocida entre nuestras fronteras. Su talento las traspas\u00f3, lo que le ha llevado a participar en coproducciones europeas y latinoamericanas.\u00a0<\/p>\n<p><img loading=\"lazy\" decoding=\"async\"   src=\"https:\/\/www.europesays.com\/es\/wp-content\/uploads\/2025\/09\/carmen-maura_fe01319c_250929125151_1200x800.webp.webp\" alt=\"Carmen Maura\" class=\"lazyload\" width=\"1200\" height=\"800\" data-aspectratio=\"1200\/800\"\/><\/p>\n<p>Carmen Maura, durante la gala de los Premios Goya 2023<\/p>\n<p>&#13;Gtres<br \/>\nSu entrevista en &#8216;El Hormiguero&#8217;<\/p>\n<p>Carmen ha entrado en el plat\u00f3 de Pablo Motos como nos tiene acostumbrados: arrasando. Y es que nada m\u00e1s sentarse en la silla junto a las hormigas, la actriz ha reconocido que se ha cambiado de look (ahora es rubia) y que tras haber cumplido los 80 su actitud ante la vida ha cambiado considerablemente.\u00a0<\/p>\n<p><img loading=\"lazy\" decoding=\"async\"   src=\"https:\/\/www.europesays.com\/es\/wp-content\/uploads\/2025\/09\/pablo-motos-y-carmen-maura_90c8efe6_250929221411_1200x722.webp.webp\" alt=\"Pablo Motos y Carmen Maura\" class=\"lazyload\" width=\"1200\" height=\"722\" data-aspectratio=\"1200\/722\"\/><\/p>\n<p>Carmen Maura cuenta en &#8216;El Hormiguero&#8217; que tras cumplir 80 a\u00f1os ve las cosas de otra manera muy diferente, sobre todo en cuanto lo que tiene que ver en su salud.\u00a0<\/p>\n<p>&#13;Antena 3<\/p>\n<p>\u00a0<\/p>\n<p>\u00abAhora soy rubia, s\u00ed. <strong>Y oficialmente ya soy una persona mayor. He cumplido 80.\u00a0No me he considerado anciana hasta ahora, en los 70 no not\u00e9 nada<\/strong>, pero ahora he empezado algunas cosas. Me falta energ\u00eda. Pero bueno, r\u00e1pidamente le saco a todo ventajas. Muchas. Primero tom\u00e1rmelo bien, cuidarme y hacer gimnasia y todo eso. Pero sobre todo, la ventaja es que puedo hacer lo que me de la gana y decir lo que me la gana. Es que me da igual, adem\u00e1s nunca he tenido ambiciones como actriz, pero ahora ninguna\u00bb, ha comenzado diciendo.\u00a0<\/p>\n<p>Carmen explicado al presentador de Antena 3 que si dice \u00abalguna cosa muy bestia\u00bb la gente dir\u00e1 \u00abes que est\u00e1 mayor\u00bb, pero adem\u00e1s ha confesado que nunca ha tenido miedo a nivel laboral: \u00ab<strong>Nunca he estado en el paro. Sirvo para cualquier cosa, he hecho de todo. Muchas veces he sustituido a la perfecta, a la que era la importante. Y me llamaban a m\u00ed porque pod\u00eda con todo.<\/strong> Lo hago bien, pero es lo \u00fanico. No he sido la mejor madre, ni la esposa perfecta, ni cocino bien. Limpiar s\u00ed, eso s\u00ed se me da bien\u00bb, ha reconocido, a\u00f1adiendo que la orientaci\u00f3n tampoco se le da muy bien.\u00a0<\/p>\n<p><img loading=\"lazy\" decoding=\"async\"   src=\"https:\/\/www.europesays.com\/es\/wp-content\/uploads\/2025\/09\/carmen-maura_b605b15f_250929222433_1200x626.webp.webp\" alt=\"Carmen Maura\" class=\"lazyload\" width=\"1200\" height=\"626\" data-aspectratio=\"1200\/626\"\/><\/p>\n<p>Carmen Maura ha reconocido que en su vida no ha sido ni buena madre ni buena esposa.\u00a0<\/p>\n<p>&#13;Antena 3<\/p>\n<p>\u00a0<\/p>\n<p>Carmen Maura, detr\u00e1s de su incansable sonrisa<\/p>\n<p>Es dif\u00edcil ver a Carmen Maura sin la sonrisa que tanto la caracteriza. La ha lucido en m\u00e1s de 160 t\u00edtulos y en un sinf\u00edn de alfombras rojas. Sin embargo, no todo han sido luces. Tambi\u00e9n ha tenido sombras, especialmente en su vida amorosa. Conoci\u00f3 al que ser\u00eda su marido cuando solo era una adolescente. Le dijo &#8216;s\u00ed, quiero&#8217; al reputado abogado Francisco &#8216;Xisco&#8217; Forteza Pujol <strong>cuando ella solo ten\u00eda 21 a\u00f1os<\/strong>.\u00a0La boda tuvo lugar en la iglesia de San Pedro M\u00e1rtir, en Alcobendas, Madrid.<\/p>\n<p>Solo un a\u00f1o despu\u00e9s, en 1967, naci\u00f3 su primera hija, Carmen. Tres a\u00f1os m\u00e1s tarde, el segundo, Pablo. Tras esto, Carmen y Xisco tomaron la dif\u00edcil decisi\u00f3n de separarse. Fue ah\u00ed cuando empez\u00f3 la etapa m\u00e1s dif\u00edcil de la actriz. Acabaron en los tribunales enfrent\u00e1ndose por la\u00a0custodia de los menores.<\/p>\n<p>Finalmente, tras meses de juicios, un juez le otorg\u00f3 la custodia total al tambi\u00e9n empresario. Se mudaron a Canarias, impidiendo que Carmen pudiese verlos. <a href=\"https:\/\/www.lecturas.com\/actualidad\/suplicio-familiar-que-vivio-carmen-maura-12-anos-sin-poder-ver-a-sus-hijos_160005\" rel=\"nofollow noopener\" target=\"_blank\">Esta situaci\u00f3n se alarg\u00f3 durante 12 a\u00f1os<\/a> y afect\u00f3 mucho a la actriz. \u00abSufr\u00ed much\u00edsimo cuando me los quitaron. Eran m\u00edos y les quer\u00eda mucho, pero lleg\u00f3 un momento que dije: &#8216;\u00bfO te mueres o qu\u00e9?'\u00bb, confes\u00f3 en una visita anterior a \u2018El Hormiguero&#8217;.\u00a0Le salv\u00f3 el trabajo.\u00a0\u00abS\u00ed, yo creo que <strong>si no hubiera decidido ser actriz, estar\u00eda bastante loca <\/strong>porque he superado todo. He pasado momentos horribles como lo de los ni\u00f1os, muchas cosas&#8230;\u00bb, confes\u00f3 en otra entrevista con Ana Rosa Quintana en \u2018TardeAR&#8217;.<\/p>\n<p><img loading=\"lazy\" decoding=\"async\"   src=\"https:\/\/www.europesays.com\/es\/wp-content\/uploads\/2025\/09\/carmen-maura_95cdd7ea_250929131021_1200x862.webp.webp\" alt=\"Carmen Maura\" class=\"lazyload\" width=\"1200\" height=\"862\" data-aspectratio=\"1200\/862\"\/>&#13;<\/p>\n<p>Tampoco tuvo fortuna con su segundo marido, Antonio Moreno Rubio. Le arruin\u00f3. Tras su muerte, descubri\u00f3 que lo \u00fanico que le hab\u00eda dejado eran deudas. \u00abDespu\u00e9s de 13 a\u00f1os, como le di poderes generales, <strong>un d\u00eda me entero de que lo ten\u00eda todo hipotecado<\/strong>. Me dej\u00f3 con dos millones y medio de euros de deuda, con mis casas embargadas, mi campo embargado\u2026 En ese momento me dio un baj\u00f3n y, al cabo del mes, me puse las pilas\u00bb, cont\u00f3 en su documental &#8216;\u00a1Ay, Carmen!&#8217;. Necesit\u00f3 dos d\u00e9cadas en sanear su econom\u00eda.\u00a0<\/p>\n<p>Sus idas y venidas con Pedro Almod\u00f3var<\/p>\n<p>Pel\u00edculas como &#8216;Mujeres al borde de un ataque de nervios&#8217; (1988) la convirtieron en una referencia internacional del cine espa\u00f1ol. Carmen Maura es <strong>una chica Almod\u00f3var<\/strong>, una de las primeras. Se conocieron cuando hicieron juntos una obra de teatro llamada &#8216;Manos sucias&#8217;. \u00abYa era famoso en los c\u00edrculos modernos\u00bb, recordaba la actriz en una entrevista con &#8216;The Hollywood Reporter&#8217; cuando estrenaba la pel\u00edcula &#8216;Calle M\u00e1laga&#8217;.<\/p>\n<p><img loading=\"lazy\" decoding=\"async\"   src=\"https:\/\/www.europesays.com\/es\/wp-content\/uploads\/2025\/09\/carmen-maura_f3aaa83c_250929134553_1200x769.webp.webp\" alt=\"Carmen Maura\" class=\"lazyload\" width=\"1200\" height=\"769\" data-aspectratio=\"1200\/769\"\/>&#13;<\/p>\n<p>\u00abYo era la protagonista y \u00e9l ten\u00eda un papel muy peque\u00f1o. De todos, era el que m\u00e1s me gustaba. Ven\u00eda a mi camerino a menudo <strong>para tener largas conversaciones<\/strong>. Hizo su primer cortometraje conmigo y lo anim\u00e9 a seguir. Lo que compart\u00edamos era entusiasmo. Le gustaba que yo fuera natural y espont\u00e1nea, y me encantaban sus historias y la forma en que las contaba'\u00bb, a\u00f1ad\u00eda.\u00a0<\/p>\n<p>Sin embargo, su relaci\u00f3n con Pedro Almod\u00f3var no siempre no ha sido buena.\u00a0Fue precisamente en el rodaje de la mencionada pel\u00edcula donde tuvieron un conflicto que supuso una ruptura con el director. Su trato con ella cambi\u00f3. Lo pas\u00f3 tan mal durante el rodaje que se replante\u00f3 su carrera, llegando a pensar en dejar la interpretaci\u00f3n: \u00ab<strong>Pens\u00e9 en dejarlo para siempre<\/strong>, pero ya hab\u00eda firmado otro contrato, as\u00ed que segu\u00ed. Actuar siempre ha sido un juego para m\u00ed y lo disfruto\u00bb. Su relaci\u00f3n mejor\u00f3, llegando incluso a coincidir a\u00f1os despu\u00e9s en &#8216;Volver&#8217; (2006). \u00abAhora, estoy feliz por Pedro y <strong>orgullosa de haber formado parte de su carrera<\/strong>. No le guardo rencor. Conocer a ese grupo de personas tan diferentes al principio de mi carrera fue fant\u00e1stico; me hizo amar a\u00fan m\u00e1s mi trabajo\u00bb, a\u00f1ade.<\/p>\n","protected":false},"excerpt":{"rendered":"Carmen Maura (80 a\u00f1os) no necesita excusa ni presentaci\u00f3n. La actriz y chica Almod\u00f3var ha visitado &#8216;El Hormiguero&#8217;&hellip;\n","protected":false},"author":2,"featured_media":147585,"comment_status":"","ping_status":"","sticky":false,"template":"","format":"standard","meta":{"footnotes":""},"categories":[174],"tags":[255,146,147,25,24,256,23],"class_list":{"0":"post-147584","1":"post","2":"type-post","3":"status-publish","4":"format-standard","5":"has-post-thumbnail","7":"category-famosos","8":"tag-celebrities","9":"tag-entertainment","10":"tag-entretenimiento","11":"tag-es","12":"tag-espana","13":"tag-famosos","14":"tag-spain"},"share_on_mastodon":{"url":"","error":""},"_links":{"self":[{"href":"https:\/\/www.europesays.com\/es\/wp-json\/wp\/v2\/posts\/147584","targetHints":{"allow":["GET"]}}],"collection":[{"href":"https:\/\/www.europesays.com\/es\/wp-json\/wp\/v2\/posts"}],"about":[{"href":"https:\/\/www.europesays.com\/es\/wp-json\/wp\/v2\/types\/post"}],"author":[{"embeddable":true,"href":"https:\/\/www.europesays.com\/es\/wp-json\/wp\/v2\/users\/2"}],"replies":[{"embeddable":true,"href":"https:\/\/www.europesays.com\/es\/wp-json\/wp\/v2\/comments?post=147584"}],"version-history":[{"count":0,"href":"https:\/\/www.europesays.com\/es\/wp-json\/wp\/v2\/posts\/147584\/revisions"}],"wp:featuredmedia":[{"embeddable":true,"href":"https:\/\/www.europesays.com\/es\/wp-json\/wp\/v2\/media\/147585"}],"wp:attachment":[{"href":"https:\/\/www.europesays.com\/es\/wp-json\/wp\/v2\/media?parent=147584"}],"wp:term":[{"taxonomy":"category","embeddable":true,"href":"https:\/\/www.europesays.com\/es\/wp-json\/wp\/v2\/categories?post=147584"},{"taxonomy":"post_tag","embeddable":true,"href":"https:\/\/www.europesays.com\/es\/wp-json\/wp\/v2\/tags?post=147584"}],"curies":[{"name":"wp","href":"https:\/\/api.w.org\/{rel}","templated":true}]}}