{"id":147588,"date":"2025-09-30T00:56:07","date_gmt":"2025-09-30T00:56:07","guid":{"rendered":"https:\/\/www.europesays.com\/es\/147588\/"},"modified":"2025-09-30T00:56:07","modified_gmt":"2025-09-30T00:56:07","slug":"hubo-una-cosa-que-me-sorprendio-mucho-y-que-admire","status":"publish","type":"post","link":"https:\/\/www.europesays.com\/es\/147588\/","title":{"rendered":"\u201cHubo una cosa que me sorprendi\u00f3 mucho y que admir\u00e9\u201d"},"content":{"rendered":"<p data-gtm-element-container=\"modulo-texto-link\" class=\"paragraph\">La Revuelta es un programa que se caracteriza por su frescura, su capacidad de improvisaci\u00f3n y por romper con los esquemas habituales de otros formatos televisivos. En lugar de ce\u00f1irse al guion establecido, David Broncano y su equipo permiten que las entrevistas fluyan de manera natural, abordando temas inesperados y sorprendiendo tanto a los invitados como a los espectadores. Este estilo desenfadado aporta autenticidad y cercan\u00eda, convirti\u00e9ndose en una de las se\u00f1as de identidad del espacio.<\/p>\n<p data-gtm-element-container=\"modulo-texto-link\" class=\"paragraph\">Para quienes visitan La Revuelta por primera vez, este enfoque puede resultar llamativo, ya que muchos llegan preparados para una entrevista tradicional. Sin embargo, lo habitual es que terminen valorando positivamente la experiencia. As\u00ed lo ha explicado M\u00f3nica Naranjo, invitada en la \u00faltima emisi\u00f3n, quien record\u00f3 c\u00f3mo en su primera entrevista en el programa se sorprendi\u00f3 al ver a Broncano \u201csalt\u00e1ndose todo el guion\u201d. Lejos de incomodarle, reconoci\u00f3 que admiraba esa capacidad para improvisar y convertir la entrevista en algo diferente.<\/p>\n<p>\u00ab&gt;<br \/>\n<a href=\"https:\/\/twitter.com\/hashtag\/LaRevuelta?src=hash&amp;ref_src=twsrc%5Etfw\" rel=\"nofollow noopener\" target=\"_blank\">#LaRevuelta<\/a> <a href=\"https:\/\/twitter.com\/monicanaranjo?ref_src=twsrc%5Etfw\" rel=\"nofollow noopener\" target=\"_blank\">@monicanaranjo<\/a> <a href=\"https:\/\/t.co\/eALl9V8ldg\" rel=\"nofollow\">pic.twitter.com\/eALl9V8ldg<\/a>\u2014 La Revuelta (@LaRevuelta_TVE) <a href=\"https:\/\/twitter.com\/LaRevuelta_TVE\/status\/1972753748377424002?ref_src=twsrc%5Etfw\" rel=\"nofollow noopener\" target=\"_blank\">September 29, 2025<\/a> \u00ab&gt;<\/p>\n<p data-gtm-element-container=\"modulo-texto-link\" class=\"paragraph\">La cantante, que ya ha estado en otras ocasiones en el programa, asegur\u00f3 que cada visita es distinta porque nunca sabe por d\u00f3nde ir\u00e1 la conversaci\u00f3n. En esta ocasi\u00f3n se sincer\u00f3 con Broncano diciendo: \u201cLa primera vez que vine aqu\u00ed hubo una cosa que me sorprendi\u00f3 mucho y que admir\u00e9. No es porque est\u00e9s aqu\u00ed delante. Yo estoy acostumbrada a hacer televisi\u00f3n, entonces para m\u00ed los guiones no te los puedes saltar. \u00c9l se lo salta todo, lo improvisa todo. Yo ser\u00eda incapaz de improvisar todo, pero es una cosa admirable\u201d.<\/p>\n<p data-gtm-element-container=\"modulo-texto-link\" class=\"paragraph\">Por supuesto, David Broncano no dej\u00f3 pasar la oportunidad de bromear, comentando entre risas que \u201cas\u00ed sale tambi\u00e9n el programa\u201d y explicando que su objetivo es seguir el ritmo de cada invitado para generar una \u201cenerg\u00eda como de sof\u00e1 en el parque\u201d, mucho m\u00e1s cercana.<\/p>\n<p>    Lee tambi\u00e9n<\/p>\n<p data-gtm-element-container=\"modulo-texto-link\" class=\"paragraph\">Este estilo imprevisible es, precisamente, uno de los grandes atractivos de La Revuelta. El programa ha logrado consolidarse como un espacio en el que lo inesperado forma parte del encanto, y donde artistas de la talla de M\u00f3nica Naranjo no solo promocionan su trabajo, sino que tambi\u00e9n tienen la oportunidad de mostrarse m\u00e1s aut\u00e9nticos y espont\u00e1neos frente al p\u00fablico.<\/p>\n<p><script async src=\"https:\/\/platform.twitter.com\/widgets.js\" charset=\"utf-8\"><\/script><\/p>\n","protected":false},"excerpt":{"rendered":"La Revuelta es un programa que se caracteriza por su frescura, su capacidad de improvisaci\u00f3n y por romper&hellip;\n","protected":false},"author":2,"featured_media":147589,"comment_status":"","ping_status":"","sticky":false,"template":"","format":"standard","meta":{"footnotes":""},"categories":[171],"tags":[146,147,25,24,23,214],"class_list":{"0":"post-147588","1":"post","2":"type-post","3":"status-publish","4":"format-standard","5":"has-post-thumbnail","7":"category-tv","8":"tag-entertainment","9":"tag-entretenimiento","10":"tag-es","11":"tag-espana","12":"tag-spain","13":"tag-tv"},"share_on_mastodon":{"url":"","error":""},"_links":{"self":[{"href":"https:\/\/www.europesays.com\/es\/wp-json\/wp\/v2\/posts\/147588","targetHints":{"allow":["GET"]}}],"collection":[{"href":"https:\/\/www.europesays.com\/es\/wp-json\/wp\/v2\/posts"}],"about":[{"href":"https:\/\/www.europesays.com\/es\/wp-json\/wp\/v2\/types\/post"}],"author":[{"embeddable":true,"href":"https:\/\/www.europesays.com\/es\/wp-json\/wp\/v2\/users\/2"}],"replies":[{"embeddable":true,"href":"https:\/\/www.europesays.com\/es\/wp-json\/wp\/v2\/comments?post=147588"}],"version-history":[{"count":0,"href":"https:\/\/www.europesays.com\/es\/wp-json\/wp\/v2\/posts\/147588\/revisions"}],"wp:featuredmedia":[{"embeddable":true,"href":"https:\/\/www.europesays.com\/es\/wp-json\/wp\/v2\/media\/147589"}],"wp:attachment":[{"href":"https:\/\/www.europesays.com\/es\/wp-json\/wp\/v2\/media?parent=147588"}],"wp:term":[{"taxonomy":"category","embeddable":true,"href":"https:\/\/www.europesays.com\/es\/wp-json\/wp\/v2\/categories?post=147588"},{"taxonomy":"post_tag","embeddable":true,"href":"https:\/\/www.europesays.com\/es\/wp-json\/wp\/v2\/tags?post=147588"}],"curies":[{"name":"wp","href":"https:\/\/api.w.org\/{rel}","templated":true}]}}