{"id":147590,"date":"2025-09-30T00:57:09","date_gmt":"2025-09-30T00:57:09","guid":{"rendered":"https:\/\/www.europesays.com\/es\/147590\/"},"modified":"2025-09-30T00:57:09","modified_gmt":"2025-09-30T00:57:09","slug":"5-datos-desconocidos-sobre-lady-gaga","status":"publish","type":"post","link":"https:\/\/www.europesays.com\/es\/147590\/","title":{"rendered":"5 datos desconocidos sobre Lady Gaga"},"content":{"rendered":"<p>Te revelamos los secretos in\u00e9ditos de la gran artista pop.<\/p>\n<p>Lady Gaga no solo se consagr\u00f3 como la reina mundial del pop. Tambi\u00e9n es una mente creativa que transforma cada gesto en un manifiesto est\u00e9tico y sonoro. Detr\u00e1s de sus hits se esconden capas de t\u00e9cnica, intuici\u00f3n y una visi\u00f3n que redefine la forma en que la m\u00fasica y la moda dialogan. Te contamos qu\u00e9 hay detr\u00e1s de la ic\u00f3nica estrella.<\/p>\n<p><strong>1) Sus inicios en la escena \u00abburlesque\u00bb del Lower East Side. <\/strong>Antes de firmar su primer contrato discogr\u00e1fico, Lady Gaga (bajo su nombre de nacimiento, Stefani Germanotta) se sumergi\u00f3 en la escena underground de Nueva York. Actuaba en bares y clubes como gog\u00f3, a menudo usando lencer\u00eda, bikinis y tocados florales. Esta etapa fue crucial para su desarrollo art\u00edstico, ya que le permiti\u00f3 experimentar con su presencia esc\u00e9nica y desafiar las expectativas, forjando la audacia que m\u00e1s tarde se convertir\u00eda en su sello.<\/p>\n<p><strong>2) La fibromialgia y el impacto en su carrera. <\/strong>La cantante padece fibromialgia, una enfermedad cr\u00f3nica que causa un dolor generalizado en los m\u00fasculos y huesos, fatiga y problemas de concentraci\u00f3n. Esta condici\u00f3n afect\u00f3 significativamente su vida y su carrera. En 2017, tuvo que cancelar su gira \u201cJoanne World Tour\u201d debido a un dolor severo, lo que le impidi\u00f3 presentarse. A trav\u00e9s de su documental \u201cGaga: Five Foot Two\u201d, ella mostr\u00f3 su batalla con la enfermedad, convirti\u00e9ndose en una voz importante para la visibilidad de la fibromialgia.<\/p>\n<p><img loading=\"lazy\" width=\"300\" height=\"400\" decoding=\"async\" data-nimg=\"1\" class=\"image-content\" style=\"color:transparent;background:#D9D9D9\" src=\"https:\/\/www.europesays.com\/es\/wp-content\/uploads\/2025\/09\/M1pH-M7pD_300x400__2.jpg#1759160475002.jpeg\"\/><\/p>\n<p><strong>3) Su lucha contra los trastornos alimentarios. <\/strong>Desde los 15 a\u00f1os, Lady Gaga enfrent\u00f3 problemas con trastornos alimentarios como la anorexia y la bulimia, provocados por el acoso que sufri\u00f3 en la escuela. El bullying por su peso y apariencia en su adolescencia dej\u00f3 una profunda huella en ella. Esta experiencia personal la motiv\u00f3 a fundar la \u201cBorn This Way Foundation\u201d, una organizaci\u00f3n sin fines de lucro que se enfoca en la salud mental y la prevenci\u00f3n del acoso escolar, promoviendo la autoaceptaci\u00f3n entre los j\u00f3venes.<\/p>\n<p><strong>4) \u201cHaus of Gaga\u201d, su laboratorio creativo.<\/strong> Mucho antes de ser una superestrella, Lady Gaga concibi\u00f3 \u201cHaus of Gaga\u201d, un colectivo creativo inspirado en \u201cThe Factory\u201d, de Andy Warhol. Esta no es solo una empresa; es el motor detr\u00e1s de su arte. El equipo, compuesto por dise\u00f1adores, estilistas, core\u00f3grafos y m\u00e1s, es responsable de conceptualizar y crear sus ic\u00f3nicos atuendos, videos musicales, escenograf\u00edas y coreograf\u00edas. Invert\u00eda todo el dinero que ganaba como compositora para financiar este proyecto, apostando por su propia visi\u00f3n art\u00edstica.<\/p>\n<p><strong>5) \u201dJust Dance\u201d fue escrita en solo 10 minutos. <\/strong>A pesar de ser una de sus canciones m\u00e1s ic\u00f3nicas y la que la catapult\u00f3 a la fama mundial, Lady Gaga escribi\u00f3 la letra de \u201cJust Dance\u201d en un breve per\u00edodo de tiempo. Mientras estaba en un estudio en Los \u00c1ngeles, tras un per\u00edodo de depresi\u00f3n en Nueva York, fue desafiada a escribir una canci\u00f3n. La compuso en aproximadamente 10 minutos, un momento de inspiraci\u00f3n y desesperaci\u00f3n que cambi\u00f3 el rumbo de su vida y la convirti\u00f3 en la estrella que conocemos hoy.<\/p>\n","protected":false},"excerpt":{"rendered":"Te revelamos los secretos in\u00e9ditos de la gran artista pop. Lady Gaga no solo se consagr\u00f3 como la&hellip;\n","protected":false},"author":2,"featured_media":147591,"comment_status":"","ping_status":"","sticky":false,"template":"","format":"standard","meta":{"footnotes":""},"categories":[170],"tags":[146,147,25,24,184,185,23],"class_list":{"0":"post-147590","1":"post","2":"type-post","3":"status-publish","4":"format-standard","5":"has-post-thumbnail","7":"category-musica","8":"tag-entertainment","9":"tag-entretenimiento","10":"tag-es","11":"tag-espana","12":"tag-music","13":"tag-musica","14":"tag-spain"},"share_on_mastodon":{"url":"","error":""},"_links":{"self":[{"href":"https:\/\/www.europesays.com\/es\/wp-json\/wp\/v2\/posts\/147590","targetHints":{"allow":["GET"]}}],"collection":[{"href":"https:\/\/www.europesays.com\/es\/wp-json\/wp\/v2\/posts"}],"about":[{"href":"https:\/\/www.europesays.com\/es\/wp-json\/wp\/v2\/types\/post"}],"author":[{"embeddable":true,"href":"https:\/\/www.europesays.com\/es\/wp-json\/wp\/v2\/users\/2"}],"replies":[{"embeddable":true,"href":"https:\/\/www.europesays.com\/es\/wp-json\/wp\/v2\/comments?post=147590"}],"version-history":[{"count":0,"href":"https:\/\/www.europesays.com\/es\/wp-json\/wp\/v2\/posts\/147590\/revisions"}],"wp:featuredmedia":[{"embeddable":true,"href":"https:\/\/www.europesays.com\/es\/wp-json\/wp\/v2\/media\/147591"}],"wp:attachment":[{"href":"https:\/\/www.europesays.com\/es\/wp-json\/wp\/v2\/media?parent=147590"}],"wp:term":[{"taxonomy":"category","embeddable":true,"href":"https:\/\/www.europesays.com\/es\/wp-json\/wp\/v2\/categories?post=147590"},{"taxonomy":"post_tag","embeddable":true,"href":"https:\/\/www.europesays.com\/es\/wp-json\/wp\/v2\/tags?post=147590"}],"curies":[{"name":"wp","href":"https:\/\/api.w.org\/{rel}","templated":true}]}}