{"id":147608,"date":"2025-09-30T01:13:16","date_gmt":"2025-09-30T01:13:16","guid":{"rendered":"https:\/\/www.europesays.com\/es\/147608\/"},"modified":"2025-09-30T01:13:16","modified_gmt":"2025-09-30T01:13:16","slug":"estaba-por-delante-de-leclerc-en-ferrari","status":"publish","type":"post","link":"https:\/\/www.europesays.com\/es\/147608\/","title":{"rendered":"Estaba por delante de Leclerc en Ferrari&#8230;"},"content":{"rendered":"<p class=\"L6-news-detail__text\"><b>Carlos Sainz<\/b> se tuvo que marchar de Ferrari por el fichaje de <b><a title=\"Lewis Hamilton.\" href=\"https:\/\/www.lasexta.com\/noticias\/deportes\/motor\/formula1\/exjefe-cree-que-ferrari-arrepienten-haber-sustituido-carlos-sainz-hamilton_2025092968da7259f10d3f0678243e60.html\" target=\"_blank\" rel=\"nofollow noopener\">Lewis Hamilton.<\/a><\/b> Y ahora en Williams <b><a title=\"ha logrado un podio antes que el ingl\u00e9s\" href=\"https:\/\/www.lasexta.com\/noticias\/deportes\/motor\/formula1\/respuesta-sainz-despues-conseguir-podio-antes-que-lewis-hamilton-ser-sincero_2025092368d2a0b65f87ee0831f9c01d.html\" target=\"_blank\" rel=\"nofollow noopener\">ha logrado un podio antes que el ingl\u00e9s<\/a><\/b>. Por fin un gran resultado para \u00e9l en su nuevo equipo. Por eso en el entorno de la F1 el piloto espa\u00f1ol es uno de los m\u00e1s valorados de la parrilla.<\/p>\n<p class=\"L6-news-detail__text\">El campe\u00f3n de la F\u00f3rmula 1 en 1997,<b> Jacques Villeneuve,<\/b> pide valorar m\u00e1s a Carlos y recuerda que los equipos sufren mucho cuando se marcha.<\/p>\n<p class=\"L6-news-detail__text\">\u00abSi nos fijamos en su carrera, cuando se ha ido incorporando a un equipo nuevo, le ha costado un tiempo, quiz\u00e1 media temporada, ponerse al d\u00eda.<b> Se esfuerza por conseguirlo, pero durante ese periodo, hace que todo el equipo funcione mejor<\/b>. Eso es lo que ha ocurrido en todos los equipos a los que se ha incorporado\u00bb, ha explicado en &#8216;GP Blog&#8217; antes del Gran Premio de Singapur.<\/p>\n<p class=\"L6-news-detail__text\">Un equipo \u00abcuesta abajo\u00bb cuando Carlos hace las maletas: <b>\u00abCada vez que deja un equipo, ese equipo va cuesta abajo<\/b>. Siempre, y ahora ocurre lo mismo con Ferrari, pero si no te enfadas, todo ir\u00e1 bien. Ahora mismo, todo este trabajo duro est\u00e1 empezando a dar sus frutos\u00bb.<\/p>\n<p class=\"L6-news-detail__text\">\u00abSainz <b>tiene que estar bastante contento con lo que est\u00e1 pasando en Williams<\/b>. Ahora se le percibe como el constructor del equipo, una gran incorporaci\u00f3n, y all\u00ed le quieren. As\u00ed que, si vas a abandonar el barco, tienes que pens\u00e1rtelo dos veces\u00bb, dice Villeneuve.<\/p>\n<p class=\"L6-news-detail__text\">Por \u00faltimo, ha recordado el campe\u00f3n que Carlos fue m\u00e1s r\u00e1pido que Charles Leclerc en su paso por Ferrari: \u00abSainz se volvi\u00f3 m\u00e1s r\u00e1pido que su compa\u00f1ero de equipo. Incluso si nos fijamos en <b>Leclerc, no estaba por delante de Sainz en Ferrari<\/b>, como mucha gente quiere pensar\u00bb.<\/p>\n<p class=\"L6-support-news-video__title\">Aficionado viral<\/p>\n<p>            <a href=\"https:\/\/www.lasexta.com\/noticias\/deportes\/futbol\/aficionado-united-que-prometio-cortarse-pelo-que-equipo-ganara-cinco-partidos-seguidos-habla-jugones_2025092668d6c70b16355c411da41380.html\" class=\"L6-news__link\" rel=\"nofollow noopener\" target=\"_blank\"><br \/>\n                El aficionado del United que prometi\u00f3 no cortarse el pelo hasta que su equipo ganara cinco partidos seguidos habla en &#8216;Jugones&#8217;<\/p>\n<p class=\"recirculation-video-desc\">Frank Ilett, aficionado del Manchester United, est\u00e1 pagando las consecuencias de la promesa que hizo hace m\u00e1s de un a\u00f1o: \u00abAhora no puedo parar&#8230;\u00bb.<\/p>\n<p>            <\/a><\/p>\n","protected":false},"excerpt":{"rendered":"Carlos Sainz se tuvo que marchar de Ferrari por el fichaje de Lewis Hamilton. Y ahora en Williams&hellip;\n","protected":false},"author":2,"featured_media":147609,"comment_status":"","ping_status":"","sticky":false,"template":"","format":"standard","meta":{"footnotes":""},"categories":[270],"tags":[168,25,24,306,271,272,23,167],"class_list":{"0":"post-147608","1":"post","2":"type-post","3":"status-publish","4":"format-standard","5":"has-post-thumbnail","7":"category-formula-1","8":"tag-deportes","9":"tag-es","10":"tag-espana","11":"tag-f1","12":"tag-formula-1","13":"tag-formula1","14":"tag-spain","15":"tag-sports"},"share_on_mastodon":{"url":"","error":""},"_links":{"self":[{"href":"https:\/\/www.europesays.com\/es\/wp-json\/wp\/v2\/posts\/147608","targetHints":{"allow":["GET"]}}],"collection":[{"href":"https:\/\/www.europesays.com\/es\/wp-json\/wp\/v2\/posts"}],"about":[{"href":"https:\/\/www.europesays.com\/es\/wp-json\/wp\/v2\/types\/post"}],"author":[{"embeddable":true,"href":"https:\/\/www.europesays.com\/es\/wp-json\/wp\/v2\/users\/2"}],"replies":[{"embeddable":true,"href":"https:\/\/www.europesays.com\/es\/wp-json\/wp\/v2\/comments?post=147608"}],"version-history":[{"count":0,"href":"https:\/\/www.europesays.com\/es\/wp-json\/wp\/v2\/posts\/147608\/revisions"}],"wp:featuredmedia":[{"embeddable":true,"href":"https:\/\/www.europesays.com\/es\/wp-json\/wp\/v2\/media\/147609"}],"wp:attachment":[{"href":"https:\/\/www.europesays.com\/es\/wp-json\/wp\/v2\/media?parent=147608"}],"wp:term":[{"taxonomy":"category","embeddable":true,"href":"https:\/\/www.europesays.com\/es\/wp-json\/wp\/v2\/categories?post=147608"},{"taxonomy":"post_tag","embeddable":true,"href":"https:\/\/www.europesays.com\/es\/wp-json\/wp\/v2\/tags?post=147608"}],"curies":[{"name":"wp","href":"https:\/\/api.w.org\/{rel}","templated":true}]}}