{"id":147612,"date":"2025-09-30T01:15:10","date_gmt":"2025-09-30T01:15:10","guid":{"rendered":"https:\/\/www.europesays.com\/es\/147612\/"},"modified":"2025-09-30T01:15:10","modified_gmt":"2025-09-30T01:15:10","slug":"fichajes-y-refuerzos","status":"publish","type":"post","link":"https:\/\/www.europesays.com\/es\/147612\/","title":{"rendered":"Fichajes y refuerzos"},"content":{"rendered":"<p class=\"paragraph\">Las palabras fichaje y refuerzo se utilizan habitualmente como sin\u00f3nimos pero no siempre lo son. Fichaje supone una contrataci\u00f3n pura y dura. Refuerzo va m\u00e1s all\u00e1. Implica que ese fichaje aporta una mejor\u00eda al equipo. Etimol\u00f3gicamente significa \u2018hacer m\u00e1s fuerte\u2019.<\/p>\n<p class=\"paragraph\">Y hete aqu\u00ed al Real Valladolid, que ha firmado diez jugadores el pasado verano. Tras siete jornadas de Liga y un mes despu\u00e9s del cierre del mercado, cinco de ellos son fichajes (Lachuer, Ponceau, Federico, Bueno y Trilli), tres refuerzos (Guilherme, Alejo y Tomeo) y dos permanecen a\u00fan en el limbo. Jaouab no ha debutado por lesi\u00f3n y Can\u00f3s goz\u00f3 de unos primeros y prometedores minutos ante la Cultural. Solo convence hasta ahora el 30% de los nuevos. Mal porcentaje para los intereses blanquivioleta.<\/p>\n<p class=\"paragraph\">El f\u00fatbol es como la bolsa y quienes hoy son s\u00f3lo fichajes se pueden convertir con el tiempo en refuerzos, y viceversa. Pero a d\u00eda de hoy, y tras consumirse un sexto exacto del campeonato de Liga, llama la atenci\u00f3n la inanidad de la contribuci\u00f3n de los tres jugadores llamados a marcar diferencias en el equipo: Lachuer, Ponceau y Federico.<\/p>\n<p class=\"paragraph\">Ninguno de ellos ha mostrado ni la calidad diferencial ni la capacidad de ayudar para decidir partidos que se les presupon\u00eda. Es m\u00e1s, a menudo se han convertido en pesos muertos para el equipo.<\/p>\n<p class=\"paragraph\">Lachuer origin\u00f3 el gol de la Cultural y es tan invisible en la medular como Ponceau en la mediapunta. Aqu\u00e9l lleg\u00f3 libre a Zorrilla al filo del cierre del mercado porque esperaba llamadas de Primera que nunca se dieron.  Federico, extremo, apenas intenta el regate y no ha mostrado punta de velocidad ni capacidad de centro.<\/p>\n<p class=\"paragraph\">Es cierto que ninguno lleg\u00f3 antes del comienzo de la Liga y les resta tiempo de acoplamiento, pero la espera no puede ser eterna. Adem\u00e1s Ponceau ha tenido presencia en cinco partidos, Federico en tres y Lachuer en dos. A Can\u00f3s, \u00faltimo en  llegar, ya se le ha visto m\u00e1s el domingo en media hora que a los otros tres.<\/p>\n<p class=\"paragraph\">Dos jugadores no llamados a marcar diferencias tampoco se est\u00e1n ganando el sitio. Bueno est\u00e1 lejos de convencer en el lateral izquierdo, tanto en defensa como en ataque. Garri est\u00e1 poniendo todo para adelantarle. En la banda opuesta, Trilli ha sido en todos los partidos el lateral suplente de Alejo pero nunca ha mejorado las prestaciones del canterano, ni siquiera pillando al rival cansado. Koke, titular en pretemporada, ha dejado de contar.<\/p>\n<p class=\"paragraph\">El lado bueno lo aportan Guilherme, el citado Alejo y Tomeo. El portero luso ha evitado goles y salvado resultados. Su \u00fanico error grosero, al ca\u00e9rsele un bal\u00f3n ante el Almer\u00eda que ya ten\u00eda embolsado y acabar la jugada en gol, no pas\u00f3 factura al quedar anulada la jugada. Y en el mismo partido par\u00f3 un penalti. El cedido por el Betis tiene personalidad y manda a la defensa sin complejos.<\/p>\n<p class=\"paragraph\">Alejo ha demostrado que no viene a su casa retirarse sino a aportar todo lo que no pudo dar en los a\u00f1os en que quiso fichar por el Real Valladolid y no le dejaron. Canterano que por fin milita en el primer equipo, se ha destapado con la fuerza de una bebida gaseosa y su contribuci\u00f3n en el puesto de lateral, que no es el suyo, es de una intensidad remarcable. De hecho interviene m\u00e1s en ataque, centros incluidos, que los extremos Amath o Federico.<\/p>\n<p class=\"paragraph\">En cuanto a Tomeo, se ha consagrado como kaiser de la defensa aunque su rendimiento ha bajado precisamente en los dos \u00faltimos partidos que han acabado en derrota. Es limpio, anticipativo en el corte y expeditivo por arriba. Le falta salida de bal\u00f3n aunque, de tenerla, quiz\u00e1 no estar\u00eda aqu\u00ed.<\/p>\n<p class=\"paragraph\">Can\u00f3s, como ya est\u00e1 dicho, dej\u00f3 minutos prometedores por verticalidad y capacidad de centro ante la Cultural, mientras que el in\u00e9dito Jaouab est\u00e1 llamado a  formar d\u00fao con Tomeo en el eje de la zaga.<\/p>\n","protected":false},"excerpt":{"rendered":"Las palabras fichaje y refuerzo se utilizan habitualmente como sin\u00f3nimos pero no siempre lo son. Fichaje supone una&hellip;\n","protected":false},"author":2,"featured_media":147613,"comment_status":"","ping_status":"","sticky":false,"template":"","format":"standard","meta":{"footnotes":""},"categories":[268],"tags":[19431,168,25,24,285,280,282,8252,5298,281,23,167],"class_list":{"0":"post-147612","1":"post","2":"type-post","3":"status-publish","4":"format-standard","5":"has-post-thumbnail","7":"category-futbol","8":"tag-cultural-y-deportiva-leonesa","9":"tag-deportes","10":"tag-es","11":"tag-espana","12":"tag-fichajes","13":"tag-football","14":"tag-futbol","15":"tag-lesion","16":"tag-real-valladolid-cf","17":"tag-soccer","18":"tag-spain","19":"tag-sports"},"share_on_mastodon":{"url":"","error":""},"_links":{"self":[{"href":"https:\/\/www.europesays.com\/es\/wp-json\/wp\/v2\/posts\/147612","targetHints":{"allow":["GET"]}}],"collection":[{"href":"https:\/\/www.europesays.com\/es\/wp-json\/wp\/v2\/posts"}],"about":[{"href":"https:\/\/www.europesays.com\/es\/wp-json\/wp\/v2\/types\/post"}],"author":[{"embeddable":true,"href":"https:\/\/www.europesays.com\/es\/wp-json\/wp\/v2\/users\/2"}],"replies":[{"embeddable":true,"href":"https:\/\/www.europesays.com\/es\/wp-json\/wp\/v2\/comments?post=147612"}],"version-history":[{"count":0,"href":"https:\/\/www.europesays.com\/es\/wp-json\/wp\/v2\/posts\/147612\/revisions"}],"wp:featuredmedia":[{"embeddable":true,"href":"https:\/\/www.europesays.com\/es\/wp-json\/wp\/v2\/media\/147613"}],"wp:attachment":[{"href":"https:\/\/www.europesays.com\/es\/wp-json\/wp\/v2\/media?parent=147612"}],"wp:term":[{"taxonomy":"category","embeddable":true,"href":"https:\/\/www.europesays.com\/es\/wp-json\/wp\/v2\/categories?post=147612"},{"taxonomy":"post_tag","embeddable":true,"href":"https:\/\/www.europesays.com\/es\/wp-json\/wp\/v2\/tags?post=147612"}],"curies":[{"name":"wp","href":"https:\/\/api.w.org\/{rel}","templated":true}]}}