{"id":147616,"date":"2025-09-30T01:18:11","date_gmt":"2025-09-30T01:18:11","guid":{"rendered":"https:\/\/www.europesays.com\/es\/147616\/"},"modified":"2025-09-30T01:18:11","modified_gmt":"2025-09-30T01:18:11","slug":"un-libro-que-reescribe-la-historia-desde-las-plagas","status":"publish","type":"post","link":"https:\/\/www.europesays.com\/es\/147616\/","title":{"rendered":"un libro que reescribe la historia desde las plagas"},"content":{"rendered":"<p>\t\t\t\t\t\t\t<img decoding=\"async\" width=\"48\" height=\"36\" src=\"https:\/\/www.europesays.com\/es\/wp-content\/uploads\/2025\/07\/634560255a397.webp\" class=\"avatar avatar-48 photo wp-post-image\" alt=\"Eugenio Manuel Fern\u00e1ndez Aguilar\" loading=\"lazy\"  \/>\t\t\t\t\t\t<\/p>\n<p>\t\t\t\tCreado:<br \/>\n\t\t\t\t\t29.09.2025 | 22:20\t\t\t\t<\/p>\n<p>\t\t\t\t\tActualizado:<br \/>\n\t\t\t\t\t\t29.09.2025 | 22:20\t\t\t\t\t<\/p>\n<p><strong>Nos gusta pensar que controlamos el mundo, pero la historia dice otra cosa.<\/strong>\u00a0Por cada ciudad que hemos construido, hay una especie invasora que ha sabido aprovecharla mejor. Desde los virus hasta los mosquitos, desde las ratas hasta las avispas, las plagas no solo han sobrevivido a nuestras civilizaciones: las han moldeado. Eso es precisamente lo que muestra\u00a0<a href=\"https:\/\/almuzaralibros.com\/fichalibro.php?libro=12374&amp;edi=9\" rel=\"nofollow noopener\" target=\"_blank\">Plagas<\/a> (Pinolia, 2025), el nuevo libro de\u00a0<strong>\u00c1ngel Le\u00f3n Panal<\/strong>, un recorrido tan entretenido como inquietante por\u00a0<strong>las criaturas que mejor se han adaptado al mundo que creamos<\/strong>.<\/p>\n<p>Plagas\u00a0mezcla ciencia, historia y cultura con una agilidad narrativa que lo convierte en una lectura irresistible.\u00a0<strong>Le\u00f3n Panal escribe con rigor, pero sin solemnidad<\/strong>, y logra que cap\u00edtulos sobre el \u00e1ntrax, la peste o las cucarachas se lean como verdaderos relatos de suspense cient\u00edfico. Lejos de centrarse solo en los aspectos biol\u00f3gicos,\u00a0<strong>el libro nos obliga a repensar nuestra relaci\u00f3n con el entorno<\/strong>, y c\u00f3mo muchas veces, los que creemos inferiores son en realidad los m\u00e1s preparados para el futuro. Uno de los cap\u00edtulos m\u00e1s impactantes \u2014Heraldos de la muerte\u2014 es una prueba de ello.<\/p>\n<p>\t<img width=\"255\" height=\"143\" src=\"https:\/\/www.europesays.com\/es\/wp-content\/uploads\/2025\/09\/hallazgo-chinches-plaga-sapiens.jpg\" class=\"wp-image-591888\" alt=\"Descubren que las chinches ya infestaban ciudades hace 7.000 a\u00f1os\" decoding=\"async\" fetchpriority=\"auto\" loading=\"lazy\"  \/><\/p>\n<p class=\"post-card__title\">\n<p>\t\t\t\t\t\t\t<a href=\"https:\/\/www.muyinteresante.com\/historia\/chinches-primeras-ciudades-historia-plaga-urbana-evolucion-humana.html\" class=\"post-card__title-link\" rel=\"nofollow noopener\" target=\"_blank\">Revelador hallazgo gen\u00e9tico: descubren que las chinches podr\u00edan ser la primera plaga urbana de la historia, hace m\u00e1s de 7.000 a\u00f1os<\/a><\/p>\n<p>Cuando la muerte viene volando<\/p>\n<p>Hay algo perturbador en el zumbido de un mosquito. No por el sonido en s\u00ed, sino por todo lo que puede traer consigo. En algunas zonas del mundo, ese zumbido significa fiebre, dolor, p\u00e9rdida. Los mosquitos, en especial los del g\u00e9nero\u00a0Anopheles, son\u00a0<strong>vectores de enfermedades que han matado a millones de personas<\/strong>\u00a0a lo largo de la historia. El cap\u00edtulo muestra c\u00f3mo estos insectos han sido\u00a0<strong>aliados invisibles de la muerte<\/strong>, extendiendo virus y par\u00e1sitos de forma silenciosa pero devastadora.<\/p>\n<p>No son solo criaturas molestas: son armas biol\u00f3gicas involuntarias.\u00a0<strong>La malaria, el dengue, el virus del Zika y la fiebre amarilla<\/strong>\u00a0son solo algunos de los flagelos que se han servido de su cuerpo para viajar. Lo m\u00e1s inquietante es que, a diferencia de nosotros, los mosquitos no tienen un plan. No conquistan, no invaden con intenci\u00f3n.\u00a0<strong>Simplemente sobreviven. Y en esa supervivencia nos arrastran con ellos.<\/strong><\/p>\n<p>Lo que parece un peque\u00f1o insecto es, en realidad,\u00a0<strong>una pieza clave en grandes transformaciones demogr\u00e1ficas, sociales y pol\u00edticas<\/strong>. Las plagas no solo afectan a la salud: alteran el curso de imperios, modifican mapas, definen pol\u00edticas sanitarias.<\/p>\n<p><img loading=\"lazy\" decoding=\"async\" src=\"https:\/\/www.europesays.com\/es\/wp-content\/uploads\/2025\/09\/plagas3.jpg\" alt=\"\" class=\"wp-image-612138\" width=\"1024\" height=\"683\"  \/>Fuente: ChatGPT \/ E. F.<\/p>\n<p>El cuerpo como campo de batalla<\/p>\n<p>El cap\u00edtulo tambi\u00e9n nos hace mirar hacia adentro:\u00a0<strong>el cuerpo humano como ecosistema, como terreno invadido<\/strong>. En el pasado, muchas enfermedades infecciosas eran vistas como castigos o desequilibrios del alma. Pero lo que descubrimos es que\u00a0<strong>somos territorios disputados por organismos diminutos<\/strong>, cada uno con su estrategia para colarse, reproducirse y, a veces, matarnos.<\/p>\n<p>Las bacterias y virus son protagonistas silenciosos. No los vemos, pero\u00a0<strong>determinan nuestras decisiones m\u00e1s \u00edntimas y nuestras respuestas m\u00e1s colectivas<\/strong>. A lo largo de la historia, han provocado cuarentenas, fugas, migraciones, persecuciones. \u00bfCu\u00e1ntas guerras terminaron por una epidemia? \u00bfCu\u00e1ntos l\u00edderes murieron por una picadura? La historia humana, en realidad,\u00a0<strong>es tambi\u00e9n la historia de lo que nos ha enfermado<\/strong>.<\/p>\n<p>Y, sin embargo, muchas de estas amenazas no desaparecen. Mutan, resisten, se esconden.\u00a0<strong>Las plagas no tienen prisa<\/strong>, porque su ventaja no es la fuerza, sino la adaptabilidad.<\/p>\n<p>\t<img width=\"255\" height=\"143\" src=\"https:\/\/www.europesays.com\/es\/wp-content\/uploads\/2025\/09\/Portada-normal-488.jpg\" class=\"wp-image-579073\" alt=\"\" decoding=\"async\" fetchpriority=\"auto\" loading=\"lazy\"  \/><\/p>\n<p class=\"post-card__title\">\n<p>\t\t\t\t\t\t\t<a href=\"https:\/\/www.muyinteresante.com\/salud\/salmonella-huevo-secretos-zoonosis.html\" class=\"post-card__title-link\" rel=\"nofollow noopener\" target=\"_blank\">Zoonosis: las enfermedades silenciosas que est\u00e1n cambiando el equilibrio entre humanos y animales<\/a><\/p>\n<ul>\n<li>\n\t\t\t\t\t\t\t\t\t\t\t\t\t\t\tEugenio M. Fern\u00e1ndez Aguilar\t\t\t\t\t\t\t\t\t\t\t\t\t<\/li>\n<\/ul>\n<p>La supervivencia del que sabe esperar<\/p>\n<p>Si algo deja claro este cap\u00edtulo \u2014y el libro en su conjunto\u2014 es que la evoluci\u00f3n\u00a0<strong>no premia al m\u00e1s inteligente ni al m\u00e1s fuerte, sino al que mejor se adapta<\/strong>. Las plagas no ganan por estrategia, sino por constancia. No buscan el conflicto, pero\u00a0<strong>se benefician de cada grieta que dejamos<\/strong>: cambios clim\u00e1ticos, urbanizaci\u00f3n descontrolada, viajes globales, desigualdades sanitarias.<\/p>\n<p>Nuestra especie ha logrado haza\u00f1as impresionantes, pero lo ha hecho dejando muchos frentes abiertos. Y all\u00ed, en esos m\u00e1rgenes, prosperan las plagas. En ese sentido, el libro no es solo una cr\u00f3nica del pasado, sino\u00a0<strong>una advertencia sobre el presente y el futuro<\/strong>. Porque mientras miramos hacia Marte, en la Tierra seguimos perdiendo guerras contra mosquitos, bacterias y par\u00e1sitos.<\/p>\n<p><img loading=\"lazy\" decoding=\"async\" src=\"https:\/\/www.europesays.com\/es\/wp-content\/uploads\/2025\/09\/plagas1.jpg\" alt=\"\" class=\"wp-image-612133\" width=\"665\" height=\"1024\"  \/><\/p>\n","protected":false},"excerpt":{"rendered":"Creado: 29.09.2025 | 22:20 Actualizado: 29.09.2025 | 22:20 Nos gusta pensar que controlamos el mundo, pero la historia&hellip;\n","protected":false},"author":2,"featured_media":147617,"comment_status":"","ping_status":"","sticky":false,"template":"","format":"standard","meta":{"footnotes":""},"categories":[172],"tags":[224,146,147,25,24,225,23],"class_list":{"0":"post-147616","1":"post","2":"type-post","3":"status-publish","4":"format-standard","5":"has-post-thumbnail","7":"category-libros","8":"tag-books","9":"tag-entertainment","10":"tag-entretenimiento","11":"tag-es","12":"tag-espana","13":"tag-libros","14":"tag-spain"},"share_on_mastodon":{"url":"","error":""},"_links":{"self":[{"href":"https:\/\/www.europesays.com\/es\/wp-json\/wp\/v2\/posts\/147616","targetHints":{"allow":["GET"]}}],"collection":[{"href":"https:\/\/www.europesays.com\/es\/wp-json\/wp\/v2\/posts"}],"about":[{"href":"https:\/\/www.europesays.com\/es\/wp-json\/wp\/v2\/types\/post"}],"author":[{"embeddable":true,"href":"https:\/\/www.europesays.com\/es\/wp-json\/wp\/v2\/users\/2"}],"replies":[{"embeddable":true,"href":"https:\/\/www.europesays.com\/es\/wp-json\/wp\/v2\/comments?post=147616"}],"version-history":[{"count":0,"href":"https:\/\/www.europesays.com\/es\/wp-json\/wp\/v2\/posts\/147616\/revisions"}],"wp:featuredmedia":[{"embeddable":true,"href":"https:\/\/www.europesays.com\/es\/wp-json\/wp\/v2\/media\/147617"}],"wp:attachment":[{"href":"https:\/\/www.europesays.com\/es\/wp-json\/wp\/v2\/media?parent=147616"}],"wp:term":[{"taxonomy":"category","embeddable":true,"href":"https:\/\/www.europesays.com\/es\/wp-json\/wp\/v2\/categories?post=147616"},{"taxonomy":"post_tag","embeddable":true,"href":"https:\/\/www.europesays.com\/es\/wp-json\/wp\/v2\/tags?post=147616"}],"curies":[{"name":"wp","href":"https:\/\/api.w.org\/{rel}","templated":true}]}}