{"id":147620,"date":"2025-09-30T01:20:25","date_gmt":"2025-09-30T01:20:25","guid":{"rendered":"https:\/\/www.europesays.com\/es\/147620\/"},"modified":"2025-09-30T01:20:25","modified_gmt":"2025-09-30T01:20:25","slug":"su-edad-su-pareja-hijos-de-donde-es-y-su-nombre-real","status":"publish","type":"post","link":"https:\/\/www.europesays.com\/es\/147620\/","title":{"rendered":"su edad, su pareja, hijos, de d\u00f3nde es y su nombre real"},"content":{"rendered":"<p><strong>Mala Rodr\u00edguez<\/strong> es uno de los talentos que colabora para que la industria musical espa\u00f1ola continue creciendo. Durante los \u00faltimos a\u00f1os, han sido muchos los rostros que han logrado hacerse un hueco en este complicado, pero apasionante mundo. Una larga lista de voces inigualables donde no falta su nombre. Y es que la cantante no solo ha batido numerosos r\u00e9cords con su m\u00fasica, sino que tambi\u00e9n <strong>ha conseguido ganarse el cari\u00f1o del p\u00fablico por su humildad, carisma y forma de ser.<\/strong> Una serie de ingredientes que la han llevado a ser la artista que es actualmente.\u00a0<\/p>\n<p><strong>Mar\u00eda Rodr\u00edguez Garrido<\/strong>, conocida art\u00edsticamente como Mala Rodr\u00edguez, es una <strong>rapera espa\u00f1ola conocida por su caracter\u00edstico estilo aflamencado<\/strong>. Una esencia musical \u00fanica que lleva muy presente por su<strong> origen\u00a0roman\u00ed\u00a0andaluz.<\/strong> Por ello, nos hemos puesto manos a la obra para analizar, brevemente, el lado m\u00e1s profesional y el m\u00e1s personal de la artista. Una investigaci\u00f3n absolutamente prometedora que ayudar\u00e1 a todos aquellos que todav\u00eda no han tenido el placer de descubrir la carrera de la cantante.<strong> \u00a1As\u00ed se presenta!<\/strong><\/p>\n<p>Edad, de d\u00f3nde es y d\u00f3nde vive Mala Rodr\u00edguez<\/p>\n<p class=\"p1\">Mar\u00eda Rodriguez Garrido, m\u00e1s conocida como <strong>Mala Rodr\u00edguez<\/strong>,\u00a0naci\u00f3 el <b>13 de febrero de 1979<\/b> en Jerez de la Frontera (<b>C\u00e1diz<\/b>). Con dos a\u00f1os se traslado al barrio sevillano de La Macarena junto con su familia.<\/p>\n<p class=\"p1\">Tras residir varios a\u00f1os en Sant Cugat del Vall\u00e8s, la artista de <strong>46 a\u00f1os<\/strong> vive actualmente en <strong>Barcelona<\/strong>, ciudad que le encanta por su entorno natural y en la que mantiene una vida activa junto a su familia.<\/p>\n<p><img loading=\"lazy\" decoding=\"async\" class=\"size-medium wp-image-14402409\" alt=\"Mala Rodr\u00edguez en el photocall de 'MalaRodriguezConcert'. (Foto: Gtres) \" width=\"620\" height=\"349\"  src=\"https:\/\/www.europesays.com\/es\/wp-content\/uploads\/2025\/09\/cw-620x349.jpg\" \/> Mala Rodr\u00edguez en el photocall de \u2018MalaRodriguezConcert\u2019. (Foto: Gtres)<\/p>\n<p>La carrera profesional de Mala Rodr\u00edguez<\/p>\n<p>Trabaj\u00f3 de camarera, profesora de aer\u00f3bic y operaria de limpieza, pero su sue\u00f1o siempre fue dedicarse a la m\u00fasica. Por ello,<strong> a los 19 a\u00f1os se uni\u00f3 al\u00a0sello Zona Bruta<\/strong>, con el que realiz\u00f3 su primer trabajo: A jierro.<\/p>\n<p>Su <strong>primer proyecto discogr\u00e1fico<\/strong> fue bautizado bajo el t\u00edtulo de <strong>Lujo ib\u00e9rico<\/strong>,\u00a0en el a\u00f1o 2000. Una primera toma de contacto con el mercado musical con el que <strong>lleg\u00f3 a vender m\u00e1s de 50.000 copias<\/strong>, lo que le dio su primer disco de oro. Lejos de quedar ah\u00ed, la popularidad de la andaluza fue creciendo con el paso de los a\u00f1os.<\/p>\n<p><img loading=\"lazy\" decoding=\"async\" class=\"size-medium wp-image-14402508\" alt=\"Mala Rodr\u00edguez en concierto. (Foto: Gtres) \" width=\"620\" height=\"349\"  src=\"https:\/\/www.europesays.com\/es\/wp-content\/uploads\/2025\/09\/qwdqw-620x349.jpg\" \/> Mala Rodr\u00edguez en concierto. (Foto: Gtres)<\/p>\n<p>Hasta la fecha, Mala Rodr\u00edguez <strong>ha publicado un total de 7 discos<\/strong>, siendo el \u00faltimo Un mundo raro. Una carrera absolutamente espectacular que le ha llevado a colaborar con grandes estrellas de la industria musical. Una larga lista donde figuran nombres como <strong>Villano Antillano, Omar Montes, Maikel Delacalle, Lola \u00cdndigo, Beatriz Luengo o Juan Magan<\/strong>, entre otros.<\/p>\n<p>Y es que, Mala Rodr\u00edguez ha sido la mente maestra de lanzar al mundo <strong>\u00e9xitos musicales como Contigo, Dame bien, Gitanas, Aguante, 33 o La l\u00edder del rap.<\/strong> Una serie de sencillos con los que ha sido muy aplaudida.<\/p>\n<p>Su lado m\u00e1s personal: sus hijos y su pareja<\/p>\n<p>En redes sociales, Mala Rodr\u00edguez siempre intenta mantenerse en contacto con su p\u00fablico. En plataformas como <strong>Instagram<\/strong>, la artista cosecha <strong>m\u00e1s de 1,4 millones de seguidores.<\/strong> Todo ello sumado a sus m\u00e1s de <strong>536.000 en su canal de YouTube y sus 313.000 en X<\/strong> (anteriormente conocido como Twitter).<\/p>\n<p>La cantante siempre se ha mostrado<strong> muy reservada con ciertos aspectos de su vida privada<\/strong>, por lo que es poco lo que se sabe de su vida amorosa. Aun as\u00ed, se sabe que <strong>mantuvo una relaci\u00f3n<\/strong>, entre 2005 y 2010, <strong>con el rapero cubano Reynor Hern\u00e1ndez.<\/strong> Un romance del que nacieron <strong>sus dos primeros hijos, Ckarell y Abraham. <\/strong>La peque\u00f1a de todos, <strong>Romina<\/strong>, lleg\u00f3 al mundo en un periodo en el que Mala se alej\u00f3 de la m\u00fasica y se mud\u00f3 a Estados Unidos.<\/p>\n<p><img loading=\"lazy\" decoding=\"async\" class=\"size-medium wp-image-14402459\" alt=\"Mala Rodr\u00edguez en su cuenta de Instagram.\" width=\"620\" height=\"530\"  src=\"https:\/\/www.europesays.com\/es\/wp-content\/uploads\/2025\/09\/captura-de-pantalla-2025-03-07-a-las-11.30.51-620x530.jpg\" \/> Mala Rodr\u00edguez en su cuenta de Instagram.<\/p>\n<p>Cabe se\u00f1alar que, aunque no da nombres en su libro, <strong>fue v\u00edctima de una relaci\u00f3n t\u00f3xica.<\/strong> Pues, durante una gira,<strong> s<\/strong><b>e qued\u00f3 embarazada por segunda vez en dos a\u00f1os.\u00a0<\/b>Una situaci\u00f3n que la llev\u00f3 a reflexionar y a pensar qu\u00e9 lo que estaba viviendo con su pareja no era lo que deseaba.<\/p>\n<p>\u00ab<b>No es f\u00e1cil salir de una c\u00e1rcel,<\/b> sobre todo psicol\u00f3gica: yo estaba totalmente presa, en un penal con much\u00edsima pena. Mi bienestar y mi persona me daban igual,<b> llegu\u00e9 incluso a pensar que follar sin querer era lo normal<\/b>\u00bb, cuenta en el libro Como ser mala.<\/p>\n<p>En 2020 tambi\u00e9n sali\u00f3 a la luz una noticia que sorprendi\u00f3 a muchos de sus seguidores. Mala Rodr\u00edguez anunciaba que ten\u00eda una cuenta de\u00a0OnlyFans, algo que gener\u00f3 mucha pol\u00e9mica. Asegura que lo hizo por curiosidad: \u00abPensaba que era como LinkedIn\u00bb.<\/p>\n<p>A\u00f1os m\u00e1s tarde ha reconocido que acab\u00f3 cerrando su cuenta de OnlyFans\u00a0despu\u00e9s de ver \u00abcosas que no desear\u00eda haber visto\u00bb.<\/p>\n<p>Cu\u00e1nto cobraba Mala Rodr\u00edguez en OnlyFans<\/p>\n<p>Seg\u00fan se ha podido saber, Mala Rodr\u00edguez cobraba una suscripci\u00f3n de 20 euros al mes a cada seguidor, pero no se puede estimar cu\u00e1nto dinero gan\u00f3 durante el tiempo que su perfil estuvo abierto.<\/p>\n","protected":false},"excerpt":{"rendered":"Mala Rodr\u00edguez es uno de los talentos que colabora para que la industria musical espa\u00f1ola continue creciendo. Durante&hellip;\n","protected":false},"author":2,"featured_media":147621,"comment_status":"","ping_status":"","sticky":false,"template":"","format":"standard","meta":{"footnotes":""},"categories":[170],"tags":[146,147,25,24,184,185,23],"class_list":{"0":"post-147620","1":"post","2":"type-post","3":"status-publish","4":"format-standard","5":"has-post-thumbnail","7":"category-musica","8":"tag-entertainment","9":"tag-entretenimiento","10":"tag-es","11":"tag-espana","12":"tag-music","13":"tag-musica","14":"tag-spain"},"share_on_mastodon":{"url":"","error":""},"_links":{"self":[{"href":"https:\/\/www.europesays.com\/es\/wp-json\/wp\/v2\/posts\/147620","targetHints":{"allow":["GET"]}}],"collection":[{"href":"https:\/\/www.europesays.com\/es\/wp-json\/wp\/v2\/posts"}],"about":[{"href":"https:\/\/www.europesays.com\/es\/wp-json\/wp\/v2\/types\/post"}],"author":[{"embeddable":true,"href":"https:\/\/www.europesays.com\/es\/wp-json\/wp\/v2\/users\/2"}],"replies":[{"embeddable":true,"href":"https:\/\/www.europesays.com\/es\/wp-json\/wp\/v2\/comments?post=147620"}],"version-history":[{"count":0,"href":"https:\/\/www.europesays.com\/es\/wp-json\/wp\/v2\/posts\/147620\/revisions"}],"wp:featuredmedia":[{"embeddable":true,"href":"https:\/\/www.europesays.com\/es\/wp-json\/wp\/v2\/media\/147621"}],"wp:attachment":[{"href":"https:\/\/www.europesays.com\/es\/wp-json\/wp\/v2\/media?parent=147620"}],"wp:term":[{"taxonomy":"category","embeddable":true,"href":"https:\/\/www.europesays.com\/es\/wp-json\/wp\/v2\/categories?post=147620"},{"taxonomy":"post_tag","embeddable":true,"href":"https:\/\/www.europesays.com\/es\/wp-json\/wp\/v2\/tags?post=147620"}],"curies":[{"name":"wp","href":"https:\/\/api.w.org\/{rel}","templated":true}]}}