{"id":147626,"date":"2025-09-30T01:24:20","date_gmt":"2025-09-30T01:24:20","guid":{"rendered":"https:\/\/www.europesays.com\/es\/147626\/"},"modified":"2025-09-30T01:24:20","modified_gmt":"2025-09-30T01:24:20","slug":"comparten-nuestra-pasion-por-la-calidad-y-el-disfrute-del-diseno","status":"publish","type":"post","link":"https:\/\/www.europesays.com\/es\/147626\/","title":{"rendered":"Comparten nuestra pasi\u00f3n por la calidad y el disfrute del dise\u00f1o"},"content":{"rendered":"<p data-journey-content=\"true\" data-node-id=\"2\" class=\"css-6wxqfj emevuu60\">Marta Ortega contin\u00faa con la innovaci\u00f3n en l\u00ednea creativa de Zara, y seguimos las constantes novedades de sorpresa en sorpresa. Ahora toca un homenaje por todo lo alto. Y es que Marta Ortega sabe como celebrar un cumplea\u00f1os, concretamente el <strong data-node-id=\"2.1\">50 aniversario de la ic\u00f3nica marca espa\u00f1ola Zara<\/strong>, fundada en 1975 por su padre Amancio Ortega. Como broche de oro a un a\u00f1o de celebraciones Zara lanza<strong data-node-id=\"2.3\"> 50 Creators, una colecci\u00f3n muy especial dise\u00f1ada por 50 de los creativos m\u00e1s influyentes del mundo<\/strong> y de muy diferentes y diversos campos: desde Annie Leibovitz, Anna Sui, <a href=\"https:\/\/www.elledecor.com\/es\/arquitectura\/a43232239\/arquitecto-david-chipperfield-premio-pritzker-2023\/\" target=\"_blank\" data-vars-ga-outbound-link=\"https:\/\/www.elledecor.com\/es\/arquitectura\/a43232239\/arquitecto-david-chipperfield-premio-pritzker-2023\/\" data-vars-ga-ux-element=\"Hyperlink\" data-vars-ga-call-to-action=\"David Chipperfield\" data-node-id=\"2.5\" class=\"body-link css-15fjk10 emevuu60\" rel=\"nofollow noopener\">David Chipperfield<\/a>, Kate Moss a Marc Newson, Naomi Campbell, Pedro Almod\u00f3var, Rosal\u00eda, o <a href=\"https:\/\/www.elledecor.com\/es\/arquitectura\/a43912829\/mincasa-prefabricada-modular-norman-foster-diseno\/\" target=\"_blank\" data-vars-ga-outbound-link=\"https:\/\/www.elledecor.com\/es\/arquitectura\/a43912829\/mincasa-prefabricada-modular-norman-foster-diseno\/\" data-vars-ga-ux-element=\"Hyperlink\" data-vars-ga-call-to-action=\"Norman Foster,\" data-node-id=\"2.7\" class=\"body-link css-15fjk10 emevuu60\" rel=\"nofollow noopener\">Norman Foster,<\/a> entre otros. Ellos han sido los dise\u00f1adores de piezas exclusivas no solo de moda sino tambi\u00e9n muebles, l\u00e1mparas, ropa de hogar o incluso un transport\u00edn para macotas.<\/p>\n<p data-journey-content=\"true\" data-node-id=\"5\" class=\"css-6wxqfj emevuu60\">Esta colaboraci\u00f3n quiere reflejar el esp\u00edritu innovador y accesible de la marca, reconocida por su capacidad de llevar dise\u00f1o de alta calidad a una audiencia global. <strong data-node-id=\"5.1\">Marta Ortega P\u00e9rez, presidenta no ejecutiva de Inditex<\/strong>, coment\u00f3: \u00abEs un honor que estos artistas hayan elegido celebrar nuestro aniversario con nosotros con esta colecci\u00f3n. Comparten nuestra pasi\u00f3n por la calidad y el disfrute del dise\u00f1o, valores que han sido fundamentales en Zara desde su inicio.\u00bb<\/p>\n<p><img draggable=\"true\" alt=\"zara coleccion 50 creators\" title=\"zara coleccion 50 creators\" loading=\"lazy\" width=\"2500\" height=\"3126\" decoding=\"async\" data-nimg=\"1\" style=\"color:transparent;width:100%;height:auto;\"   src=\"https:\/\/www.europesays.com\/es\/wp-content\/uploads\/2025\/09\/2025-08-04-zara-50th-kate-moss-angle-0932-68da626eda900.jpg\" class=\"css-0 e1g79fud0\"\/><a target=\"_blank\" rel=\"noopener nofollow\" data-theme-key=\"base-link\" href=\"https:\/\/pinterest.com\/pin\/create\/button\/?url=https:\/\/www.elledecor.com\/es\/decoracion\/a68110584\/zara-aniversario-coleccion-50\/&amp;description=elledecoresp&amp;media=https:\/\/hips.hearstapps.com\/hmg-prod\/images\/2025-08-04-zara-50th-kate-moss-angle-0932-68da626eda900.jpg?resize=1600:*\" class=\"pinterest css-on9hn5 e1c1bym14\"><img decoding=\"async\" data-dynamic-svg=\"true\" src=\"https:\/\/www.elledecor.com\/_assets\/design-tokens\/fre\/static\/icons\/social\/pinterest.e8cf655.svg?primary=%2523ffffff\" loading=\"lazy\" data-testid=\"dynamic-svg-base\" height=\"auto\" width=\"auto\" alt=\"pinterest\" class=\"css-4lml0h e1mlxuuw1\"\/><\/a>Cortesia Zara<\/p>\n<p>Pieza dise\u00f1ada por Kate Moss.<\/p>\n<p><img draggable=\"true\" alt=\"zara coleccion 50 creators\" title=\"zara coleccion 50 creators\" loading=\"lazy\" width=\"2500\" height=\"3335\" decoding=\"async\" data-nimg=\"1\" style=\"color:transparent;width:100%;height:auto;\"   src=\"https:\/\/www.europesays.com\/es\/wp-content\/uploads\/2025\/09\/paolo-roversi-view-01-opt2-0012-68da626ed86a6.jpg\" class=\"css-0 e1g79fud0\"\/><a target=\"_blank\" rel=\"noopener nofollow\" data-theme-key=\"base-link\" href=\"https:\/\/pinterest.com\/pin\/create\/button\/?url=https:\/\/www.elledecor.com\/es\/decoracion\/a68110584\/zara-aniversario-coleccion-50\/&amp;description=elledecoresp&amp;media=https:\/\/hips.hearstapps.com\/hmg-prod\/images\/paolo-roversi-view-01-opt2-0012-68da626ed86a6.jpg?resize=1600:*\" class=\"pinterest css-on9hn5 e1c1bym14\"><img decoding=\"async\" data-dynamic-svg=\"true\" src=\"https:\/\/www.elledecor.com\/_assets\/design-tokens\/fre\/static\/icons\/social\/pinterest.e8cf655.svg?primary=%2523ffffff\" loading=\"lazy\" data-testid=\"dynamic-svg-base\" height=\"auto\" width=\"auto\" alt=\"pinterest\" class=\"css-4lml0h e1mlxuuw1\"\/><\/a>Cortesia Zara<\/p>\n<p>L\u00e1mpara dise\u00f1ada por el fot\u00f3grafo Paolo Roversi.<\/p>\n<p data-journey-content=\"true\" data-node-id=\"9\" class=\"css-6wxqfj emevuu60\">Las piezas del proyecto <strong data-node-id=\"9.1\">estar\u00e1n disponibles a partir del 6 de octubre  en Zara.com y en tiendas seleccionadas<\/strong>, aunque antes algunos afortunados podr\u00e1n verlas durante la Semana de la Moda de Par\u00eds, del 2 al 5 de octubre. Habr\u00e1 una pop up especial en el n\u00famero 40 de Avenue Georges V. Este espacio, comisariado por Sarah Andelman, presentar\u00e1 los dise\u00f1os junto con un ciclo de charlas y actividades exclusivas. El evento contar\u00e1 con una banda sonora dise\u00f1ada por Michel Gaubert y un caf\u00e9 a cargo de We Are Ona, manteniendo la energ\u00eda vibrante de este homenaje a la creatividad.<\/p>\n<p>Una colecci\u00f3n exclusiva y solidaria<\/p>\n<p data-journey-content=\"true\" data-node-id=\"14\" class=\"css-6wxqfj emevuu60\">Hay que destacar que todos los beneficios obtenidos de la venta de esta colecci\u00f3n 50 aniversario se destinar\u00e1n a <strong data-node-id=\"14.1\">Women&#8217;s Earth Alliance<\/strong>. La mencionada organizaci\u00f3n trabaja para proteger el medio ambiente a trav\u00e9s del empoderamiento del liderazgo femenino. Adem\u00e1s, Zara har\u00e1 una donaci\u00f3n de 20.000 euros a 50 organizaciones ben\u00e9ficas seleccionadas por los propios artistas. Como comentan desde la firma de Inditex, \u00abeste evento refuerza el compromiso de Zara con la creatividad y el arte, continuando una tradici\u00f3n de colaboraciones anteriores con artistas como Steven Meisel, Samuel Ross y <a href=\"https:\/\/www.elledecor.com\/es\/noticias\/a63818999\/elle-decoration-design-awards-2025-vincent-van-duysen-premio-disenador\/\" target=\"_blank\" data-vars-ga-outbound-link=\"https:\/\/www.elledecor.com\/es\/noticias\/a63818999\/elle-decoration-design-awards-2025-vincent-van-duysen-premio-disenador\/\" data-vars-ga-ux-element=\"Hyperlink\" data-vars-ga-call-to-action=\"Vincent Van Duysen\" data-node-id=\"14.3\" class=\"body-link css-15fjk10 emevuu60\" rel=\"nofollow noopener\">Vincent Van Duysen<\/a>. Una celebraci\u00f3n de dise\u00f1o, arte y cultura, que marca el medio siglo de historia de una de las marcas m\u00e1s queridas y accesibles del mundo\u00bb.<br data-node-id=\"14.5\"\/><\/p>\n<p><img draggable=\"true\" alt=\"zara coleccion 50 creators\" title=\"zara coleccion 50 creators\" loading=\"lazy\" width=\"2500\" height=\"3335\" decoding=\"async\" data-nimg=\"1\" style=\"color:transparent;width:100%;height:auto;\"   src=\"https:\/\/www.europesays.com\/es\/wp-content\/uploads\/2025\/09\/axel-vervoordt-top-front-0007-68da626f2de91.jpg\" class=\"css-0 e1g79fud0\"\/><a target=\"_blank\" rel=\"noopener nofollow\" data-theme-key=\"base-link\" href=\"https:\/\/pinterest.com\/pin\/create\/button\/?url=https:\/\/www.elledecor.com\/es\/decoracion\/a68110584\/zara-aniversario-coleccion-50\/&amp;description=elledecoresp&amp;media=https:\/\/hips.hearstapps.com\/hmg-prod\/images\/axel-vervoordt-top-front-0007-68da626f2de91.jpg?resize=1600:*\" class=\"pinterest css-on9hn5 e1c1bym14\"><img decoding=\"async\" data-dynamic-svg=\"true\" src=\"https:\/\/www.elledecor.com\/_assets\/design-tokens\/fre\/static\/icons\/social\/pinterest.e8cf655.svg?primary=%2523ffffff\" loading=\"lazy\" data-testid=\"dynamic-svg-base\" height=\"auto\" width=\"auto\" alt=\"pinterest\" class=\"css-4lml0h e1mlxuuw1\"\/><\/a>Cortesia Zara<\/p>\n<p>Dise\u00f1o de Axel Vervoordt.<\/p>\n<p><img draggable=\"true\" alt=\"zara coleccion 50 creators\" title=\"zara coleccion 50 creators\" loading=\"lazy\" width=\"2500\" height=\"3335\" decoding=\"async\" data-nimg=\"1\" style=\"color:transparent;width:100%;height:auto;\"   src=\"https:\/\/www.europesays.com\/es\/wp-content\/uploads\/2025\/09\/norman-foster-front-0027-68da626f4ba88.jpg\" class=\"css-0 e1g79fud0\"\/><a target=\"_blank\" rel=\"noopener nofollow\" data-theme-key=\"base-link\" href=\"https:\/\/pinterest.com\/pin\/create\/button\/?url=https:\/\/www.elledecor.com\/es\/decoracion\/a68110584\/zara-aniversario-coleccion-50\/&amp;description=elledecoresp&amp;media=https:\/\/hips.hearstapps.com\/hmg-prod\/images\/norman-foster-front-0027-68da626f4ba88.jpg?resize=1600:*\" class=\"pinterest css-on9hn5 e1c1bym14\"><img decoding=\"async\" data-dynamic-svg=\"true\" src=\"https:\/\/www.elledecor.com\/_assets\/design-tokens\/fre\/static\/icons\/social\/pinterest.e8cf655.svg?primary=%2523ffffff\" loading=\"lazy\" data-testid=\"dynamic-svg-base\" height=\"auto\" width=\"auto\" alt=\"pinterest\" class=\"css-4lml0h e1mlxuuw1\"\/><\/a>Cortesia Zara<\/p>\n<p>Portaolios, de Norman Foster.<\/p>\n<p><img draggable=\"true\" alt=\"zara coleccion 50 creators\" title=\"zara coleccion 50 creators\" loading=\"lazy\" width=\"2500\" height=\"3124\" decoding=\"async\" data-nimg=\"1\" style=\"color:transparent;width:100%;height:auto;\"   src=\"https:\/\/www.europesays.com\/es\/wp-content\/uploads\/2025\/09\/2025-08-04-zara-50th-vincent-van-duysen-view-01-1242-68da626edad71.jpg\" class=\"css-0 e1g79fud0\"\/><a target=\"_blank\" rel=\"noopener nofollow\" data-theme-key=\"base-link\" href=\"https:\/\/pinterest.com\/pin\/create\/button\/?url=https:\/\/www.elledecor.com\/es\/decoracion\/a68110584\/zara-aniversario-coleccion-50\/&amp;description=elledecoresp&amp;media=https:\/\/hips.hearstapps.com\/hmg-prod\/images\/2025-08-04-zara-50th-vincent-van-duysen-view-01-1242-68da626edad71.jpg?resize=1600:*\" class=\"pinterest css-on9hn5 e1c1bym14\"><img decoding=\"async\" data-dynamic-svg=\"true\" src=\"https:\/\/www.elledecor.com\/_assets\/design-tokens\/fre\/static\/icons\/social\/pinterest.e8cf655.svg?primary=%2523ffffff\" loading=\"lazy\" data-testid=\"dynamic-svg-base\" height=\"auto\" width=\"auto\" alt=\"pinterest\" class=\"css-4lml0h e1mlxuuw1\"\/><\/a>Cortesia Zara<\/p>\n<p>Cuenco dise\u00f1ado por Vincent Van Duysen.<\/p>\n<p><img draggable=\"true\" alt=\"zara coleccion 50 creators\" title=\"zara coleccion 50 creators\" loading=\"lazy\" width=\"2500\" height=\"3126\" decoding=\"async\" data-nimg=\"1\" style=\"color:transparent;width:100%;height:auto;\"   src=\"https:\/\/www.europesays.com\/es\/wp-content\/uploads\/2025\/09\/2025-08-04-zara-50th-robbie-williams-angle-1555-68da626fb7435.jpg\" class=\"css-0 e1g79fud0\"\/><a target=\"_blank\" rel=\"noopener nofollow\" data-theme-key=\"base-link\" href=\"https:\/\/pinterest.com\/pin\/create\/button\/?url=https:\/\/www.elledecor.com\/es\/decoracion\/a68110584\/zara-aniversario-coleccion-50\/&amp;description=elledecoresp&amp;media=https:\/\/hips.hearstapps.com\/hmg-prod\/images\/2025-08-04-zara-50th-robbie-williams-angle-1555-68da626fb7435.jpg?resize=1600:*\" class=\"pinterest css-on9hn5 e1c1bym14\"><img decoding=\"async\" data-dynamic-svg=\"true\" src=\"https:\/\/www.elledecor.com\/_assets\/design-tokens\/fre\/static\/icons\/social\/pinterest.e8cf655.svg?primary=%2523ffffff\" loading=\"lazy\" data-testid=\"dynamic-svg-base\" height=\"auto\" width=\"auto\" alt=\"pinterest\" class=\"css-4lml0h e1mlxuuw1\"\/><\/a>Cortesia Zara<\/p>\n<p>Un espejo creado por el cantante Robbie Williams.<\/p>\n<p><img draggable=\"true\" alt=\"zara coleccion 50 creators\" title=\"zara coleccion 50 creators\" loading=\"lazy\" width=\"2500\" height=\"3334\" decoding=\"async\" data-nimg=\"1\" style=\"color:transparent;width:100%;height:auto;\"   src=\"https:\/\/www.europesays.com\/es\/wp-content\/uploads\/2025\/09\/2025-08-04-zara-50th-ludovic-de-saint-sernin-view-02-2667-68da6273ee1cf.jpg\" class=\"css-0 e1g79fud0\"\/><a target=\"_blank\" rel=\"noopener nofollow\" data-theme-key=\"base-link\" href=\"https:\/\/pinterest.com\/pin\/create\/button\/?url=https:\/\/www.elledecor.com\/es\/decoracion\/a68110584\/zara-aniversario-coleccion-50\/&amp;description=elledecoresp&amp;media=https:\/\/hips.hearstapps.com\/hmg-prod\/images\/2025-08-04-zara-50th-ludovic-de-saint-sernin-view-02-2667-68da6273ee1cf.jpg?resize=1600:*\" class=\"pinterest css-on9hn5 e1c1bym14\"><img decoding=\"async\" data-dynamic-svg=\"true\" src=\"https:\/\/www.elledecor.com\/_assets\/design-tokens\/fre\/static\/icons\/social\/pinterest.e8cf655.svg?primary=%2523ffffff\" loading=\"lazy\" data-testid=\"dynamic-svg-base\" height=\"auto\" width=\"auto\" alt=\"pinterest\" class=\"css-4lml0h e1mlxuuw1\"\/><\/a>Cortesia Zara<\/p>\n<p>Una silla, obra del dise\u00f1dor de moda belga Ludovic de Saint Sernin.<\/p>\n<p><img draggable=\"true\" alt=\"zara coleccion 50 creators\" title=\"zara coleccion 50 creators\" loading=\"lazy\" width=\"2500\" height=\"3126\" decoding=\"async\" data-nimg=\"1\" style=\"color:transparent;width:100%;height:auto;\"   src=\"https:\/\/www.europesays.com\/es\/wp-content\/uploads\/2025\/09\/2025-08-04-zara-50th-david-sims-02-front-0749-68da6274e22e5.jpg\" class=\"css-0 e1g79fud0\"\/><a target=\"_blank\" rel=\"noopener nofollow\" data-theme-key=\"base-link\" href=\"https:\/\/pinterest.com\/pin\/create\/button\/?url=https:\/\/www.elledecor.com\/es\/decoracion\/a68110584\/zara-aniversario-coleccion-50\/&amp;description=elledecoresp&amp;media=https:\/\/hips.hearstapps.com\/hmg-prod\/images\/2025-08-04-zara-50th-david-sims-02-front-0749-68da6274e22e5.jpg?resize=1600:*\" class=\"pinterest css-on9hn5 e1c1bym14\"><img decoding=\"async\" data-dynamic-svg=\"true\" src=\"https:\/\/www.elledecor.com\/_assets\/design-tokens\/fre\/static\/icons\/social\/pinterest.e8cf655.svg?primary=%2523ffffff\" loading=\"lazy\" data-testid=\"dynamic-svg-base\" height=\"auto\" width=\"auto\" alt=\"pinterest\" class=\"css-4lml0h e1mlxuuw1\"\/><\/a>Cortesia Zara<\/p>\n<p>Un saco de dormir dise\u00f1o del fot\u00f3grafo David Sims. <\/p>\n<p><img src=\"https:\/\/www.europesays.com\/es\/wp-content\/uploads\/2025\/09\/1759195460_419_ebe73ce5-cc2d-49f0-9bf3-17e1cd3f5a0a_1660891402.file\" alt=\"Headshot of Mar\u00eda Jes\u00fas Revilla\" title=\"Headshot of Mar\u00eda Jes\u00fas Revilla\" width=\"100%\" height=\"100%\" decoding=\"async\" loading=\"lazy\" class=\"css-o0wq4v ev8dhu53\"\/><\/p>\n<p>\u00a0<a href=\"https:\/\/www.linkedin.com\/in\/mar%C3%ADa-jes%C3%BAs-revilla-084a1115b\/\" rel=\"nofollow noopener\" target=\"_blank\">Mar\u00eda Jes\u00fas Revilla<\/a> es experta en temas de decoraci\u00f3n, interiorismo, arquitectura y dise\u00f1o tras una larga trayectoria en publicaciones del sector. \u00a0\u00a0Es licenciada en Periodismo por la Universidad Complutense de Madrid y en sus comienzos profesionales como redactora trabaj\u00f3 en revistas de empresa, femeninas, juveniles, o incluso relacionadas con el mundo del motor.\u00a0<\/p>\n<p>\u00a0Se considera una todoterreno que encontr\u00f3 su sitio y su pasi\u00f3n en la decoraci\u00f3n y el dise\u00f1o de interiores. Le entretiene rastrear y escribir sobre edificios ic\u00f3nicos de la arquitectura del siglo XX, leer y aprender sobre urbanismo sostenible y seguir las tendencias en decoraci\u00f3n.\u00a0<\/p>\n<p>\u00a0Con su trabajo ha descubierto que el interiorismo y la arquitectura influyen mucho en la calidad de vida de las personas y, por lo tanto, tambi\u00e9n pueden contribuir a mejorarla, algo que procura transmitir en todo lo que hace.\u00a0<\/p>\n<p>\u00a0Tras muchos a\u00f1os en la redacci\u00f3n print de Nuevo Estilo, la revista decana de decoraci\u00f3n en Espa\u00f1a, emprendi\u00f3 su andadura en la versi\u00f3n online de Nuevo Estilo y ElleDecor donde, adem\u00e1s de escribir, desarrolla labores de coordinaci\u00f3n de proyectos audiovisuales para la web.\u00a0<\/p>\n<p>\u00a0Mar\u00eda Jes\u00fas sue\u00f1a con tener todo el tiempo del mundo para dedicarse al dolce far niente. A saber: pasear, darse ba\u00f1os en el mar, tomarse un vino y pasear un rato m\u00e1s (y tomarse otro vino)\u2026 sin preocupaciones.\u00a0<\/p>\n","protected":false},"excerpt":{"rendered":"Marta Ortega contin\u00faa con la innovaci\u00f3n en l\u00ednea creativa de Zara, y seguimos las constantes novedades de sorpresa&hellip;\n","protected":false},"author":2,"featured_media":147627,"comment_status":"","ping_status":"","sticky":false,"template":"","format":"standard","meta":{"footnotes":""},"categories":[91],"tags":[253,146,147,25,24,23],"class_list":{"0":"post-147626","1":"post","2":"type-post","3":"status-publish","4":"format-standard","5":"has-post-thumbnail","7":"category-entretenimiento","8":"tag-discover","9":"tag-entertainment","10":"tag-entretenimiento","11":"tag-es","12":"tag-espana","13":"tag-spain"},"share_on_mastodon":{"url":"","error":""},"_links":{"self":[{"href":"https:\/\/www.europesays.com\/es\/wp-json\/wp\/v2\/posts\/147626","targetHints":{"allow":["GET"]}}],"collection":[{"href":"https:\/\/www.europesays.com\/es\/wp-json\/wp\/v2\/posts"}],"about":[{"href":"https:\/\/www.europesays.com\/es\/wp-json\/wp\/v2\/types\/post"}],"author":[{"embeddable":true,"href":"https:\/\/www.europesays.com\/es\/wp-json\/wp\/v2\/users\/2"}],"replies":[{"embeddable":true,"href":"https:\/\/www.europesays.com\/es\/wp-json\/wp\/v2\/comments?post=147626"}],"version-history":[{"count":0,"href":"https:\/\/www.europesays.com\/es\/wp-json\/wp\/v2\/posts\/147626\/revisions"}],"wp:featuredmedia":[{"embeddable":true,"href":"https:\/\/www.europesays.com\/es\/wp-json\/wp\/v2\/media\/147627"}],"wp:attachment":[{"href":"https:\/\/www.europesays.com\/es\/wp-json\/wp\/v2\/media?parent=147626"}],"wp:term":[{"taxonomy":"category","embeddable":true,"href":"https:\/\/www.europesays.com\/es\/wp-json\/wp\/v2\/categories?post=147626"},{"taxonomy":"post_tag","embeddable":true,"href":"https:\/\/www.europesays.com\/es\/wp-json\/wp\/v2\/tags?post=147626"}],"curies":[{"name":"wp","href":"https:\/\/api.w.org\/{rel}","templated":true}]}}