{"id":147636,"date":"2025-09-30T01:35:27","date_gmt":"2025-09-30T01:35:27","guid":{"rendered":"https:\/\/www.europesays.com\/es\/147636\/"},"modified":"2025-09-30T01:35:27","modified_gmt":"2025-09-30T01:35:27","slug":"quiza-fue-agotamiento-por-tener-que-cubrir-ella-sola-otros-shows","status":"publish","type":"post","link":"https:\/\/www.europesays.com\/es\/147636\/","title":{"rendered":"Quiz\u00e1 fue agotamiento por tener que cubrir ella sola otros shows"},"content":{"rendered":"<p>Una joven espa\u00f1ola de <b>26 a\u00f1os<\/b> ha fallecido tras caer de un trapecio en pleno espect\u00e1culo circense. Esta <b>cay\u00f3 desde una altura de cinco metros<\/b> y falleci\u00f3 all\u00ed mismo, delante de unas cien personas.<\/p>\n<p>En Y ahora Sonsoles<b> hemos hablado con la madre de la joven<\/b>, que nos cuenta que su hija se encontraba muy cansada y trabajaba muchas horas. \u00ab<b>Fue un accidente<\/b>, por distracci\u00f3n, agotamiento o estr\u00e9s\u00bb, advierte, \u00abquiz\u00e1 el agotamiento por tener que cubrir ella sola otros shows\u00bb.<\/p>\n<p>La madre de la joven asegura que su hija era muy responsable y trabajaba mucho para poder pagarse una caravana. Sin embargo, cree que el circo tiene algo de culpa por haberla cargado con tanto trabajo. <b>\u00abEl circo lo primero que te dice es que ella lo acept\u00f3\u00bb<\/b>, se\u00f1ala.<\/p>\n<p>Mientras el presidente de la Asociaci\u00f3n Alemana de Circos habla de un suceso puntual, algunos creen que la joven debi\u00f3 actuar con m\u00e1s seguridad. En su caso, no utilizaba arn\u00e9s porque algunos acr\u00f3batas lo consideran un impedimento durante las actuaciones.<\/p>\n","protected":false},"excerpt":{"rendered":"Una joven espa\u00f1ola de 26 a\u00f1os ha fallecido tras caer de un trapecio en pleno espect\u00e1culo circense. Esta&hellip;\n","protected":false},"author":2,"featured_media":147637,"comment_status":"","ping_status":"","sticky":false,"template":"","format":"standard","meta":{"footnotes":""},"categories":[5],"tags":[17,18,25,24,13,14,11,19,20,9,10,15,16,23,12,21,22],"class_list":{"0":"post-147636","1":"post","2":"type-post","3":"status-publish","4":"format-standard","5":"has-post-thumbnail","7":"category-titulares","8":"tag-breaking-news","9":"tag-breakingnews","10":"tag-es","11":"tag-espana","12":"tag-featured-news","13":"tag-featurednews","14":"tag-headlines","15":"tag-latest-news","16":"tag-latestnews","17":"tag-news","18":"tag-noticias","19":"tag-noticias-destacadas","20":"tag-noticiasdestacadas","21":"tag-spain","22":"tag-titulares","23":"tag-ultimas-noticias","24":"tag-ultimasnoticias"},"share_on_mastodon":{"url":"","error":""},"_links":{"self":[{"href":"https:\/\/www.europesays.com\/es\/wp-json\/wp\/v2\/posts\/147636","targetHints":{"allow":["GET"]}}],"collection":[{"href":"https:\/\/www.europesays.com\/es\/wp-json\/wp\/v2\/posts"}],"about":[{"href":"https:\/\/www.europesays.com\/es\/wp-json\/wp\/v2\/types\/post"}],"author":[{"embeddable":true,"href":"https:\/\/www.europesays.com\/es\/wp-json\/wp\/v2\/users\/2"}],"replies":[{"embeddable":true,"href":"https:\/\/www.europesays.com\/es\/wp-json\/wp\/v2\/comments?post=147636"}],"version-history":[{"count":0,"href":"https:\/\/www.europesays.com\/es\/wp-json\/wp\/v2\/posts\/147636\/revisions"}],"wp:featuredmedia":[{"embeddable":true,"href":"https:\/\/www.europesays.com\/es\/wp-json\/wp\/v2\/media\/147637"}],"wp:attachment":[{"href":"https:\/\/www.europesays.com\/es\/wp-json\/wp\/v2\/media?parent=147636"}],"wp:term":[{"taxonomy":"category","embeddable":true,"href":"https:\/\/www.europesays.com\/es\/wp-json\/wp\/v2\/categories?post=147636"},{"taxonomy":"post_tag","embeddable":true,"href":"https:\/\/www.europesays.com\/es\/wp-json\/wp\/v2\/tags?post=147636"}],"curies":[{"name":"wp","href":"https:\/\/api.w.org\/{rel}","templated":true}]}}